{"id":859,"date":"2017-04-05T14:42:07","date_gmt":"2017-04-05T17:42:07","guid":{"rendered":"https:\/\/pointer.com.br\/blog\/?p=859\/"},"modified":"2017-12-26T15:41:39","modified_gmt":"2017-12-26T17:41:39","slug":"banheiros-deslumbrantes-com-solucoes-criativas","status":"publish","type":"post","link":"https:\/\/pointer.com.br\/blog\/banheiros-deslumbrantes-com-solucoes-criativas\/","title":{"rendered":"Banheiros deslumbrantes com solu\u00e7\u00f5es criativas"},"content":{"rendered":"<p>Ficou para tr\u00e1s o tempo em que os banheiros eram ambientes apenas funcionais, sem cor e sem gra\u00e7a. Com revestimentos e acess\u00f3rios, \u00e9 poss\u00edvel criar decora\u00e7\u00f5es deslumbrantes para o espa\u00e7o, transformando o banheiro num verdadeiro spa. Para te inspirar na composi\u00e7\u00e3o do seu, selecionamos cinco projetos de cair o queixo. Eles s\u00e3o rebuscados, contam com revestimentos incr\u00edveis, solu\u00e7\u00f5es criativas e diferentes acabamos. Preparado para embarcar num mundo de sonhos? Vamos l\u00e1!<\/p>\n<p><strong>Banheiro jardim<\/strong><\/p>\n<p>&nbsp;<\/p>\n<div id=\"attachment_861\" style=\"width: 650px\" class=\"wp-caption aligncenter\"><img loading=\"lazy\" decoding=\"async\" aria-describedby=\"caption-attachment-861\" class=\"wp-image-861 size-full\" src=\"https:\/\/pointer.com.br\/blog\/wp-content\/uploads\/2017\/04\/mk27_txai_fernandoguerra-37.jpg\" width=\"640\" height=\"681\" srcset=\"https:\/\/pointer.com.br\/blog\/wp-content\/uploads\/2017\/04\/mk27_txai_fernandoguerra-37.jpg 640w, https:\/\/pointer.com.br\/blog\/wp-content\/uploads\/2017\/04\/mk27_txai_fernandoguerra-37-282x300.jpg 282w\" sizes=\"auto, (max-width: 640px) 100vw, 640px\" \/><p id=\"caption-attachment-861\" class=\"wp-caption-text\">Projeto: Studio mk27<\/p><\/div>\n<p>\u00c9 um banheiro ou um jardim? O incr\u00edvel banheiro desta casa em Itacar\u00e9, na Bahia, se abre para uma \u00e1rea descoberta forrada por grama e cercada por paredes de pedras e plantas. Um verdadeiro sonho tropical! Do lado de dentro, fica a parte funcional do banheiro, sobre o deque. Mas basta dar alguns passos \u2013 n\u00e3o h\u00e1 qualquer divis\u00f3ria \u2013 para acessar o chuveir\u00e3o ao ar livre.<\/p>\n<div id=\"attachment_860\" style=\"width: 650px\" class=\"wp-caption aligncenter\"><img loading=\"lazy\" decoding=\"async\" aria-describedby=\"caption-attachment-860\" class=\"size-large wp-image-860\" src=\"https:\/\/pointer.com.br\/blog\/wp-content\/uploads\/2017\/04\/40553_atacama_terra_60x60_mate_01-1024x1024.jpg\" alt=\"Pedras naturais s\u00e3o um lindo revestimento, com texturas fascinantes. Se voc\u00ea gosta deste estilo, mas busca por algo que demande menos manuten\u00e7\u00e3o, aposte em cer\u00e2micas que reproduzem pedras, como a Atacama Terra\" width=\"640\" height=\"640\" srcset=\"https:\/\/pointer.com.br\/blog\/wp-content\/uploads\/2017\/04\/40553_atacama_terra_60x60_mate_01-1024x1024.jpg 1024w, https:\/\/pointer.com.br\/blog\/wp-content\/uploads\/2017\/04\/40553_atacama_terra_60x60_mate_01-150x150.jpg 150w, https:\/\/pointer.com.br\/blog\/wp-content\/uploads\/2017\/04\/40553_atacama_terra_60x60_mate_01-300x300.jpg 300w, https:\/\/pointer.com.br\/blog\/wp-content\/uploads\/2017\/04\/40553_atacama_terra_60x60_mate_01-768x768.jpg 768w, https:\/\/pointer.com.br\/blog\/wp-content\/uploads\/2017\/04\/40553_atacama_terra_60x60_mate_01.jpg 1181w\" sizes=\"auto, (max-width: 640px) 100vw, 640px\" \/><p id=\"caption-attachment-860\" class=\"wp-caption-text\">Pedras naturais s\u00e3o um lindo revestimento, com texturas fascinantes. Se voc\u00ea gosta deste estilo, mas busca por algo que demande menos manuten\u00e7\u00e3o, aposte em cer\u00e2micas que reproduzem pedras, como a Atacama Terra<\/p><\/div>\n<p><strong>Formas org\u00e2nicas<\/strong><\/p>\n<p>&nbsp;<\/p>\n<div id=\"attachment_862\" style=\"width: 650px\" class=\"wp-caption aligncenter\"><img loading=\"lazy\" decoding=\"async\" aria-describedby=\"caption-attachment-862\" class=\"wp-image-862 size-full\" src=\"https:\/\/pointer.com.br\/blog\/wp-content\/uploads\/2017\/04\/150805_ERNESTO-NETO-19.jpg\" width=\"640\" height=\"960\" srcset=\"https:\/\/pointer.com.br\/blog\/wp-content\/uploads\/2017\/04\/150805_ERNESTO-NETO-19.jpg 640w, https:\/\/pointer.com.br\/blog\/wp-content\/uploads\/2017\/04\/150805_ERNESTO-NETO-19-200x300.jpg 200w\" sizes=\"auto, (max-width: 640px) 100vw, 640px\" \/><p id=\"caption-attachment-862\" class=\"wp-caption-text\">Casa Ernersto Neto<\/p><\/div>\n<p>Pastilhas em dois tons de verde criam hipnotizantes formas org\u00e2nicas neste banheiro. A atmosfera \u00e9 surrealista, seja pelas cores, seja pelos contornos, seja pela onipresen\u00e7a do revestimento, no piso e nas paredes. A bancada e a pia tamb\u00e9m tem contornos arredondados.<\/p>\n<p>&nbsp;<\/p>\n<div id=\"attachment_863\" style=\"width: 518px\" class=\"wp-caption aligncenter\"><img loading=\"lazy\" decoding=\"async\" aria-describedby=\"caption-attachment-863\" class=\"wp-image-863 size-large\" src=\"https:\/\/pointer.com.br\/blog\/wp-content\/uploads\/2017\/04\/40019_decora_bossa_30x60_br_2-508x1024.jpg\" width=\"508\" height=\"1024\" srcset=\"https:\/\/pointer.com.br\/blog\/wp-content\/uploads\/2017\/04\/40019_decora_bossa_30x60_br_2-508x1024.jpg 508w, https:\/\/pointer.com.br\/blog\/wp-content\/uploads\/2017\/04\/40019_decora_bossa_30x60_br_2-149x300.jpg 149w, https:\/\/pointer.com.br\/blog\/wp-content\/uploads\/2017\/04\/40019_decora_bossa_30x60_br_2.jpg 586w\" sizes=\"auto, (max-width: 508px) 100vw, 508px\" \/><p id=\"caption-attachment-863\" class=\"wp-caption-text\">Gosta de pastilhas no banheiro? Um bom substituto \u00e9 a cer\u00e2mica que reproduz pastilha. Por se tratarem de pe\u00e7as maiores, o produto sai mais em conta e a instala\u00e7\u00e3o \u00e9 mais f\u00e1cil. Aqui, a Decora Bossa<\/p><\/div>\n<p><strong>Banho com vista<\/strong><\/p>\n<p>&nbsp;<\/p>\n<div id=\"attachment_864\" style=\"width: 650px\" class=\"wp-caption aligncenter\"><img loading=\"lazy\" decoding=\"async\" aria-describedby=\"caption-attachment-864\" class=\"wp-image-864 size-full\" src=\"https:\/\/pointer.com.br\/blog\/wp-content\/uploads\/2017\/04\/IMG_3269_70.jpg\" width=\"640\" height=\"427\" srcset=\"https:\/\/pointer.com.br\/blog\/wp-content\/uploads\/2017\/04\/IMG_3269_70.jpg 640w, https:\/\/pointer.com.br\/blog\/wp-content\/uploads\/2017\/04\/IMG_3269_70-300x200.jpg 300w\" sizes=\"auto, (max-width: 640px) 100vw, 640px\" \/><p id=\"caption-attachment-864\" class=\"wp-caption-text\">Projeto: Obra Arquitetos<\/p><\/div>\n<p>Com uma linda vista dessas para o campo, o banheiro corre o risco de se tornar o espa\u00e7o preferido da casa. Enquanto a \u00e1rea \u00edntima fica escondida atr\u00e1s de uma meia parede, o resto do ambiente se abre completamente para o exterior. Uma banheira de alvenaria tem ares de piscina. Repare como, al\u00e9m da paisagem, a abertura tamb\u00e9m permite a passagem da ilumina\u00e7\u00e3o natural.<\/p>\n<p>&nbsp;<\/p>\n<div id=\"attachment_865\" style=\"width: 650px\" class=\"wp-caption aligncenter\"><img loading=\"lazy\" decoding=\"async\" aria-describedby=\"caption-attachment-865\" class=\"wp-image-865 size-large\" src=\"https:\/\/pointer.com.br\/blog\/wp-content\/uploads\/2017\/04\/40551_atacama_grafite_60x60_mate_08-1024x1024.jpg\" width=\"640\" height=\"640\" srcset=\"https:\/\/pointer.com.br\/blog\/wp-content\/uploads\/2017\/04\/40551_atacama_grafite_60x60_mate_08-1024x1024.jpg 1024w, https:\/\/pointer.com.br\/blog\/wp-content\/uploads\/2017\/04\/40551_atacama_grafite_60x60_mate_08-150x150.jpg 150w, https:\/\/pointer.com.br\/blog\/wp-content\/uploads\/2017\/04\/40551_atacama_grafite_60x60_mate_08-300x300.jpg 300w, https:\/\/pointer.com.br\/blog\/wp-content\/uploads\/2017\/04\/40551_atacama_grafite_60x60_mate_08-768x768.jpg 768w, https:\/\/pointer.com.br\/blog\/wp-content\/uploads\/2017\/04\/40551_atacama_grafite_60x60_mate_08.jpg 1181w\" sizes=\"auto, (max-width: 640px) 100vw, 640px\" \/><p id=\"caption-attachment-865\" class=\"wp-caption-text\">A cor cinza \u00e9 neutra, mas tem personalidade. Por isso, \u00e9 a escolha de muitos decoradores. Se voc\u00ea gosta, precisa conhecer o Atacama Grafite. Um tom intenso e lindo de cinza escuro<\/p><\/div>\n<p><strong>Cores e arte<\/strong><\/p>\n<p>&nbsp;<\/p>\n<div id=\"attachment_866\" style=\"width: 650px\" class=\"wp-caption aligncenter\"><img loading=\"lazy\" decoding=\"async\" aria-describedby=\"caption-attachment-866\" class=\"size-full wp-image-866\" src=\"https:\/\/pointer.com.br\/blog\/wp-content\/uploads\/2017\/04\/Jouse_004.jpg\" alt=\"Casa Philippe Jousse\" width=\"640\" height=\"815\" srcset=\"https:\/\/pointer.com.br\/blog\/wp-content\/uploads\/2017\/04\/Jouse_004.jpg 640w, https:\/\/pointer.com.br\/blog\/wp-content\/uploads\/2017\/04\/Jouse_004-236x300.jpg 236w\" sizes=\"auto, (max-width: 640px) 100vw, 640px\" \/><p id=\"caption-attachment-866\" class=\"wp-caption-text\">Casa Philippe Jousse<\/p><\/div>\n<p>A base deste banheiro \u00e9 simples, toda branca. Mas a gra\u00e7a est\u00e1 nas cubas coloridas e na importante obra de arte na parede, de Bernard Frize. Os tons das cubas, feitas artesanalmente em 1991, s\u00e3o os mesmos da tela. Prova de que detalhes vibrantes t\u00eam o poder de mudar o ambiente!<\/p>\n<p>&nbsp;<\/p>\n<div id=\"attachment_867\" style=\"width: 650px\" class=\"wp-caption aligncenter\"><img loading=\"lazy\" decoding=\"async\" aria-describedby=\"caption-attachment-867\" class=\"size-large wp-image-867\" src=\"https:\/\/pointer.com.br\/blog\/wp-content\/uploads\/2017\/04\/40199_neutra_classico_branco_60x60_mate-1024x1021.jpg\" alt=\"Neutro, cl\u00e1ssico, b\u00e1sico, certeiro, branco. Branqu\u00edssimo! Com revestimento branco n\u00e3o tem erro. Aposte no Neutra Cl\u00e1ssico Branco no banheiro e complemente com toques de cor nos acess\u00f3rios\" width=\"640\" height=\"638\" srcset=\"https:\/\/pointer.com.br\/blog\/wp-content\/uploads\/2017\/04\/40199_neutra_classico_branco_60x60_mate-1024x1021.jpg 1024w, https:\/\/pointer.com.br\/blog\/wp-content\/uploads\/2017\/04\/40199_neutra_classico_branco_60x60_mate-150x150.jpg 150w, https:\/\/pointer.com.br\/blog\/wp-content\/uploads\/2017\/04\/40199_neutra_classico_branco_60x60_mate-300x300.jpg 300w, https:\/\/pointer.com.br\/blog\/wp-content\/uploads\/2017\/04\/40199_neutra_classico_branco_60x60_mate-768x766.jpg 768w, https:\/\/pointer.com.br\/blog\/wp-content\/uploads\/2017\/04\/40199_neutra_classico_branco_60x60_mate.jpg 1181w\" sizes=\"auto, (max-width: 640px) 100vw, 640px\" \/><p id=\"caption-attachment-867\" class=\"wp-caption-text\">Neutro, cl\u00e1ssico, b\u00e1sico, certeiro, branco. Branqu\u00edssimo! Com revestimento branco n\u00e3o tem erro. Aposte no Neutra Cl\u00e1ssico Branco no banheiro e complemente com toques de cor nos acess\u00f3rios<\/p><\/div>\n<p><strong>Detalhe l\u00fadico<\/strong><\/p>\n<p>&nbsp;<\/p>\n<div id=\"attachment_868\" style=\"width: 650px\" class=\"wp-caption aligncenter\"><img loading=\"lazy\" decoding=\"async\" aria-describedby=\"caption-attachment-868\" class=\"size-large wp-image-868\" src=\"https:\/\/pointer.com.br\/blog\/wp-content\/uploads\/2017\/04\/140312_CR2_066_Fran_Parente_8062-683x1024.jpg\" alt=\"Projeto: CR2 Arquitetura \" width=\"640\" height=\"960\" srcset=\"https:\/\/pointer.com.br\/blog\/wp-content\/uploads\/2017\/04\/140312_CR2_066_Fran_Parente_8062-683x1024.jpg 683w, https:\/\/pointer.com.br\/blog\/wp-content\/uploads\/2017\/04\/140312_CR2_066_Fran_Parente_8062-200x300.jpg 200w, https:\/\/pointer.com.br\/blog\/wp-content\/uploads\/2017\/04\/140312_CR2_066_Fran_Parente_8062-768x1152.jpg 768w, https:\/\/pointer.com.br\/blog\/wp-content\/uploads\/2017\/04\/140312_CR2_066_Fran_Parente_8062.jpg 800w\" sizes=\"auto, (max-width: 640px) 100vw, 640px\" \/><p id=\"caption-attachment-868\" class=\"wp-caption-text\">Projeto: CR2 Arquitetura<\/p><\/div>\n<p>Este banheiro mais r\u00fastico, com ladrilhos hidr\u00e1ulicos e gabinete de madeira, ganhou contemporaneidade com o espelho. A interessante pe\u00e7a de design \u00e9 composta por v\u00e1rios espelhos circulares e irregulares. Assim, o morador v\u00ea seu reflexo fraccionado. Um acess\u00f3rio surpreendente, com poder de transformar o mais simples dos banheiros.<\/p>\n<p>Por Bamboo \u2013 Bamboo \u00e9 uma plataforma multim\u00eddia de conte\u00fado sobre arquitetura, interiores, design, arte e lifestyle<\/p>\n<p>&nbsp;<\/p>\n<p>Imagens: Fernando Guerra, Andr\u00e9 Nazareth, Nelson Kon, Simon Watson, Fran Parente e Pointer<\/p>\n","protected":false},"excerpt":{"rendered":"<p>Ficou para tr\u00e1s o tempo em que os banheiros eram ambientes apenas funcionais, sem cor e sem gra\u00e7a. Com revestimentos e acess\u00f3rios, \u00e9 poss\u00edvel criar decora\u00e7\u00f5es deslumbrantes para o espa\u00e7o, transformando o banheiro num verdadeiro [&hellip;]<\/p>\n","protected":false},"author":4,"featured_media":873,"comment_status":"open","ping_status":"open","sticky":false,"template":"","format":"standard","meta":{"footnotes":""},"categories":[16],"tags":[],"class_list":["post-859","post","type-post","status-publish","format-standard","has-post-thumbnail","hentry","category-dicas-e-tendencias-de-decoracao"],"acf":[],"_links":{"self":[{"href":"https:\/\/pointer.com.br\/blog\/wp-json\/wp\/v2\/posts\/859","targetHints":{"allow":["GET"]}}],"collection":[{"href":"https:\/\/pointer.com.br\/blog\/wp-json\/wp\/v2\/posts"}],"about":[{"href":"https:\/\/pointer.com.br\/blog\/wp-json\/wp\/v2\/types\/post"}],"author":[{"embeddable":true,"href":"https:\/\/pointer.com.br\/blog\/wp-json\/wp\/v2\/users\/4"}],"replies":[{"embeddable":true,"href":"https:\/\/pointer.com.br\/blog\/wp-json\/wp\/v2\/comments?post=859"}],"version-history":[{"count":1,"href":"https:\/\/pointer.com.br\/blog\/wp-json\/wp\/v2\/posts\/859\/revisions"}],"predecessor-version":[{"id":870,"href":"https:\/\/pointer.com.br\/blog\/wp-json\/wp\/v2\/posts\/859\/revisions\/870"}],"wp:featuredmedia":[{"embeddable":true,"href":"https:\/\/pointer.com.br\/blog\/wp-json\/wp\/v2\/media\/873"}],"wp:attachment":[{"href":"https:\/\/pointer.com.br\/blog\/wp-json\/wp\/v2\/media?parent=859"}],"wp:term":[{"taxonomy":"category","embeddable":true,"href":"https:\/\/pointer.com.br\/blog\/wp-json\/wp\/v2\/categories?post=859"},{"taxonomy":"post_tag","embeddable":true,"href":"https:\/\/pointer.com.br\/blog\/wp-json\/wp\/v2\/tags?post=859"}],"curies":[{"name":"wp","href":"https:\/\/api.w.org\/{rel}","templated":true}]}}