{"id":849,"date":"2017-12-26T15:35:19","date_gmt":"2017-12-26T17:35:19","guid":{"rendered":"https:\/\/pointer.com.br\/blog\/?p=849\/"},"modified":"2017-12-26T15:35:19","modified_gmt":"2017-12-26T17:35:19","slug":"morada-brasileira-cotidiano-pointer-apresenta-sua-nova-colecao","status":"publish","type":"post","link":"https:\/\/pointer.com.br\/blog\/morada-brasileira-cotidiano-pointer-apresenta-sua-nova-colecao\/","title":{"rendered":"&#8220;Morada Brasileira: Cotidiano&#8221; Pointer apresenta sua nova cole\u00e7\u00e3o"},"content":{"rendered":"<p>No m\u00eas de mar\u00e7o, a Pointer lan\u00e7ou sua nova cole\u00e7\u00e3o \u201c<strong>Morada Brasileira: Cotidiano\u201d<\/strong>. Em evento realizado na Bienal, em S\u00e3o Paulo, foi destacado o crescimento da empresa e o desenvolvimento dos seus produtos no \u00faltimo ano.<\/p>\n<p>Mesmo ainda jovem, a Pointer se destaca no mercado por possuir diferenciais e estrat\u00e9gias para crescer em um cen\u00e1rio competitivo com o pensamento na necessidade de investimento estrat\u00e9gico, apostando em inova\u00e7\u00e3o e preocupa\u00e7\u00e3o em conex\u00e3o digital.<\/p>\n<p>Para que voc\u00ea fique por dentro do lan\u00e7amento, das tend\u00eancias para 2017 em revestimento e de outros pontos abordados no evento, separamos os principais destaques.<\/p>\n<p><strong>O evento<\/strong><\/p>\n<p>O evento realizado pela Pointer teve a participa\u00e7\u00e3o do designer Paulo Biacchi, que foi um dos criadores da linha Ra\u00edzes, al\u00e9m das palestras do gerente de Inova\u00e7\u00e3o Digital do Portobello Grupo, Toni A. C. do Prado, do presidente do Grupo, Cesar Gomes Junior e do diretor Industrial da Pointer,<\/p>\n<p>Em sua explana\u00e7\u00e3o, Toni destacou o fato do uso da tecnologia de ponta ser um dos diferenciais da Pointer, e essa premissa tamb\u00e9m vale para o digital.<\/p>\n<p>Atualmente, existem algumas tend\u00eancias que v\u00eam mudando o perfil dos consumidores. Entre elas, destacam-se a cultura de DIY (<em>do it yourself <\/em>ou fa\u00e7a voc\u00ea mesmo) e as tecnologias que facilitam esse processo. Al\u00e9m disso, com tanta informa\u00e7\u00e3o dispon\u00edvel na rede, o p\u00fablico vem se tornando um especialista.<\/p>\n<p>Isso tudo leva ao surgimento de um consumidor mais informado, conectado, inteligente e que busca experi\u00eancia. Para acompanhar essa tend\u00eancia, a Pointer trabalhou em diversas frentes:<\/p>\n<ul>\n<li>Consumidor conectado: desenvolvemos o site e o blog <a href=\"https:\/\/pointer.com.br\/blog\/\">Studio Pointer<\/a>;<\/li>\n<li>Consumidor que busca por experi\u00eancias: constru\u00edmos um simulador, que permite que as pessoas experimentem os produtos em diferentes ambientes (<a href=\"https:\/\/pointer.com.br\/blog\/ambientes\/areaexterna\/undefined\/undefined\/\">\u00e1rea externa<\/a>, <a href=\"https:\/\/pointer.com.br\/blog\/ambientes\/banheiro\/undefined\/undefined\/\">banheiro<\/a>, <a href=\"https:\/\/pointer.com.br\/blog\/ambientes\/cozinha\/undefined\/undefined\/\">cozinha<\/a>, <a href=\"https:\/\/pointer.com.br\/blog\/ambientes\/dormitorio\/undefined\/undefined\/\">dormit\u00f3rio<\/a> e <a href=\"https:\/\/pointer.com.br\/blog\/ambientes\/sala\/undefined\/undefined\/\">sala<\/a>) dentro do portal da Pointer;<\/li>\n<li>Consumidor mais informado: no Studio Pointer, disponibilizamos diversos conte\u00fados para educar o p\u00fablico, tirar d\u00favidas e tornar o design DIY ainda mais acess\u00edvel.<\/li>\n<\/ul>\n<p>O presidente, Cesar Gomes Junior, aproveitou sua fala para fazer uma an\u00e1lise do mercado e apontou que apesar da infla\u00e7\u00e3o ter afetado principalmente o nordeste, reduzindo o poder aquisitivo da popula\u00e7\u00e3o, hoje o pa\u00eds passa por um cen\u00e1rio econ\u00f4mico mais positivo. Com a maior confian\u00e7a do mercado, que come\u00e7a a gastar, aumenta a gera\u00e7\u00e3o de emprego e tudo se desenvolve.<\/p>\n<p>Com base nesse contexto brasileiro, ele destacou que a Pointer tem confian\u00e7a no desenvolvimento do mercado de reforma em 2017 e que seguir\u00e1 crescendo degrau por degrau.<\/p>\n<p>Um dos importantes passos para isso \u00e9 o desenvolvimento de um portf\u00f3lio e de produtos cada vez mais inovadores, se mantendo como a empresa de cer\u00e2mica mais sustent\u00e1vel da Am\u00e9rica Latina.<\/p>\n<p><strong>A Cole\u00e7\u00e3o<\/strong><\/p>\n<p>Os espa\u00e7os do cotidiano s\u00e3o a inspira\u00e7\u00e3o para a Cole\u00e7\u00e3o Pointer 2017. Ela \u00e9 composta por 14 linhas distintas, com destaque para os lan\u00e7amentos da Ra\u00edzes, que foi apresentada pelo designer Paulo Biacchi no evento, da Urbana, da Decora Branco, da Decora Design e da Piasentina.<\/p>\n<p>Ela re\u00fane madeira, pedra, concreto, texturas e volumes em um design democr\u00e1tico e acess\u00edvel.<\/p>\n<p><strong>Ra\u00edzes<\/strong><\/p>\n<p>A linha Ra\u00edzes representa o olhar contempor\u00e2neo em conceitos tradicionais. A sua principal novidade, criada pela parceria entre Pointer, Marcelo Rosenbaum e Paulo Biacchi, \u00e9 a mistura do barroco tradicional de estampas luso-brasileiras, com estampas da arquitetura moderna.<\/p>\n<p>A inspira\u00e7\u00e3o dessa <strong>linha Neo Barroca<\/strong> vem de uma fus\u00e3o entre a alus\u00e3o ao desenho tradicional e o uso de desenhos geom\u00e9tricos. Al\u00e9m disso, ela tamb\u00e9m prop\u00f5e uma sa\u00edda do padr\u00e3o n\u00e3o apenas no acabamento, mas tamb\u00e9m na pagina\u00e7\u00e3o, fazendo uma mistura de forma a criar uma composi\u00e7\u00e3o totalmente aleat\u00f3ria.<\/p>\n<div id=\"attachment_850\" style=\"width: 650px\" class=\"wp-caption aligncenter\"><img loading=\"lazy\" decoding=\"async\" aria-describedby=\"caption-attachment-850\" class=\"wp-image-850 size-large\" src=\"https:\/\/pointer.com.br\/blog\/wp-content\/uploads\/2017\/04\/Pointer_raizes_neo_barroco_azul_30x60_mate-1024x667.jpg\" width=\"640\" height=\"417\" srcset=\"https:\/\/pointer.com.br\/blog\/wp-content\/uploads\/2017\/04\/Pointer_raizes_neo_barroco_azul_30x60_mate-1024x667.jpg 1024w, https:\/\/pointer.com.br\/blog\/wp-content\/uploads\/2017\/04\/Pointer_raizes_neo_barroco_azul_30x60_mate-300x195.jpg 300w, https:\/\/pointer.com.br\/blog\/wp-content\/uploads\/2017\/04\/Pointer_raizes_neo_barroco_azul_30x60_mate-768x500.jpg 768w, https:\/\/pointer.com.br\/blog\/wp-content\/uploads\/2017\/04\/Pointer_raizes_neo_barroco_azul_30x60_mate.jpg 1181w\" sizes=\"auto, (max-width: 640px) 100vw, 640px\" \/><p id=\"caption-attachment-850\" class=\"wp-caption-text\">As pe\u00e7as apresentam tr\u00eas varia\u00e7\u00f5es crom\u00e1ticas em tons de azul<a href=\"https:\/\/pointer.com.br\/blog\/produto\/neo-barroco-azul-mate-30x60-40682\">,<\/a> branco e terra, que remetem ao conceito barroco.<\/p><\/div>\n<p><strong>Urbana<\/strong><\/p>\n<p>A linha Urbana vem de interpreta\u00e7\u00e3o arrojada do concreto, que passa a ter brilho e decora\u00e7\u00e3o gr\u00e1fica em branco, criando uma superf\u00edcie moderna ideal para compor ambientes contempor\u00e2neos.<\/p>\n<p>Fazem parte desta cole\u00e7\u00e3o os revestimentos:<\/p>\n<ul>\n<li>Urbana Branco;<\/li>\n<li>Urbana Cinza;<\/li>\n<li>Urbana Grafite;<\/li>\n<li>Urbana Decor Branco;<\/li>\n<li>Urbana Decor Grafite;<\/li>\n<li><u>Mosaico Urbano<\/u>.<\/li>\n<\/ul>\n<h3><strong>Decora Branco<\/strong><\/h3>\n<p>O branco, al\u00e9m de estar na moda, permite a cria\u00e7\u00e3o de uma atmosfera moderna e aconchegante. A linha Decora Branco proporciona a possibilidade de uso de texturas e nuances da cor em diversos c\u00f4modos da casa, a partir de seis produtos diferentes:<\/p>\n<ul>\n<li><a href=\"https:\/\/pointer.com.br\/blog\/produto\/ritmo-branco-brilho-30x60-40670\">R\u00edtmo Branco<\/a>;<\/li>\n<li><a href=\"https:\/\/pointer.com.br\/blog\/produto\/lencois-brilho-30x60-40671\">Len\u00e7\u00f3is<\/a>;<\/li>\n<li><a href=\"https:\/\/pointer.com.br\/blog\/produto\/diamante-puro-brilho-30x60-40668\">Diamante Puro<\/a>;<\/li>\n<li>Pipa Branco;<\/li>\n<li>Pastilha Tom Branco;<\/li>\n<li>Mosaico Blanco.<\/li>\n<\/ul>\n<h3><strong>Piasentina<\/strong><\/h3>\n<p>A Piasentina \u00e9 uma reprodu\u00e7\u00e3o da pedra de mesmo nome, comum na regi\u00e3o de Roma. Ela foi uma pedra muito utilizada nas cal\u00e7adas de constru\u00e7\u00f5es e monumentos hist\u00f3ricos.<\/p>\n<p>As pedras s\u00e3o da cor cinza com pequenos gr\u00e3os negros e veios brancos e, na interpreta\u00e7\u00e3o da cole\u00e7\u00e3o, as pe\u00e7as foram feitas em tr\u00eas cores:<\/p>\n<ul>\n<li><a href=\"https:\/\/pointer.com.br\/blog\/produto\/piasentina-branco-matebrilho-30x60-40628\">Piasentina Branco<\/a>;<\/li>\n<li><a href=\"https:\/\/pointer.com.br\/blog\/produto\/piasentina-cinza-matebrilho-30x60-40626\">Piasentina Cinza<\/a>;<\/li>\n<li><a href=\"https:\/\/pointer.com.br\/blog\/produto\/piasentina-grafite-matebrilho-30x60-40624\">Piasentina Grafite<\/a>.<\/li>\n<\/ul>\n<h3><strong>Ouro Preto <\/strong><\/h3>\n<p>A linha Ouro Preto foi inspirada nas cal\u00e7adas de blocos de basalto e nas ruas da cidade de Ouro Preto. A ideia principal \u00e9 utilizar as pe\u00e7as nas <a href=\"https:\/\/pointer.com.br\/blog\/tendencias-para-area-externa\/\">\u00e1reas externas<\/a>, que s\u00e3o cada vez mais usadas como ambientes de conviv\u00eancia e lazer.<\/p>\n<p>Os revestimentos da cole\u00e7\u00e3o se apresentam em tr\u00eas modelos:<\/p>\n<ul>\n<li>Coimbra Bege;<\/li>\n<li><a href=\"https:\/\/pointer.com.br\/blog\/produto\/coimbra-decor-bege-mate-60x60-40676\">Coimbra Decor Bege<\/a>;<\/li>\n<li>Ouro Preto;<\/li>\n<\/ul>\n<p>Para conhecer a cole\u00e7\u00e3o completa, acesse tamb\u00e9m o <a href=\"https:\/\/pointer.com.br\/blog\/\">nosso site<\/a> e acompanhe todas as novidades do Studio Pointer.<\/p>\n","protected":false},"excerpt":{"rendered":"<p>No m\u00eas de mar\u00e7o, a Pointer lan\u00e7ou sua nova cole\u00e7\u00e3o \u201cMorada Brasileira: Cotidiano\u201d. Em evento realizado na Bienal, em S\u00e3o Paulo, foi destacado o crescimento da empresa e o desenvolvimento dos seus produtos no \u00faltimo [&hellip;]<\/p>\n","protected":false},"author":4,"featured_media":0,"comment_status":"open","ping_status":"open","sticky":false,"template":"","format":"standard","meta":{"footnotes":""},"categories":[16],"tags":[],"class_list":["post-849","post","type-post","status-publish","format-standard","hentry","category-dicas-e-tendencias-de-decoracao"],"acf":[],"_links":{"self":[{"href":"https:\/\/pointer.com.br\/blog\/wp-json\/wp\/v2\/posts\/849","targetHints":{"allow":["GET"]}}],"collection":[{"href":"https:\/\/pointer.com.br\/blog\/wp-json\/wp\/v2\/posts"}],"about":[{"href":"https:\/\/pointer.com.br\/blog\/wp-json\/wp\/v2\/types\/post"}],"author":[{"embeddable":true,"href":"https:\/\/pointer.com.br\/blog\/wp-json\/wp\/v2\/users\/4"}],"replies":[{"embeddable":true,"href":"https:\/\/pointer.com.br\/blog\/wp-json\/wp\/v2\/comments?post=849"}],"version-history":[{"count":3,"href":"https:\/\/pointer.com.br\/blog\/wp-json\/wp\/v2\/posts\/849\/revisions"}],"predecessor-version":[{"id":2362,"href":"https:\/\/pointer.com.br\/blog\/wp-json\/wp\/v2\/posts\/849\/revisions\/2362"}],"wp:attachment":[{"href":"https:\/\/pointer.com.br\/blog\/wp-json\/wp\/v2\/media?parent=849"}],"wp:term":[{"taxonomy":"category","embeddable":true,"href":"https:\/\/pointer.com.br\/blog\/wp-json\/wp\/v2\/categories?post=849"},{"taxonomy":"post_tag","embeddable":true,"href":"https:\/\/pointer.com.br\/blog\/wp-json\/wp\/v2\/tags?post=849"}],"curies":[{"name":"wp","href":"https:\/\/api.w.org\/{rel}","templated":true}]}}