{"id":564,"date":"2016-12-21T14:09:34","date_gmt":"2016-12-21T16:09:34","guid":{"rendered":"https:\/\/pointer.com.br\/blog\/?p=564\/"},"modified":"2016-12-21T17:52:21","modified_gmt":"2016-12-21T19:52:21","slug":"dicas-para-decorar-apartamentos-pequenos","status":"publish","type":"post","link":"https:\/\/pointer.com.br\/blog\/dicas-para-decorar-apartamentos-pequenos\/","title":{"rendered":"Dicas para decorar apartamentos pequenos"},"content":{"rendered":"<p>Em uma \u00e9poca em que \u00e9 cada vez mais comum ver apartamentos de 50m\u00b2 oferecerem dois ou tr\u00eas quartos, sala, cozinha, \u00e1rea de servi\u00e7o e at\u00e9 varanda, pensar em uma decora\u00e7\u00e3o enxuta \u00e9 uma quest\u00e3o de necessidade. Mas j\u00e1 passou &#8211; ainda bem \u2013 o tempo em que apartamento pequeno era visto como provis\u00f3rio e com poucos recursos. Com m\u00f3veis adaptados e cada vez mais utens\u00edlios enxutos dispon\u00edveis nas lojas, fica mais f\u00e1cil viver sem aperto. A seguir destaco dicas de decora\u00e7\u00e3o que v\u00e3o fazer um pequeno lar parecer um pal\u00e1cio aconchegante \u2013 ou ao menos um pequeno pal\u00e1cio particular.<\/p>\n<p><strong>Abra as janelas<\/strong><\/p>\n<p>Espa\u00e7o sem janelas passa sensa\u00e7\u00e3o de confinamento. O mesmo pode acontecer com cortinas fechadas, principalmente se forem escuras. Sempre que poss\u00edvel, deixe aberta uma janela por onde possa entrar a luz natural. A vista para fora proporciona a vis\u00e3o de novos horizontes, por assim dizer. Se essa n\u00e3o for op\u00e7\u00e3o onde voc\u00ea mora, opte por cortinas claras, com cortes retos e tecidos leves. Tamb\u00e9m escolha com aten\u00e7\u00e3o as l\u00e2mpadas, que devem ser claras, mas n\u00e3o fortes demais.<\/p>\n<div id=\"attachment_565\" style=\"width: 650px\" class=\"wp-caption aligncenter\"><img loading=\"lazy\" decoding=\"async\" aria-describedby=\"caption-attachment-565\" class=\"size-full wp-image-565\" src=\"https:\/\/pointer.com.br\/blog\/wp-content\/uploads\/2016\/12\/AA3.png\" alt=\"Renascen\u00e7a e Cl\u00e1ssico Branco\" width=\"640\" height=\"360\" srcset=\"https:\/\/pointer.com.br\/blog\/wp-content\/uploads\/2016\/12\/AA3.png 640w, https:\/\/pointer.com.br\/blog\/wp-content\/uploads\/2016\/12\/AA3-300x169.png 300w\" sizes=\"auto, (max-width: 640px) 100vw, 640px\" \/><p id=\"caption-attachment-565\" class=\"wp-caption-text\"><a href=\"https:\/\/pointer.com.br\/blog\/produto\/renascenca-mate-30x60-40025\/\">Renascen\u00e7a<\/a> e <a href=\"https:\/\/pointer.com.br\/blog\/produto\/classico-branco-mate-60x60-40262\/\">Cl\u00e1ssico Branco<\/a><\/p><\/div>\n<p><img loading=\"lazy\" decoding=\"async\" class=\"aligncenter wp-image-566\" src=\"https:\/\/pointer.com.br\/blog\/wp-content\/uploads\/2016\/12\/AA1.jpg\" alt=\"\" width=\"540\" height=\"851\" srcset=\"https:\/\/pointer.com.br\/blog\/wp-content\/uploads\/2016\/12\/AA1.jpg 508w, https:\/\/pointer.com.br\/blog\/wp-content\/uploads\/2016\/12\/AA1-191x300.jpg 191w\" sizes=\"auto, (max-width: 540px) 100vw, 540px\" \/><\/p>\n<p>&nbsp;<\/p>\n<p><strong>Unifique os ambientes<\/strong><\/p>\n<p>Reduza o n\u00famero de paredes ao unificar, por exemplo, a cozinha e a sala com um balc\u00e3o fazendo as vezes de divis\u00f3ria. Outra op\u00e7\u00e3o s\u00e3o as separa\u00e7\u00f5es de vidro, que podem disfar\u00e7ar a lavanderia ao lado da cozinha sem comprometer o espa\u00e7o. J\u00e1 no quarto, um ajuste na disposi\u00e7\u00e3o dos m\u00f3veis pode dar lugar a um pequeno escrit\u00f3rio. Confira algumas inspira\u00e7\u00f5es:<\/p>\n<div id=\"attachment_567\" style=\"width: 650px\" class=\"wp-caption aligncenter\"><img loading=\"lazy\" decoding=\"async\" aria-describedby=\"caption-attachment-567\" class=\"size-full wp-image-567\" src=\"https:\/\/pointer.com.br\/blog\/wp-content\/uploads\/2016\/12\/AA6.png\" alt=\"Atacama Marfim e Pastilha Tom Bordado\" width=\"640\" height=\"360\" srcset=\"https:\/\/pointer.com.br\/blog\/wp-content\/uploads\/2016\/12\/AA6.png 640w, https:\/\/pointer.com.br\/blog\/wp-content\/uploads\/2016\/12\/AA6-300x169.png 300w\" sizes=\"auto, (max-width: 640px) 100vw, 640px\" \/><p id=\"caption-attachment-567\" class=\"wp-caption-text\"><a href=\"https:\/\/pointer.com.br\/blog\/produto\/atacama-marfim-mate-60x60-40559\/\">Atacama Marfim<\/a> e <a href=\"https:\/\/pointer.com.br\/blog\/produto\/pastilha-tom-bordado-brilho-30x60-40424\/\">Pastilha Tom Bordado<\/a><\/p><\/div>\n<p><img loading=\"lazy\" decoding=\"async\" class=\"aligncenter wp-image-568\" src=\"https:\/\/pointer.com.br\/blog\/wp-content\/uploads\/2016\/12\/AA5.jpg\" alt=\"\" width=\"540\" height=\"672\" srcset=\"https:\/\/pointer.com.br\/blog\/wp-content\/uploads\/2016\/12\/AA5.jpg 564w, https:\/\/pointer.com.br\/blog\/wp-content\/uploads\/2016\/12\/AA5-241x300.jpg 241w\" sizes=\"auto, (max-width: 540px) 100vw, 540px\" \/><\/p>\n<div id=\"attachment_569\" style=\"width: 650px\" class=\"wp-caption aligncenter\"><img loading=\"lazy\" decoding=\"async\" aria-describedby=\"caption-attachment-569\" class=\"size-full wp-image-569\" src=\"https:\/\/pointer.com.br\/blog\/wp-content\/uploads\/2016\/12\/AA7.png\" alt=\"Parquet Colonial Marfim e Pastilha Tom Branco Brilho\" width=\"640\" height=\"360\" srcset=\"https:\/\/pointer.com.br\/blog\/wp-content\/uploads\/2016\/12\/AA7.png 640w, https:\/\/pointer.com.br\/blog\/wp-content\/uploads\/2016\/12\/AA7-300x169.png 300w\" sizes=\"auto, (max-width: 640px) 100vw, 640px\" \/><p id=\"caption-attachment-569\" class=\"wp-caption-text\"><a href=\"https:\/\/pointer.com.br\/blog\/produto\/parquet-colonial-marfim-brilho-60x60-40535\/\">Parquet Colonial Marfim<\/a> e <a href=\"https:\/\/pointer.com.br\/blog\/produto\/pastilha-tom-branco-brilho-30x60-40210\/\">Pastilha Tom Branco Brilho<\/a><\/p><\/div>\n<p><strong>Escolha revestimentos claros<\/strong><\/p>\n<p>Tanto no piso quanto na parede, invista nos tons claros. Eles refletem a luminosidade das janelas abertas e das luzes artificiais. A sensa\u00e7\u00e3o de ambiente maior causada pelo branco pode contribuir para todos os c\u00f4modos. Tons pasteis fazem uma op\u00e7\u00e3o para quem n\u00e3o gosta de branco total.<\/p>\n<div id=\"attachment_571\" style=\"width: 650px\" class=\"wp-caption aligncenter\"><img loading=\"lazy\" decoding=\"async\" aria-describedby=\"caption-attachment-571\" class=\"size-full wp-image-571\" src=\"https:\/\/pointer.com.br\/blog\/wp-content\/uploads\/2016\/12\/AA8.png\" alt=\"Atacama Marfim\" width=\"640\" height=\"360\" srcset=\"https:\/\/pointer.com.br\/blog\/wp-content\/uploads\/2016\/12\/AA8.png 640w, https:\/\/pointer.com.br\/blog\/wp-content\/uploads\/2016\/12\/AA8-300x169.png 300w\" sizes=\"auto, (max-width: 640px) 100vw, 640px\" \/><p id=\"caption-attachment-571\" class=\"wp-caption-text\"><a href=\"https:\/\/pointer.com.br\/blog\/produto\/atacama-marfim-mate-60x60-40559\/\">Atacama Marfim<\/a><\/p><\/div>\n<div id=\"attachment_572\" style=\"width: 650px\" class=\"wp-caption aligncenter\"><img loading=\"lazy\" decoding=\"async\" aria-describedby=\"caption-attachment-572\" class=\"size-full wp-image-572\" src=\"https:\/\/pointer.com.br\/blog\/wp-content\/uploads\/2016\/12\/AA9.png\" alt=\"Refloresta Branco\" width=\"640\" height=\"360\" srcset=\"https:\/\/pointer.com.br\/blog\/wp-content\/uploads\/2016\/12\/AA9.png 640w, https:\/\/pointer.com.br\/blog\/wp-content\/uploads\/2016\/12\/AA9-300x169.png 300w\" sizes=\"auto, (max-width: 640px) 100vw, 640px\" \/><p id=\"caption-attachment-572\" class=\"wp-caption-text\"><a href=\"https:\/\/pointer.com.br\/blog\/produto\/refloresta-branco-mate-60x60-40249\/\">Refloresta Branco<\/a><\/p><\/div>\n<p><strong>M\u00f3veis baixos<\/strong><\/p>\n<p>Quanto mais pr\u00f3ximos os m\u00f3veis estiverem do ch\u00e3o, mais espa\u00e7o at\u00e9 o teto sua casa ir\u00e1 mostrar, criando assim uma sensa\u00e7\u00e3o de amplitude. Caso opte por esse recurso, lembre-se de prezar o conforto. Um sof\u00e1 pr\u00f3ximo ao ch\u00e3o, por exemplo, pode ser bacana de olhar, mas pouco pr\u00e1tico caso algu\u00e9m na casa tenha dificuldades de locomo\u00e7\u00e3o.<\/p>\n<p><img loading=\"lazy\" decoding=\"async\" class=\"aligncenter wp-image-573\" src=\"https:\/\/pointer.com.br\/blog\/wp-content\/uploads\/2016\/12\/AA10.jpg\" alt=\"\" width=\"540\" height=\"702\" srcset=\"https:\/\/pointer.com.br\/blog\/wp-content\/uploads\/2016\/12\/AA10.jpg 564w, https:\/\/pointer.com.br\/blog\/wp-content\/uploads\/2016\/12\/AA10-231x300.jpg 231w\" sizes=\"auto, (max-width: 540px) 100vw, 540px\" \/><\/p>\n<p><img loading=\"lazy\" decoding=\"async\" class=\"aligncenter wp-image-574\" src=\"https:\/\/pointer.com.br\/blog\/wp-content\/uploads\/2016\/12\/AA11.jpg\" alt=\"\" width=\"540\" height=\"621\" srcset=\"https:\/\/pointer.com.br\/blog\/wp-content\/uploads\/2016\/12\/AA11.jpg 506w, https:\/\/pointer.com.br\/blog\/wp-content\/uploads\/2016\/12\/AA11-261x300.jpg 261w\" sizes=\"auto, (max-width: 540px) 100vw, 540px\" \/><\/p>\n<p><strong>Gostou das dicas? Curta <\/strong><a href=\"https:\/\/www.facebook.com\/pointer.revestimentos\/\">nossa p\u00e1gina no Facebook<\/a><strong> e compartilhe!<\/strong><\/p>\n<p><em>*Bianca Bibiano \u00e9 jornalista, paulista e sempre \u00e0 procura de boas tend\u00eancias e ideias pr\u00e1ticas para decorar com bom gosto.<\/em><\/p>\n<p>Imagens:\u00a0Divulga\u00e7\u00e3o Pinterest\/ Pointer<\/p>\n","protected":false},"excerpt":{"rendered":"<p>Em uma \u00e9poca em que \u00e9 cada vez mais comum ver apartamentos de 50m\u00b2 oferecerem dois ou tr\u00eas quartos, sala, cozinha, \u00e1rea de servi\u00e7o e at\u00e9 varanda, pensar em uma decora\u00e7\u00e3o enxuta \u00e9 uma quest\u00e3o [&hellip;]<\/p>\n","protected":false},"author":4,"featured_media":577,"comment_status":"open","ping_status":"open","sticky":false,"template":"","format":"standard","meta":{"footnotes":""},"categories":[10,17,16],"tags":[],"class_list":["post-564","post","type-post","status-publish","format-standard","has-post-thumbnail","hentry","category-dicas-pointer","category-produtos","category-dicas-e-tendencias-de-decoracao"],"acf":[],"_links":{"self":[{"href":"https:\/\/pointer.com.br\/blog\/wp-json\/wp\/v2\/posts\/564","targetHints":{"allow":["GET"]}}],"collection":[{"href":"https:\/\/pointer.com.br\/blog\/wp-json\/wp\/v2\/posts"}],"about":[{"href":"https:\/\/pointer.com.br\/blog\/wp-json\/wp\/v2\/types\/post"}],"author":[{"embeddable":true,"href":"https:\/\/pointer.com.br\/blog\/wp-json\/wp\/v2\/users\/4"}],"replies":[{"embeddable":true,"href":"https:\/\/pointer.com.br\/blog\/wp-json\/wp\/v2\/comments?post=564"}],"version-history":[{"count":8,"href":"https:\/\/pointer.com.br\/blog\/wp-json\/wp\/v2\/posts\/564\/revisions"}],"predecessor-version":[{"id":582,"href":"https:\/\/pointer.com.br\/blog\/wp-json\/wp\/v2\/posts\/564\/revisions\/582"}],"wp:featuredmedia":[{"embeddable":true,"href":"https:\/\/pointer.com.br\/blog\/wp-json\/wp\/v2\/media\/577"}],"wp:attachment":[{"href":"https:\/\/pointer.com.br\/blog\/wp-json\/wp\/v2\/media?parent=564"}],"wp:term":[{"taxonomy":"category","embeddable":true,"href":"https:\/\/pointer.com.br\/blog\/wp-json\/wp\/v2\/categories?post=564"},{"taxonomy":"post_tag","embeddable":true,"href":"https:\/\/pointer.com.br\/blog\/wp-json\/wp\/v2\/tags?post=564"}],"curies":[{"name":"wp","href":"https:\/\/api.w.org\/{rel}","templated":true}]}}