{"id":52866,"date":"2025-09-05T17:36:12","date_gmt":"2025-09-05T20:36:12","guid":{"rendered":"https:\/\/pointer.com.br\/blog\/?p=52866"},"modified":"2025-09-05T17:36:12","modified_gmt":"2025-09-05T20:36:12","slug":"arquitetura-regenerativa","status":"publish","type":"post","link":"https:\/\/pointer.com.br\/blog\/arquitetura-regenerativa\/","title":{"rendered":"Arquitetura regenerativa: o que devemos saber sobre o conceito"},"content":{"rendered":"<p>Nos \u00faltimos anos, a <a data-type=\"LINK\" href=\"https:\/\/pointer.com.br\/blog\/sustentabilidade\/\" target=\"_blank\">sustentabilidade<\/a> passou de uma palavra \\&#8221;desconhecida\\&#8221; para um fator crucial para uma necessidade de mercado. E quando falamos de constru\u00e7\u00e3o civil, setor com grande potencial de polui\u00e7\u00e3o, entender como \u00e9 importante diminuir seus impactos \u00e9 obrigat\u00f3rio para se destacar. A arquitetura regenerativa surge nesse contexto: n\u00e3o basta diminuir os danos; \u00e9 preciso revert\u00ea-los.\u00a0<\/p>\n<p>Segundo o <a data-type=\"LINK\" href=\"https:\/\/static.poder360.com.br\/2024\/12\/panorama-dos-residuos-solidos-no-brasil-2024.pdf\" target=\"_blank\">Panorama dos Res\u00edduos S\u00f3lidos no Brasil 2024<\/a>, aproximadamente 44 milh\u00f5es de toneladas de res\u00edduos de constru\u00e7\u00e3o e demoli\u00e7\u00e3o foram geradas no Brasil em 2023. O estudo, comandado pela Associa\u00e7\u00e3o Brasileira de Res\u00edduos e Meio Ambiente (Abrema), mostra como a arquitetura regenerativa \u00e9 uma iniciativa imprescind\u00edvel para melhorar o \u00edndice de polui\u00e7\u00e3o.\u00a0<\/p>\n<p>Neste texto, voc\u00ea entender\u00e1 o que \u00e9 e quais os principais pilares da arquitetura regenerativa. Continue a leitura.\u00a0<\/p>\n<h2>O que \u00e9 arquitetura regenerativa?<\/h2>\n<figure class=\"gh-styles-m__figureContainer\" style=\"float: none;text-align: center\"><img decoding=\"async\" alt=\"\" class=\"gh-styles-m__figureContainer-image\" height=\"637px\" src=\"https:\/\/pointer.com.br\/blog\/wp-content\/uploads\/2025\/09\/11587648995c3763f5606k1.jpeg\" title=\"\" width=\"850px\" \/><figcaption class=\"gh-styles-m__figureContainer-caption\"><\/figcaption><\/figure>\n<p><em>Inaugurado no Dia da Terra, o Bullitt Center foi projetado para durar 250 anos (foto: <\/em><a data-type=\"LINK\" href=\"https:\/\/www.flickr.com\/photos\/bullitt_center\/11587648995\" target=\"_blank\"><em>Brad Kahn<\/em><\/a><em>)<\/em>\u00a0<\/p>\n<p>Arquitetura regenerativa \u00e9 uma abordagem na qual seus projetos visam reverter os danos ecol\u00f3gicos causados pela constru\u00e7\u00e3o civil. Aqui, n\u00e3o basta apenas <a data-type=\"LINK\" href=\"https:\/\/pointer.com.br\/blog\/como-reduzir-o-lixo-em-casa\/\" target=\"_blank\">reduzir<\/a> \u2014 j\u00e1 que constru\u00e7\u00f5es sempre trazem algum impacto negativo, mesmo que m\u00ednimo. O design deve regenerar ou restaurar materiais, <a data-type=\"LINK\" href=\"https:\/\/pointer.com.br\/blog\/sustentabilidade-ambiental\/\" target=\"_blank\">ambientes<\/a> e habitats naturais.\u00a0<\/p>\n<p>Nesse aspecto, a arquitetura regenerativa se diferencia da sustent\u00e1vel, que busca reduzir problemas como polui\u00e7\u00e3o, consumo de energia e lixo. A inten\u00e7\u00e3o \u00e9 impactar positivamente, como <a data-type=\"LINK\" href=\"https:\/\/pointer.com.br\/blog\/aliar-sustentabilidade-a-obra\/\" target=\"_blank\">restaurar, revitalizar e melhorar<\/a> os ecossistemas e as comunidades locais.\u00a0<\/p>\n<h3>Princ\u00edpios da arquitetura regenerativa\u00a0<\/h3>\n<figure class=\"gh-styles-m__figureContainer\" style=\"float: none;text-align: center\"><img decoding=\"async\" alt=\"\" class=\"gh-styles-m__figureContainer-image\" height=\"483px\" src=\"https:\/\/pointer.com.br\/blog\/wp-content\/uploads\/2025\/09\/20080708ChicagoCityHallGreenRoof.jpeg\" title=\"\" width=\"850px\" \/><figcaption class=\"gh-styles-m__figureContainer-caption\"><\/figcaption><\/figure>\n<p style=\"text-align:center\"><em>Telhado verde da City Hall de Chicago (foto: <\/em><a data-type=\"LINK\" href=\"https:\/\/pt.wikipedia.org\/wiki\/Cobertura_verde#\/media\/Ficheiro:20080708_Chicago_City_Hall_Green_Roof.JPG\" target=\"_blank\"><em>Wikip\u00e9dia<\/em><\/a><em>)<\/em>\u00a0<\/p>\n<p>Para que esse projeto seja posto em pr\u00e1tica, \u00e9 preciso ter algumas caracter\u00edsticas:\u00a0\u00a0<\/p>\n<ul>\n<li><strong>liga\u00e7\u00e3o com a <\/strong><a data-type=\"LINK\" href=\"https:\/\/pointer.com.br\/blog\/arquitetura-biomimetica\/\" target=\"_blank\"><strong>natureza<\/strong><\/a>: os projetos s\u00e3o pensados como parte de sistemas vivos, integrando-se ao solo, \u00e1gua, ar e biodiversidade;\u00a0<\/li>\n<li><strong>ciclo de vida positivo<\/strong>: o edif\u00edcio n\u00e3o apenas consome menos, mas tamb\u00e9m devolve mais. Por exemplo: a constru\u00e7\u00e3o produz energia, limpa \u00e1gua ou gera solo f\u00e9rtil;\u00a0<\/li>\n<li><strong>cocria\u00e7\u00e3o com a <\/strong><a data-type=\"LINK\" href=\"https:\/\/pointer.com.br\/blog\/projeto-sururu-conchas-que-transformam\/\" target=\"_blank\"><strong>comunidade<\/strong><\/a><strong> e bem-estar<\/strong>: a arquitetura regenerativa busca estabelecer v\u00ednculos sociais, culturais e econ\u00f4micos com a comunidade local;\u00a0<\/li>\n<li><strong>circularidade<\/strong>: materiais projetados para serem reutilizados, compostados ou reinseridos nos ciclos naturais.\u00a0<\/li>\n<li><strong>resili\u00eancia<\/strong>: espa\u00e7os capazes de se adaptar a mudan\u00e7as clim\u00e1ticas, sociais e econ\u00f4micas.\u00a0<\/li>\n<\/ul>\n<h2>Living Building Challenge, padr\u00e3o ouro na arquitetura regenerativa\u00a0<\/h2>\n<figure class=\"gh-styles-m__figureContainer\" style=\"float: none;text-align: center\"><img decoding=\"async\" alt=\"\" class=\"gh-styles-m__figureContainer-image\" height=\"478px\" src=\"https:\/\/pointer.com.br\/blog\/wp-content\/uploads\/2025\/09\/frontviewofthebiqhouse.jpeg\" title=\"\" width=\"850px\" \/><figcaption class=\"gh-styles-m__figureContainer-caption\"><\/figcaption><\/figure>\n<p><em>Primeiro projeto de fachada biorreativa do mundo, o SolarLeaf gera energia renov\u00e1vel a partir de biomassa de algas e luz solar (foto: <\/em><a data-type=\"LINK\" href=\"https:\/\/www.arup.com\/projects\/solarleaf\/\" target=\"_blank\"><em>Arap<\/em><\/a><em>)<\/em>\u00a0<\/p>\n<p>Antes, a certifica\u00e7\u00e3o Leadership in Energy and Environmental Design (LEED) era a maior exig\u00eancia quando fal\u00e1vamos de arquitetura sustent\u00e1vel. Mas objetivos maiores exigem mais comprometimento.\u00a0<\/p>\n<p>Constru\u00e7\u00f5es que desejam se provar regenerativas devem correr atr\u00e1s da Living Building Challenge (LBC), uma das certifica\u00e7\u00f5es mais rigorosas do mundo. Criado em 2006 e gerenciado pelo Living Future Institute, o programa utiliza sete classifica\u00e7\u00f5es (simbolizadas como p\u00e9talas de uma flor) para verificar se uma constru\u00e7\u00e3o \u00e9 ou n\u00e3o regenerativa:\u00a0\u00a0<\/p>\n<ul>\n<li>Place (lugar): o projeto deve respeitar e restaurar o ecossistema local. \u00c9 proibido construir em \u00e1reas sens\u00edveis (florestas prim\u00e1rias e zonas \u00famidas, por exemplo);\u00a0<\/li>\n<li>Water (\u00e1gua): o edif\u00edcio deve ser autossuficiente em \u00e1gua, coletando chuva, tratando e reutilizando toda a \u00e1gua no local;\u00a0<\/li>\n<li>Energy (energia): deve gerar 100% da energia que consome a partir de fontes renov\u00e1veis, geralmente solar ou e\u00f3lica. Neutralidade de carbono \u00e9 obrigat\u00f3ria;\u00a0<\/li>\n<li>Health and Happiness (sa\u00fade e felicidade): o espa\u00e7o promove sa\u00fade f\u00edsica e mental com ventila\u00e7\u00e3o e ilumina\u00e7\u00e3o naturais, al\u00e9m de \u00e1reas de conviv\u00eancia;\u00a0<\/li>\n<li>Materials (materiais): a construtora deve ser transparente quanto ao uso de materiais, dando prefer\u00eancia ao que \u00e9 local ou reciclado. Tamb\u00e9m \u00e9 proibido o uso de subst\u00e2ncias t\u00f3xicas, como PVC, formalde\u00eddo e retardantes de chama;\u00a0<\/li>\n<li>Equity (equidade): o projeto deve ser inclusivo e acess\u00edvel a todos, al\u00e9m de considerar a justi\u00e7a social na cadeia de produ\u00e7\u00e3o;\u00a0<\/li>\n<li>Beauty (beleza): o edif\u00edcio deve gerar conex\u00e3o cultural e est\u00e9tica com a comunidade local.\u00a0<\/li>\n<\/ul>\n<p>Conhecer as \\&#8221;p\u00e9talas\\&#8221; do LBC \u00e9 fundamental para a constru\u00e7\u00e3o de uma arquitetura regenerativa. E como aqui a inten\u00e7\u00e3o \u00e9 que a sustentabilidade v\u00e1 al\u00e9m do projeto em si, s\u00f3 \u00e9 poss\u00edvel conseguir o certificado ap\u00f3s 12 meses do uso da constru\u00e7\u00e3o em si. Assim, \u00e9 poss\u00edvel garantir que a teoria foi posta em pr\u00e1tica.\u00a0<\/p>\n<p>Como visto, a arquitetura regenerativa ocorre em todos os detalhes: desde o planejamento at\u00e9 seu uso por moradores e visitantes. Se voc\u00ea deseja investir nesse tipo de constru\u00e7\u00e3o, precisa passar pela escolha dos materiais. Conhe\u00e7a o <a data-type=\"LINK\" href=\"https:\/\/pointer.com.br\/blog\/tijolo-ecologico\/\" target=\"_blank\">tijolo ecol\u00f3gico<\/a> e entenda se \u00e9 a op\u00e7\u00e3o ideal para sua obra.\u00a0<\/p>\n<p>\u00a0\u00a0<\/p>\n<p><em>[Capa: <\/em><a data-type=\"LINK\" href=\"https:\/\/unsplash.com\/pt-br\/fotografias\/vista-superior-do-edificio-com-arvores-IfmqOuOkaOA\" target=\"_blank\"><em>CHUTTERSNAP<\/em><\/a><em>]<\/em><\/p>\n","protected":false},"excerpt":{"rendered":"<p>O setor de constru\u00e7\u00e3o civil \u00e9 altamente poluente, mas \u00e9 poss\u00edvel reverter o problema. Conhe\u00e7a a arquitetura regenerativa!<\/p>\n","protected":false},"author":8,"featured_media":52880,"comment_status":"open","ping_status":"open","sticky":false,"template":"","format":"standard","meta":{"footnotes":""},"categories":[10],"tags":[],"class_list":["post-52866","post","type-post","status-publish","format-standard","has-post-thumbnail","hentry","category-dicas-pointer"],"acf":[],"_links":{"self":[{"href":"https:\/\/pointer.com.br\/blog\/wp-json\/wp\/v2\/posts\/52866","targetHints":{"allow":["GET"]}}],"collection":[{"href":"https:\/\/pointer.com.br\/blog\/wp-json\/wp\/v2\/posts"}],"about":[{"href":"https:\/\/pointer.com.br\/blog\/wp-json\/wp\/v2\/types\/post"}],"author":[{"embeddable":true,"href":"https:\/\/pointer.com.br\/blog\/wp-json\/wp\/v2\/users\/8"}],"replies":[{"embeddable":true,"href":"https:\/\/pointer.com.br\/blog\/wp-json\/wp\/v2\/comments?post=52866"}],"version-history":[{"count":4,"href":"https:\/\/pointer.com.br\/blog\/wp-json\/wp\/v2\/posts\/52866\/revisions"}],"predecessor-version":[{"id":52881,"href":"https:\/\/pointer.com.br\/blog\/wp-json\/wp\/v2\/posts\/52866\/revisions\/52881"}],"wp:featuredmedia":[{"embeddable":true,"href":"https:\/\/pointer.com.br\/blog\/wp-json\/wp\/v2\/media\/52880"}],"wp:attachment":[{"href":"https:\/\/pointer.com.br\/blog\/wp-json\/wp\/v2\/media?parent=52866"}],"wp:term":[{"taxonomy":"category","embeddable":true,"href":"https:\/\/pointer.com.br\/blog\/wp-json\/wp\/v2\/categories?post=52866"},{"taxonomy":"post_tag","embeddable":true,"href":"https:\/\/pointer.com.br\/blog\/wp-json\/wp\/v2\/tags?post=52866"}],"curies":[{"name":"wp","href":"https:\/\/api.w.org\/{rel}","templated":true}]}}