{"id":52527,"date":"2025-05-13T09:16:18","date_gmt":"2025-05-13T12:16:18","guid":{"rendered":"https:\/\/pointer.com.br\/blog\/?p=52527"},"modified":"2025-05-13T09:16:18","modified_gmt":"2025-05-13T12:16:18","slug":"materiais-naturais-na-decoracao","status":"publish","type":"post","link":"https:\/\/pointer.com.br\/blog\/materiais-naturais-na-decoracao\/","title":{"rendered":"O uso de materiais naturais na decora\u00e7\u00e3o e suas sensa\u00e7\u00f5es"},"content":{"rendered":"<p>Voc\u00ea j\u00e1 ouviu falar em <a data-type=\"LINK\" href=\"https:\/\/pointer.com.br\/blog\/design-biofilico\/\" target=\"_blank\">design biof\u00edlico<\/a>? Esse conceito aborda a import\u00e2ncia de trazer elementos org\u00e2nicos para a arquitetura. E n\u00e3o \u00e9 apenas uma quest\u00e3o est\u00e9tica: o uso de materiais naturais traz mais sa\u00fade f\u00edsica e, principalmente, mental ao morador.\u00a0\u00a0<\/p>\n<p>Mais do que uma tend\u00eancia, a biofilia traz sa\u00fade, conforto e conex\u00e3o com a natureza. Veja como usar materiais naturais na decora\u00e7\u00e3o e quais sensa\u00e7\u00f5es cada um proporciona. Continue a leitura.\u00a0<\/p>\n<h2>Por que usar materiais naturais na decora\u00e7\u00e3o?\u00a0<\/h2>\n<p>Veja como ter plantas, madeira e fibras em casa pode transformar uma simples resid\u00eancia em um lar dos sonhos.\u00a0<\/p>\n<h3>Necessidade humana\u00a0<\/h3>\n<figure class=\"gh-styles-m__figureContainer\" style=\"float: none;text-align: center\"><img decoding=\"async\" alt=\"\" class=\"gh-styles-m__figureContainer-image\" height=\"990px\" src=\"https:\/\/pointer.com.br\/blog\/wp-content\/uploads\/2025\/05\/sannisahilqfRvXknZ8Scunsplash1.jpeg\" title=\"\" width=\"850px\" \/><figcaption class=\"gh-styles-m__figureContainer-caption\"><\/figcaption><\/figure>\n<p style=\"text-align:center\"><em>O homem \u00e9 biologicamente ligado \u00e0 natureza (foto: <\/em><a data-type=\"LINK\" href=\"https:\/\/unsplash.com\/pt-br\/fotografias\/um-quarto-com-uma-televisao-e-plantas-qfRvXknZ8Sc\" target=\"_blank\"><em>Sanni Sahil<\/em><\/a><em>)<\/em>\u00a0<\/p>\n<p>O ser humano precisa do contato com a natureza. H\u00e1 uma predisposi\u00e7\u00e3o biol\u00f3gica que exige essa intera\u00e7\u00e3o para melhoria da sa\u00fade f\u00edsica e mental. Pense em como muita gente se sente mais calma ao se sentar em um parque ou observar o balan\u00e7o do mar. A conex\u00e3o com o meio ambiente \u00e9 intr\u00ednseca ao indiv\u00edduo \u2014 afinal, tamb\u00e9m somos parte dele.\u00a0<\/p>\n<h3>Mais concentra\u00e7\u00e3o\u00a0<\/h3>\n<p>Segundo a Teoria da Restaura\u00e7\u00e3o da Aten\u00e7\u00e3o (<strong>A<\/strong>ttention <strong>R<\/strong>estoration <strong>T<\/strong>heory) afirma que \u00e9 poss\u00edvel restaurar a concentra\u00e7\u00e3o ap\u00f3s passar algum tempo na natureza.\u00a0\u00a0\u00a0<\/p>\n<p>Com uma rotina agitada, por\u00e9m, nem sempre \u00e9 poss\u00edvel ir a um parque ou jardim, por exemplo. Portanto, trazer elementos naturais para sua casa \u00e9 uma forma de manter esse contato; de trazer vida e cor para seu espa\u00e7o.\u00a0<\/p>\n<h3>Mais sa\u00fade\u00a0<\/h3>\n<p>Plantas, luz solar e ventila\u00e7\u00e3o melhoram a qualidade do oxig\u00eanio na casa. Quando voc\u00ea abre a janela, evita que o ar fique \\&#8221;viciado\\&#8221;, ou seja, sem renova\u00e7\u00e3o. Dessa forma, impede a prolifera\u00e7\u00e3o de v\u00edrus e outros microrganismos que possam causar doen\u00e7as respirat\u00f3rias.\u00a0<\/p>\n<h3>Sensa\u00e7\u00e3o de amplitude\u00a0<\/h3>\n<figure class=\"gh-styles-m__figureContainer\" style=\"float: none;text-align: center\"><img decoding=\"async\" alt=\"\" class=\"gh-styles-m__figureContainer-image\" height=\"1063px\" src=\"https:\/\/pointer.com.br\/blog\/wp-content\/uploads\/2025\/05\/pblamb3dpointer207358ematera60x120polret207123ematera60x60materetcena121.jpeg\" title=\"\" width=\"850px\" \/><figcaption class=\"gh-styles-m__figureContainer-caption\"><\/figcaption><\/figure>\n<p style=\"text-align:center\"><em>Piso e parede revestidos com Matera, da linha Matera<\/em>\u00a0<\/p>\n<p>Quando refletida em um ambiente claro, a luz solar \\&#8221;amplia\\&#8221; visualmente o ambiente, ou seja, traz a sensa\u00e7\u00e3o de que a casa \u00e9 maior, pois ilumina locais normalmente escondidos pela sombra.\u00a0\u00a0<\/p>\n<h2>Como usar materiais naturais na decora\u00e7\u00e3o\u00a0<\/h2>\n<p>Veja como investir em elementos org\u00e2nicos para deixar sua resid\u00eancia em contato com a natureza.\u00a0<\/p>\n<h3>Madeira\u00a0<\/h3>\n<figure class=\"gh-styles-m__figureContainer\" style=\"float: none;text-align: center\"><img decoding=\"async\" alt=\"\" class=\"gh-styles-m__figureContainer-image\" height=\"708px\" src=\"https:\/\/pointer.com.br\/blog\/wp-content\/uploads\/2025\/05\/pblamb3dpointer209025elenhoparquetavelanamatebold209012emediterraneaavelanasweet30x60matebrboldcena0531.jpeg\" title=\"\" width=\"850px\" \/><figcaption class=\"gh-styles-m__figureContainer-caption\"><\/figcaption><\/figure>\n<p><em>No piso, Parquet Avelana, da linha Lenho; nas paredes, Avelana Sweet, da linha Mediterr\u00e2nea<\/em>\u00a0<\/p>\n<p>Quando falamos de elementos naturais na arquitetura ou decora\u00e7\u00e3o, a <a data-type=\"LINK\" href=\"https:\/\/pointer.com.br\/blog\/novos-revestimentos-ceramicos-em-madeira\/\" target=\"_blank\">madeira<\/a> \u00e9 um dos primeiros nomes que v\u00eam \u00e0 mente. Muito popular, a mat\u00e9ria-prima remete a diversas sensa\u00e7\u00f5es, como casa de campo, casa de praia ou fazenda, por exemplo. A madeira \u00e9 um excelente isolante t\u00e9rmico, o que traz conforto tanto nos dias frios quanto no calor.\u00a0<\/p>\n<p>Mais do que um belo efeito est\u00e9tico, a madeira tamb\u00e9m pode acalmar o seu dia. Segundo um <a data-type=\"LINK\" href=\"https:\/\/pmc.ncbi.nlm.nih.gov\/articles\/PMC5551239\/\" target=\"_blank\">estudo de 2017<\/a> feito com 18 mulheres universit\u00e1rias, tocar o material por 90 segundo pode proporcionar relaxamento fisiol\u00f3gico.\u00a0<\/p>\n<p>Para revestimentos, a madeira \u00e9 um pouco mais complicada, j\u00e1 que o material mofa com o contato com a \u00e1gua. O verniz protege a casa, mas sua reaplica\u00e7\u00e3o deve ocorrer a cada cinco anos. Al\u00e9m disso, alguns reparos s\u00e3o essenciais, j\u00e1 que o material \u00e9 suscet\u00edvel \u00e0 retra\u00e7\u00e3o ou dilata\u00e7\u00e3o por conta da umidade.\u00a0<\/p>\n<p>O benef\u00edcio, por\u00e9m, \u00e9 que a manuten\u00e7\u00e3o de m\u00f3veis de madeira \u00e9 consideravelmente mais tranquila. O material, ali\u00e1s, quando bem envernizado, pode durar por d\u00e9cadas.\u00a0\u00a0<\/p>\n<h3>Tecidos naturais\u00a0<\/h3>\n<figure class=\"gh-styles-m__figureContainer\" style=\"float: none;text-align: center\"><img decoding=\"async\" alt=\"\" class=\"gh-styles-m__figureContainer-image\" height=\"567px\" src=\"https:\/\/pointer.com.br\/blog\/wp-content\/uploads\/2025\/05\/bearabyVSRjzIj0148unsplash1.jpeg\" title=\"\" width=\"850px\" \/><figcaption class=\"gh-styles-m__figureContainer-caption\"><\/figcaption><\/figure>\n<p style=\"text-align:center\"><em>Tecidos naturais deixam a casa mais confort\u00e1vel (foto: <\/em><a data-type=\"LINK\" href=\"https:\/\/unsplash.com\/pt-br\/fotografias\/um-sofa-com-um-cobertor-em-cima-dele-VSRjzIj0148\" target=\"_blank\"><em>Bearaby<\/em><\/a><em>)<\/em>\u00a0<\/p>\n<p>J\u00e1 parou para pensar na import\u00e2ncia do tecido para ter mais conforto em casa? Apesar de fazer toda a diferen\u00e7a para uma casa mais confort\u00e1vel, esse elemento \u00e9, muitas vezes, negligenciado.\u00a0<\/p>\n<p>Pense na sua roupa. Em dias de calor, \u00e9 fundamental olhar a etiqueta para saber qual o tecido da pe\u00e7a. Se estiver escrito \\&#8221;100% poli\u00e9ster\\&#8221;, voc\u00ea vai suar \u2014 mesmo que a blusa em quest\u00e3o seja sem mangas.\u00a0<\/p>\n<p>O mesmo acontece na sua casa. Linho, algod\u00e3o, l\u00e3 e at\u00e9 viscose \u2014 que, embora n\u00e3o seja natural, \u00e9 composta por fibras de celulose da madeira, bambu ou eucalipto \u2014 s\u00e3o formas de trazer mais textura, frescor e, principalmente, conforto para a resid\u00eancia.\u00a0\u00a0<\/p>\n<p>A mistura de texturas \u00e9 agrad\u00e1vel ao toque, deixa a casa mais confort\u00e1vel e proporciona uma decora\u00e7\u00e3o visualmente mais interessante. Aposte nos tecidos em m\u00f3veis, mantas e almofadas.\u00a0<\/p>\n<h3>Fibras\u00a0<\/h3>\n<p>Al\u00e9m do tecido, outra forma de trazer materiais naturais para sua decora\u00e7\u00e3o \u00e9 por meio das <a data-type=\"LINK\" href=\"https:\/\/pointer.com.br\/blog\/fibras-naturais-na-decoracao\/\" target=\"_blank\">fibras<\/a>. Tran\u00e7adas, formam artesanato \u2014 uma arte com funcionalidade para sua resid\u00eancia.\u00a0<\/p>\n<p>Algumas formas de utilizar a fibra na decora\u00e7\u00e3o da sua casa s\u00e3o:\u00a0\u00a0<\/p>\n<ul>\n<li>cestos tran\u00e7ados para roupas, revistas, p\u00e3es e at\u00e9 plantas;\u00a0<\/li>\n<li>mesas, cadeiras e escrivaninhas de fibras de rattan;\u00a0<\/li>\n<li>jogos americanos;\u00a0<\/li>\n<li>tapetes de sisal;\u00a0<\/li>\n<li>lumin\u00e1rias;\u00a0<\/li>\n<li>pufes.\u00a0<\/li>\n<\/ul>\n<p>Tome cuidado apenas com bambu, principalmente em ambientes \u00famidos, pois essa fibra tem mais facilidade em mofar.\u00a0<\/p>\n<h3>Plantas\u00a0<\/h3>\n<figure class=\"gh-styles-m__figureContainer\" style=\"float: none;text-align: center\"><img decoding=\"async\" alt=\"\" class=\"gh-styles-m__figureContainer-image\" height=\"850px\" src=\"https:\/\/pointer.com.br\/blog\/wp-content\/uploads\/2025\/05\/pblamb3dpointer209022esparkblack60x60matebrbold207362emateragiardino60x120brret2024018POINTERRecepcaoRender4K1.jpeg\" title=\"\" width=\"850px\" \/><figcaption class=\"gh-styles-m__figureContainer-caption\"><\/figcaption><\/figure>\n<p style=\"text-align:center\"><em>No piso, Spark Black, da linha Spark; nas paredes, Giardino, da linha Matera<\/em>\u00a0<\/p>\n<p>Uma forma f\u00e1cil de trazer elementos naturais para a decora\u00e7\u00e3o \u00e9 por meio das plantas. Aposte em texturas, cores e fun\u00e7\u00f5es diferentes. A lavanda, por exemplo, trar\u00e1 relaxamento, enquanto o ger\u00e2nio colore e perfuma.\u00a0\u00a0<\/p>\n<p>H\u00e1 in\u00fameras plantas que voc\u00ea pode cultivar em casa. \u00c9 preciso observar, no entanto, quais cuidados cada esp\u00e9cie necessita e, principalmente, se s\u00e3o t\u00f3xicas para animais. A costela-de-ad\u00e3o, por exemplo, \u00e9 linda, mas t\u00f3xica para c\u00e3es e gatos; j\u00e1 a violeta africana e a brom\u00e9lia s\u00e3o seguras.\u00a0<\/p>\n<h3>Ilumina\u00e7\u00e3o e ventila\u00e7\u00e3o naturais\u00a0<\/h3>\n<p>Embora n\u00e3o sejam materiais naturais, a luz, o calor e a ventila\u00e7\u00e3o s\u00e3o fundamentais para esse contato com a natureza.\u00a0\u00a0<\/p>\n<p>O contato com o sol \u00e9 uma quest\u00e3o de sa\u00fade. Bastam alguns minutos para que nosso organismo consiga regular o <a data-type=\"LINK\" href=\"https:\/\/www.bbc.com\/portuguese\/geral-60440529\" target=\"_blank\">ciclo circadiano e a produ\u00e7\u00e3o de vitamina D<\/a>, essencial para os ossos. E quando falamos da casa, o calor evita o excesso de umidade e a forma\u00e7\u00e3o de bolores.\u00a0<\/p>\n<p>A ventila\u00e7\u00e3o, al\u00e9m de tamb\u00e9m evitar mofo e trazer conforto t\u00e9rmico, reduz os riscos de doen\u00e7as respirat\u00f3rias e prolifera\u00e7\u00e3o de v\u00edrus. Abrir as janelas permite que o ar se renove \u00c9 uma quest\u00e3o, acima de tudo, de sa\u00fade.\u00a0<\/p>\n<p>Janelas amplas e bem-posicionadas permitem que a luz solar e a ventila\u00e7\u00e3o entrem da melhor forma poss\u00edvel. Caso sua resid\u00eancia n\u00e3o as tenha, basta abri-las para renovar a qualidade do ar.\u00a0<\/p>\n<h3>Formas org\u00e2nicas\u00a0<\/h3>\n<figure class=\"gh-styles-m__figureContainer\" style=\"float: none;text-align: center\"><img decoding=\"async\" alt=\"\" class=\"gh-styles-m__figureContainer-image\" height=\"1216px\" src=\"https:\/\/pointer.com.br\/blog\/wp-content\/uploads\/2025\/05\/raymondpetrikVWLrQ2op6GQunsplash1.jpeg\" title=\"\" width=\"850px\" \/><figcaption class=\"gh-styles-m__figureContainer-caption\"><\/figcaption><\/figure>\n<p style=\"text-align:center\"><em>Formas redondas, com linhas e fios, remetem a materiais naturais (foto: <\/em><a data-type=\"LINK\" href=\"https:\/\/unsplash.com\/pt-br\/fotografias\/uma-cadeira-com-um-no-em-cima-dela-VWLrQ2op6GQ\" target=\"_blank\"><em>Raymond Petrik<\/em><\/a><em>)<\/em>\u00a0<\/p>\n<p>Aqui, n\u00e3o falamos diretamente de materiais naturais, mas em sua inspira\u00e7\u00e3o no design. Formas fluidas, arredondadas, at\u00e9 mesmo um pouco assim\u00e9tricas, remetem ao movimento das \u00e1guas, \u00e0 diversidade das folhas e \u00e0 riqueza das rochas.\u00a0<\/p>\n<p>Como visto, o uso de materiais naturais traz n\u00e3o apenas beleza, mas auxilia na sa\u00fade f\u00edsica e mental do morador. Ter um espa\u00e7o que funciona como um ref\u00fagio do caos urbano permite que voc\u00ea possa recuperar as energias para enfrentar uma rotina agitada.\u00a0<\/p>\n<p><strong>E se voc\u00ea deseja ampliar o uso de materiais da natureza como revestimento, veja como utilizar <\/strong><a data-type=\"LINK\" href=\"https:\/\/pointer.com.br\/blog\/pedras-naturais\/\" target=\"_blank\"><strong>pedras naturais<\/strong><\/a><strong>.<\/strong><\/p>\n","protected":false},"excerpt":{"rendered":"<p>Mais do que o lado est\u00e9tico, o uso de recursos naturais traz benef\u00edcios para a sa\u00fade f\u00edsica e mental. Veja como funciona e como utiliz\u00e1-los!<\/p>\n","protected":false},"author":8,"featured_media":52554,"comment_status":"open","ping_status":"open","sticky":false,"template":"","format":"standard","meta":{"footnotes":""},"categories":[11],"tags":[],"class_list":["post-52527","post","type-post","status-publish","format-standard","has-post-thumbnail","hentry","category-pointer-tips"],"acf":[],"_links":{"self":[{"href":"https:\/\/pointer.com.br\/blog\/wp-json\/wp\/v2\/posts\/52527","targetHints":{"allow":["GET"]}}],"collection":[{"href":"https:\/\/pointer.com.br\/blog\/wp-json\/wp\/v2\/posts"}],"about":[{"href":"https:\/\/pointer.com.br\/blog\/wp-json\/wp\/v2\/types\/post"}],"author":[{"embeddable":true,"href":"https:\/\/pointer.com.br\/blog\/wp-json\/wp\/v2\/users\/8"}],"replies":[{"embeddable":true,"href":"https:\/\/pointer.com.br\/blog\/wp-json\/wp\/v2\/comments?post=52527"}],"version-history":[{"count":8,"href":"https:\/\/pointer.com.br\/blog\/wp-json\/wp\/v2\/posts\/52527\/revisions"}],"predecessor-version":[{"id":52555,"href":"https:\/\/pointer.com.br\/blog\/wp-json\/wp\/v2\/posts\/52527\/revisions\/52555"}],"wp:featuredmedia":[{"embeddable":true,"href":"https:\/\/pointer.com.br\/blog\/wp-json\/wp\/v2\/media\/52554"}],"wp:attachment":[{"href":"https:\/\/pointer.com.br\/blog\/wp-json\/wp\/v2\/media?parent=52527"}],"wp:term":[{"taxonomy":"category","embeddable":true,"href":"https:\/\/pointer.com.br\/blog\/wp-json\/wp\/v2\/categories?post=52527"},{"taxonomy":"post_tag","embeddable":true,"href":"https:\/\/pointer.com.br\/blog\/wp-json\/wp\/v2\/tags?post=52527"}],"curies":[{"name":"wp","href":"https:\/\/api.w.org\/{rel}","templated":true}]}}