{"id":52260,"date":"2025-02-27T10:11:03","date_gmt":"2025-02-27T13:11:03","guid":{"rendered":"https:\/\/pointer.com.br\/blog\/?p=52260"},"modified":"2025-02-27T10:11:03","modified_gmt":"2025-02-27T13:11:03","slug":"o-brutalista","status":"publish","type":"post","link":"https:\/\/pointer.com.br\/blog\/o-brutalista\/","title":{"rendered":"O Brutalista: o longa que re\u00fane cinema e arquitetura no \u00d3scar"},"content":{"rendered":"<p>Com a temporada do Oscar em pleno andamento, o filme \\&#8221;O Brutalista\\&#8221; tem se destacado como uma das produ\u00e7\u00f5es mais comentadas do ano.<\/p>\n<p>O longa oferece uma narrativa profunda que entrela\u00e7a a vida de um arquiteto vision\u00e1rio com o <a data-type=\"LINK\" href=\"https:\/\/pointer.com.br\/blog\/os-8-maiores-beneficios-de-investir-em-um-projeto-arquitetonico\/\" target=\"_blank\"><u>movimento arquitet\u00f4nico<\/u><\/a> conhecido como brutalismo.<\/p>\n<p>Neste artigo, vamos explorar a sinopse do filme e tra\u00e7ar um paralelo entre sua trama e a arquitetura brutalista, destacando obras brasileiras emblem\u00e1ticas desse estilo. Confira!<\/p>\n<h2>\\&#8221;O Brutalista\\&#8221; conta hist\u00f3ria baseada em fatos reais<\/h2>\n<p>Ambientado em 1947, \\&#8221;O Brutalista\\&#8221; acompanha a trajet\u00f3ria de L\u00e1szl\u00f3 T\u00f3th, um arquiteto h\u00fangaro formado na Bauhaus, interpretado por Adrien Brody.<\/p>\n<p>Ap\u00f3s os horrores da Segunda Guerra Mundial, T\u00f3th e sua esposa, Erzs\u00e9bet (Felicity Jones), emigram para os Estados Unidos em busca de um novo come\u00e7o.<\/p>\n<p>L\u00e1, ele enfrenta desafios profissionais e pessoais enquanto tenta estabelecer seu <a data-type=\"LINK\" href=\"https:\/\/pointer.com.br\/blog\/estilo-de-decoracao\/\" target=\"_blank\"><u>estilo arquitet\u00f4nico<\/u><\/a> inovador em um novo continente.<\/p>\n<p>Embora a narrativa seja ficcional, o diretor Brady Corbet inspirou-se em eventos hist\u00f3ricos e consultou especialistas para conferir autenticidade \u00e0 hist\u00f3ria.<\/p>\n<p>O filme foi ovacionado no Festival Internacional de Cinema de Veneza e \u00e9 considerado um forte candidato ao Oscar deste ano.<\/p>\n<h2>O Brutalismo na arquitetura<\/h2>\n<p>Em \u201cO Brutalista\u201d, um estilo arquitet\u00f4nico ganha destaque: o brutalismo. Ele surgiu no per\u00edodo p\u00f3s-Segunda Guerra Mundial. Ele \u00e9 caracterizado pelo uso expressivo do concreto aparente e <a data-type=\"LINK\" href=\"https:\/\/pointer.com.br\/blog\/figuras-geometricas-na-decoracao\/\" target=\"_blank\"><u>formas geom\u00e9tricas<\/u><\/a> robustas.<\/p>\n<p>O termo deriva do franc\u00eas \\&#8221;b\u00e9ton brut\\&#8221;, que significa \\&#8221;concreto bruto\\&#8221;. As edifica\u00e7\u00f5es brutalistas destacam-se pela <a data-type=\"LINK\" href=\"https:\/\/pointer.com.br\/blog\/estilo-rustico\/\" target=\"_blank\"><u>estrutura r\u00fastica<\/u><\/a> e est\u00e9tica despojada, frequentemente revelando a textura das f\u00f4rmas de madeira utilizadas na moldagem do concreto.<\/p>\n<h3>Obras Brutalistas no Brasil<\/h3>\n<figure class=\"gh-styles-m__figureContainer\" style=\"float: undefined;text-align: center\"><img decoding=\"async\" alt=\"\" class=\"gh-styles-m__figureContainer-image\" height=\"auto\" src=\"https:\/\/pointer.com.br\/blog\/wp-content\/uploads\/2025\/02\/obrutalistaobrasbrasil.jpeg\" title=\"\" width=\"60%\" \/><figcaption class=\"gh-styles-m__figureContainer-caption\"><\/figcaption><\/figure>\n<p style=\"text-align:center\"><em>FAU-USP \u00e9 um dos exemplos de arquitetura brutalista no Brasil (Foto: <\/em><a data-type=\"LINK\" href=\"https:\/\/www.flickr.com\/photos\/thomashobbs\/106943359\/in\/photolist-as7x2-5qLzNz-9d58r-e85Uea-as7x4-a68m4c-6Z1BX-a4nzhq-7QwvQ6-EWad-a4jJGz-7QwrJn-5Tfh9A-5qAEcA-a4nyJ9-5jeWWs-a4nzCG-mEf7ZD-6rn3ei-9vkZ47-UJBk-cN8crj-kGsbY-6bsgqZ-66CQP6-GFzb-cN7GRh-8tPWj7-F247F-81WWiw-6tsPVB-7Hgnu5-5qAbyY-4WNSsh-2FZNSu-4RwuxF-p9jG9-81TY5x-5tR5b5-59LLqU-4T2kLP-5qA8B1-2GbqNq-EW9Y-4RwoQr-4uYUHP-6kdwML-53khLb-4uYUy8-2Gcn27\" target=\"_blank\"><em>Thomas Hobbs<\/em><\/a><em>)<\/em><\/p>\n<p>No Brasil, o brutalismo ganhou destaque a partir da d\u00e9cada de 1950, influenciando uma s\u00e9rie de projetos marcantes. Algumas das obras mais emblem\u00e1ticas incluem:<\/p>\n<ul>\n<li><strong>Faculdade de Arquitetura e Urbanismo da Universidade de S\u00e3o Paulo (FAU-USP)<\/strong>: projetada por Jo\u00e3o Vilanova Artigas e Carlos Cascaldi, \u00e9 um \u00edcone do brutalismo brasileiro. \u00c9 reconhecida por suas amplas \u00e1reas abertas e uso expressivo do concreto aparente.<\/li>\n<li><strong>Tribunal de Justi\u00e7a do Estado do Piau\u00ed<\/strong>: desenvolvido por Ac\u00e1cio Gil Borsoi, este edif\u00edcio exemplifica a adapta\u00e7\u00e3o do brutalismo ao clima tropical. Ele incorpora elementos que permitem ventila\u00e7\u00e3o natural e prote\u00e7\u00e3o solar.<\/li>\n<li><strong>Centro de Exposi\u00e7\u00f5es do Centro Administrativo da Bahia<\/strong>: criado por Jo\u00e3o Filgueiras Lima, conhecido como Lel\u00e9, o centro se destaca pelas solu\u00e7\u00f5es construtivas inovadoras e pela integra\u00e7\u00e3o harmoniosa entre forma e fun\u00e7\u00e3o.<\/li>\n<\/ul>\n<p>Essas obras refletem a versatilidade do brutalismo e sua capacidade de dialogar com diferentes contextos culturais e clim\u00e1ticos, mantendo a ess\u00eancia de funcionalidade e est\u00e9tica caracter\u00edstica do movimento.<\/p>\n<p>\\&#8221;O Brutalista\\&#8221; n\u00e3o apenas narra a jornada de um <a data-type=\"LINK\" href=\"https:\/\/pointer.com.br\/blog\/dicas-de-arquiteto-para-amador\/\" target=\"_blank\"><u>arquiteto<\/u><\/a> em busca de afirma\u00e7\u00e3o, mas tamb\u00e9m serve como uma homenagem ao movimento brutalista na arquitetura.<\/p>\n<p>Ao explorar as lutas e triunfos do protagonista, o filme convida o p\u00fablico a refletir sobre a rela\u00e7\u00e3o entre arte, arquitetura e a experi\u00eancia humana, destacando como o ambiente constru\u00eddo pode influenciar e ser influenciado pelas hist\u00f3rias de vida daqueles que o habitam.<\/p>\n<p><strong>Se voc\u00ea tamb\u00e9m gosta de misturar cultura e arquitetura, continue aqui no blog e <\/strong><a data-type=\"LINK\" href=\"https:\/\/pointer.com.br\/blog\/brasilidade-na-decoracao\/\" target=\"_blank\"><strong><u>saiba como aplicar a brasilidade nos ambientes<\/u><\/strong><\/a><strong>.<\/strong><\/p>\n","protected":false},"excerpt":{"rendered":"<p>Filme \\&#8221;O Brutalista\\&#8221; conta a hist\u00f3ria de um arquiteto, com seus desafios e anseios, fazendo paralelo com um estilo arquitet\u00f4nico. Conhe\u00e7a.<\/p>\n","protected":false},"author":7,"featured_media":52308,"comment_status":"open","ping_status":"open","sticky":false,"template":"","format":"standard","meta":{"footnotes":""},"categories":[10],"tags":[],"class_list":["post-52260","post","type-post","status-publish","format-standard","has-post-thumbnail","hentry","category-dicas-pointer"],"acf":[],"_links":{"self":[{"href":"https:\/\/pointer.com.br\/blog\/wp-json\/wp\/v2\/posts\/52260","targetHints":{"allow":["GET"]}}],"collection":[{"href":"https:\/\/pointer.com.br\/blog\/wp-json\/wp\/v2\/posts"}],"about":[{"href":"https:\/\/pointer.com.br\/blog\/wp-json\/wp\/v2\/types\/post"}],"author":[{"embeddable":true,"href":"https:\/\/pointer.com.br\/blog\/wp-json\/wp\/v2\/users\/7"}],"replies":[{"embeddable":true,"href":"https:\/\/pointer.com.br\/blog\/wp-json\/wp\/v2\/comments?post=52260"}],"version-history":[{"count":5,"href":"https:\/\/pointer.com.br\/blog\/wp-json\/wp\/v2\/posts\/52260\/revisions"}],"predecessor-version":[{"id":52309,"href":"https:\/\/pointer.com.br\/blog\/wp-json\/wp\/v2\/posts\/52260\/revisions\/52309"}],"wp:featuredmedia":[{"embeddable":true,"href":"https:\/\/pointer.com.br\/blog\/wp-json\/wp\/v2\/media\/52308"}],"wp:attachment":[{"href":"https:\/\/pointer.com.br\/blog\/wp-json\/wp\/v2\/media?parent=52260"}],"wp:term":[{"taxonomy":"category","embeddable":true,"href":"https:\/\/pointer.com.br\/blog\/wp-json\/wp\/v2\/categories?post=52260"},{"taxonomy":"post_tag","embeddable":true,"href":"https:\/\/pointer.com.br\/blog\/wp-json\/wp\/v2\/tags?post=52260"}],"curies":[{"name":"wp","href":"https:\/\/api.w.org\/{rel}","templated":true}]}}