{"id":51544,"date":"2024-08-12T15:24:21","date_gmt":"2024-08-12T18:24:21","guid":{"rendered":"https:\/\/pointer.com.br\/blog\/?p=51544"},"modified":"2024-08-12T15:24:21","modified_gmt":"2024-08-12T18:24:21","slug":"sala-branca-como-decorar-com-estilo-sem-ser-basico","status":"publish","type":"post","link":"https:\/\/pointer.com.br\/blog\/sala-branca-como-decorar-com-estilo-sem-ser-basico\/","title":{"rendered":"Sala branca: como decorar com estilo sem ser b\u00e1sico"},"content":{"rendered":"<p>Quando voc\u00ea vai para uma nova casa ou apartamento, geralmente d\u00e1 de cara com uma sala branca. N\u00e3o \u00e0 toa, ela se tornou um cl\u00e1ssico do design de interiores. Por ter uma base clara, \u00e9 poss\u00edvel fazer diferentes combina\u00e7\u00f5es sem deixar o ambiente visualmente polu\u00eddo.\u00a0\u00a0<\/p>\n<p>Para quem gosta de um ambiente mais clean, vamos mostrar como ter uma sala branca com personalidade. Confira!\u00a0<\/p>\n<h2>Como decorar uma sala branca sem cair no t\u00e9dio\u00a0<\/h2>\n<p>A cor branca traz eleg\u00e2ncia e ar de limpeza para sua sala. Veja como usar a tend\u00eancia com estilo:\u00a0<\/p>\n<h3>Tons org\u00e2nicos<\/h3>\n<figure class=\"gh-styles-m__figureContainer\" style=\"float: undefined;text-align: center\"><img decoding=\"async\" alt=\"sala branca\" class=\"gh-styles-m__figureContainer-image\" height=\"null%\" src=\"https:\/\/pointer.com.br\/blog\/wp-content\/uploads\/2024\/08\/1pblambpointer201547ondinacinza30x60mate201522tearbranco80x80extretestar1.jpeg\" title=\"\" width=\"100%\" \/><figcaption class=\"gh-styles-m__figureContainer-caption\"><\/figcaption><\/figure>\n<p style=\"text-align:center\"><em>Na parede, cer\u00e2mica Ondina Bege, da linha Ondina; no piso, Tear Branco, da linha Tear<\/em>\u00a0<\/p>\n<p>Quando voc\u00ea tem uma sala branca, ela pode ser uma esp\u00e9cie de \\&#8221;tela em branco\\&#8221; para que outras cores e objetos brilhem.\u00a0<\/p>\n<p>No exemplo acima, h\u00e1 uma paleta de cores org\u00e2nicas: o verde (das almofadas e dos m\u00f3veis) e o marrom (da parede de madeira ao fundo) formam uma atmosfera de <a data-type=\"LINK\" href=\"https:\/\/pointer.com.br\/blog\/revestimentos-naturais-ceramicas-que-levam-a-natureza-para-dentro-de-casa\/\" target=\"_blank\">natureza<\/a> no ambiente.\u00a0<\/p>\n<h3>Ponto de cor<\/h3>\n<figure class=\"gh-styles-m__figureContainer\" style=\"float: undefined;text-align: center\"><img decoding=\"async\" alt=\"sala branca\" class=\"gh-styles-m__figureContainer-image\" height=\"null%\" src=\"https:\/\/pointer.com.br\/blog\/wp-content\/uploads\/2024\/08\/pointerambiente202593202783ebiancogioia60x120pol3d01.jpeg\" title=\"\" width=\"100%\" \/><figcaption class=\"gh-styles-m__figureContainer-caption\"><\/figcaption><\/figure>\n<p><em>Na parede, Bianco Gioia, da linha Classica, tem uma superf\u00edcie polida que brilha com a luz do sol<\/em>\u00a0<\/p>\n<p>Tem um m\u00f3vel de cor chamativa? Na sala branca, ele vai se tornar um destaque. No exemplo acima, o piso de madeira trouxe equil\u00edbrio entre o tom claro e o sof\u00e1 azul-real.\u00a0<\/p>\n<h3>Texturas diferentes\u00a0<\/h3>\n<figure class=\"gh-styles-m__figureContainer\" style=\"float: undefined;text-align: center\"><img decoding=\"async\" alt=\"sala branca\" class=\"gh-styles-m__figureContainer-image\" height=\"null%\" src=\"https:\/\/pointer.com.br\/blog\/wp-content\/uploads\/2024\/08\/pblamb3dpointer207356eimperialechiaro60x120polret207361echiaroporticochiaro60x120materet207121echiaro60x60materetcena0621.jpeg\" title=\"\" width=\"100%\" \/><figcaption class=\"gh-styles-m__figureContainer-caption\"><\/figcaption><\/figure>\n<p><em>Dois revestimentos da linha Imperiale revestem a sala branca: na parede esquerda, Portico Chiaro; na parede direita e no piso, Imperiale Chiaro<\/em>\u00a0<\/p>\n<p>Uma sala pode ter todos os revestimentos na cor branca, mas a diferen\u00e7a de <a data-type=\"LINK\" href=\"https:\/\/pointer.com.br\/blog\/parede-com-textura\/\" target=\"_blank\">texturas<\/a> faz toda a diferen\u00e7a no visual. As superf\u00edcies texturizadas funcionam como \\&#8221;estampas\\&#8221; mais discretas, que proporcionam um sensorial diferente em cada espa\u00e7o.\u00a0<\/p>\n<h3>Madeira<\/h3>\n<figure class=\"gh-styles-m__figureContainer\" style=\"float: undefined;text-align: center\"><img decoding=\"async\" alt=\"sala branca\" class=\"gh-styles-m__figureContainer-image\" height=\"null%\" src=\"https:\/\/pointer.com.br\/blog\/wp-content\/uploads\/2024\/08\/pointerambiente202781202789eavelanaambar20x120mate3d01.jpeg\" title=\"\" width=\"100%\" \/><figcaption class=\"gh-styles-m__figureContainer-caption\"><\/figcaption><\/figure>\n<p><em>A madeira se une ao branco para criar uma sala discreta. No piso, Avelana Ambar, da linha Mediterranea<\/em>\u00a0<\/p>\n<p>Para quem n\u00e3o deseja uma sala branca por completo, aposte na madeira. O revestimento cer\u00e2mico que reproduz o material garante durabilidade com uma excelente combina\u00e7\u00e3o est\u00e9tica.\u00a0<\/p>\n<h3>Branco, mas nem tanto<\/h3>\n<figure class=\"gh-styles-m__figureContainer\" style=\"float: undefined;text-align: center\"><img decoding=\"async\" alt=\"sala branca\" class=\"gh-styles-m__figureContainer-image\" height=\"null%\" src=\"https:\/\/pointer.com.br\/blog\/wp-content\/uploads\/2024\/08\/PblamvPointer41105equasarsol80x80polret021.jpeg\" title=\"\" width=\"100%\" \/><figcaption class=\"gh-styles-m__figureContainer-caption\"><\/figcaption><\/figure>\n<p style=\"text-align:left\"><em>O piso Quasar Sol, da linha Quasar, traz cor e se destaca na sala branca<\/em>\u00a0<\/p>\n<p>Repare que a sala \u00e9 totalmente p&amp;b, mas o piso traz o diferencial. <a data-type=\"LINK\" href=\"https:\/\/www.pointer.com.br\/revestimento\/quasar-sol-80X80-pol\" target=\"_blank\">Quasar Sol<\/a> une os conceitos de <a data-type=\"LINK\" href=\"https:\/\/pointer.com.br\/blog\/terrazzo-veneziano\/\" target=\"_blank\">terrazzo veneziano<\/a> e ch\u00e3o de cacos, formando uma superf\u00edcie \u00fanica.\u00a0\u00a0<\/p>\n<figure class=\"gh-styles-m__figureContainer\" style=\"float: undefined;text-align: center\"><img decoding=\"async\" alt=\"sala branca\" class=\"gh-styles-m__figureContainer-image\" height=\"null%\" src=\"https:\/\/pointer.com.br\/blog\/wp-content\/uploads\/2024\/08\/PblamvPointer41111eclassicavendome80x80polret11.jpeg\" title=\"\" width=\"100%\" \/><figcaption class=\"gh-styles-m__figureContainer-caption\"><\/figcaption><\/figure>\n<p style=\"text-align:justify\"><em>No design de interiores, a combina\u00e7\u00e3o p&amp;b nunca sai de moda. No piso, Vendome, da linha Classica<\/em>\u00a0<\/p>\n<p style=\"text-align:justify\">Em mais uma combina\u00e7\u00e3o p&amp;b, vemos que formas, texturas e desenhos trazem toda a diferen\u00e7a no design. Elementos evitam que o ambiente fique visualmente \\&#8221;chapado\\&#8221; ou \\&#8221;liso\\&#8221;, pois criam profundidade.\u00a0<\/p>\n<h3 style=\"text-align:justify\">Janelas grandes<\/h3>\n<figure class=\"gh-styles-m__figureContainer\" style=\"float: undefined;text-align: center\"><img decoding=\"async\" alt=\"sala branca\" class=\"gh-styles-m__figureContainer-image\" height=\"null%\" src=\"https:\/\/pointer.com.br\/blog\/wp-content\/uploads\/2024\/08\/pblamvpointer41115eclassicastatuarietto80x80polret1.jpeg\" title=\"\" width=\"100%\" \/><figcaption class=\"gh-styles-m__figureContainer-caption\"><\/figcaption><\/figure>\n<p><em>No piso, revestimento Statuarietto, da linha Piasentina, traz superf\u00edcie que reproduz m\u00e1rmore e brilho polido<\/em>\u00a0<\/p>\n<p>Os toques de cor nem precisam vir da pr\u00f3pria sala. No exemplo acima, o verde da \u00e1rea externa traz toda a vibra\u00e7\u00e3o tonal que a casa precisa. Para isso acontecer, s\u00f3 foi preciso abrir a janela.\u00a0<\/p>\n<h3>Parede diferenciada<\/h3>\n<figure class=\"gh-styles-m__figureContainer\" style=\"float: undefined;text-align: center\"><img decoding=\"async\" alt=\"sala branca\" class=\"gh-styles-m__figureContainer-image\" height=\"null%\" src=\"https:\/\/pointer.com.br\/blog\/wp-content\/uploads\/2024\/08\/pblamvpointeroxidecorten45x90materetcmotionofwhite80x80matret21.jpeg\" title=\"\" width=\"100%\" \/><figcaption class=\"gh-styles-m__figureContainer-caption\"><\/figcaption><\/figure>\n<p><em>Revestimento Oxide Corten, da linha Oxide, traz um ponto de cor \u00e0 sala majoritariamente branca<\/em>\u00a0<\/p>\n<p>Uma sala branca n\u00e3o precisa ter todas as superf\u00edcies neste tom. Como vimos, \u00e9 poss\u00edvel ter o piso com um tom de madeira.\u00a0\u00a0<\/p>\n<p>Podemos aplicar a mesma ideia \u00e0s paredes. Nesse caso, o <a data-type=\"LINK\" href=\"https:\/\/www.pointer.com.br\/revestimento\/oxide-corten-60X120-mate\" target=\"_blank\">Oxide Corten<\/a> traz a cor vibrante do <a data-type=\"LINK\" href=\"https:\/\/pointer.com.br\/blog\/aco-corten\/\" target=\"_blank\">a\u00e7o corten<\/a> contrastando com revestimentos claros e m\u00f3veis neutros.\u00a0<\/p>\n<p>Como visto, d\u00e1 para ter uma sala branca cheia de personalidade e com informa\u00e7\u00f5es de design. Mas se voc\u00ea reparou, um revestimento se repetiu bastante nos exemplos acima: o m\u00e1rmore. Veja como utilizar esse <a data-type=\"LINK\" href=\"https:\/\/pointer.com.br\/blog\/marmore-o-revestimento-mais-classico-do-design\/\" target=\"_blank\">cl\u00e1ssico da arquitetura<\/a>!<\/p>\n","protected":false},"excerpt":{"rendered":"<p>B\u00e1sica, a sala branca \u00e9 a tela em branco para o decorador criativo. Veja como deix\u00e1-la com a sua cara!<\/p>\n","protected":false},"author":0,"featured_media":51648,"comment_status":"open","ping_status":"open","sticky":false,"template":"","format":"standard","meta":{"footnotes":""},"categories":[1],"tags":[],"class_list":["post-51544","post","type-post","status-publish","format-standard","has-post-thumbnail","hentry","category-nao-categorizado"],"acf":[],"_links":{"self":[{"href":"https:\/\/pointer.com.br\/blog\/wp-json\/wp\/v2\/posts\/51544","targetHints":{"allow":["GET"]}}],"collection":[{"href":"https:\/\/pointer.com.br\/blog\/wp-json\/wp\/v2\/posts"}],"about":[{"href":"https:\/\/pointer.com.br\/blog\/wp-json\/wp\/v2\/types\/post"}],"replies":[{"embeddable":true,"href":"https:\/\/pointer.com.br\/blog\/wp-json\/wp\/v2\/comments?post=51544"}],"version-history":[{"count":5,"href":"https:\/\/pointer.com.br\/blog\/wp-json\/wp\/v2\/posts\/51544\/revisions"}],"predecessor-version":[{"id":51649,"href":"https:\/\/pointer.com.br\/blog\/wp-json\/wp\/v2\/posts\/51544\/revisions\/51649"}],"wp:featuredmedia":[{"embeddable":true,"href":"https:\/\/pointer.com.br\/blog\/wp-json\/wp\/v2\/media\/51648"}],"wp:attachment":[{"href":"https:\/\/pointer.com.br\/blog\/wp-json\/wp\/v2\/media?parent=51544"}],"wp:term":[{"taxonomy":"category","embeddable":true,"href":"https:\/\/pointer.com.br\/blog\/wp-json\/wp\/v2\/categories?post=51544"},{"taxonomy":"post_tag","embeddable":true,"href":"https:\/\/pointer.com.br\/blog\/wp-json\/wp\/v2\/tags?post=51544"}],"curies":[{"name":"wp","href":"https:\/\/api.w.org\/{rel}","templated":true}]}}