{"id":49877,"date":"2023-06-23T09:32:09","date_gmt":"2023-06-23T12:32:09","guid":{"rendered":"https:\/\/pointer.com.br\/blog\/?p=49877"},"modified":"2023-06-23T09:32:09","modified_gmt":"2023-06-23T12:32:09","slug":"5-tendencias-do-salao-do-movel-de-milao-para-aplicar-em-casa","status":"publish","type":"post","link":"https:\/\/pointer.com.br\/blog\/5-tendencias-do-salao-do-movel-de-milao-para-aplicar-em-casa\/","title":{"rendered":"5 tend\u00eancias do Sal\u00e3o do M\u00f3vel de Mil\u00e3o para aplicar em casa"},"content":{"rendered":"<p>Ficar de olho nas tend\u00eancias do Sal\u00e3o do M\u00f3vel de Mil\u00e3o \u00e9 uma boa maneira de garantir uma decora\u00e7\u00e3o atual e bonita para a casa. E em 2023 n\u00e3o \u00e9 diferente.<\/p>\n<p>A feira \u00e9 uma das mais importantes no setor e acontece anualmente em Mil\u00e3o, na It\u00e1lia. Na 61\u00aa edi\u00e7\u00e3o, foram quase 2.000 marcas levando novos produtos e ideais que servem de inspira\u00e7\u00e3o para projetos de todos os tipos.<\/p>\n<p>Quer conferir as principais tend\u00eancias do Sal\u00e3o do M\u00f3vel de Mil\u00e3o e entender como aplicar na sua casa? Acompanhe a leitura!<\/p>\n<h2>1. Cores que remetem \u00e0 natureza est\u00e3o em alta<\/h2>\n<figure class=\"gh-styles-m__figureContainer\" style=\"float: undefined;text-align: center\"><img decoding=\"async\" alt=\"tend\u00eancias do sal\u00e3o do m\u00f3vel de mil\u00e3o\" class=\"gh-styles-m__figureContainer-image\" height=\"auto\" src=\"https:\/\/pointer.com.br\/blog\/wp-content\/uploads\/2023\/06\/tendenciasdosalaodomoveldemilao.jpeg\" title=\"\" width=\"100%\" \/><figcaption class=\"gh-styles-m__figureContainer-caption\"><\/figcaption><\/figure>\n<p style=\"text-align:center\"><em>Cantabria Azul, da linha Classica, \u00e9 revestimento em cor que \u00e9 tend\u00eancia. Na parede, Web Beige, da linha Decora Design<\/em><\/p>\n<p>Assim como em anos anteriores, o conforto apareceu como o centro de muitos produtos e projetos. Nesse sentido, algumas tonalidades contribuem para a <a data-type=\"LINK\" href=\"https:\/\/pointer.com.br\/blog\/decoracao-comfy\/\" target=\"_blank\"><u>decora\u00e7\u00e3o comfy<\/u><\/a>. Sobretudo aquelas que remetem \u00e0 natureza.<\/p>\n<p>Portanto, se voc\u00ea quer levar as tend\u00eancias do Sal\u00e3o do M\u00f3vel de Mil\u00e3o para os seus ambientes, invista em <a data-type=\"LINK\" href=\"https:\/\/pointer.com.br\/blog\/tons-terrosos\/\" target=\"_blank\"><u>tons terrosos<\/u><\/a>, que d\u00e3o a sensa\u00e7\u00e3o de acolhimento. Durante o evento, eles apareceram mais puxados para o rosa e para o vermelho.<\/p>\n<p>Al\u00e9m disso, \u00e9 poss\u00edvel incluir cores como verde e azul. Contudo, dessa vez elas aparecem mais fechadas e elegantes. Uma ideia \u00e9 optar por um <a data-type=\"LINK\" href=\"https:\/\/pointer.com.br\/blog\/revestimento-verde-os-segredos-para-aplica-lo-em-sua-casa\/\" target=\"_blank\"><u>revestimento verde marmorizado<\/u><\/a>.<\/p>\n<h2>2. Misturar estilos \u00e9 uma das tend\u00eancias do Sal\u00e3o do M\u00f3vel de Mil\u00e3o<\/h2>\n<p>A <a data-type=\"LINK\" href=\"https:\/\/pointer.com.br\/blog\/personalizacao-de-ambientes\/\" target=\"_blank\"><u>personaliza\u00e7\u00e3o dos ambientes<\/u><\/a> est\u00e1 com tudo! Afinal, com espa\u00e7os aut\u00eanticos \u00e9 poss\u00edvel ampliar o bem-estar, garantindo a sensa\u00e7\u00e3o de pertencimento.<\/p>\n<p>Nesse sentido, uma das tend\u00eancias do Sal\u00e3o do M\u00f3vel de Mil\u00e3o envolve a mistura de diferentes estilos de decora\u00e7\u00e3o. Isso, claro, de forma harmoniosa.<\/p>\n<p>Uma das possibilidades \u00e9 o uso de elementos externos em espa\u00e7os internos e vice-versa. Sendo assim, uma das maneiras de levar essa tend\u00eancia para o seu projeto \u00e9 escolhendo revestimentos com diferentes acabamentos. Dessa forma, \u00e9 poss\u00edvel ter a mesma est\u00e9tica em todos os ambientes.<\/p>\n<h2>3. Tend\u00eancias do Sal\u00e3o do M\u00f3vel de Mil\u00e3o incluem artesanato<\/h2>\n<p>Ainda falando sobre personaliza\u00e7\u00e3o, outra maneira de obter espa\u00e7os \u00fanicos \u00e9 apostando em pe\u00e7as feitas \u00e0 m\u00e3o, como o <a data-type=\"LINK\" href=\"https:\/\/pointer.com.br\/blog\/artesanato-nordestino-2\/\" target=\"_blank\"><u>artesanato nordestino<\/u><\/a>, por exemplo.<\/p>\n<p>Dessa maneira, \u00e9 poss\u00edvel ter pe\u00e7as \u00fanicas na decora\u00e7\u00e3o. Contudo, tamb\u00e9m \u00e9 crescente a colabora\u00e7\u00e3o de marcas com artistas regionais, o que fomenta a diversidade cultural nesse mercado.<\/p>\n<h2>4. Formas org\u00e2nicas abra\u00e7am e levam conforto<\/h2>\n<figure class=\"gh-styles-m__figureContainer\" style=\"float: undefined;text-align: center\"><img decoding=\"async\" alt=\"tend\u00eancias do sal\u00e3o do m\u00f3vel de mil\u00e3o\" class=\"gh-styles-m__figureContainer-image\" height=\"auto\" src=\"https:\/\/pointer.com.br\/blog\/wp-content\/uploads\/2023\/06\/tendenciassalaodomovelmilao.jpeg\" title=\"\" width=\"100%\" \/><figcaption class=\"gh-styles-m__figureContainer-caption\"><\/figcaption><\/figure>\n<p style=\"text-align:center\"><em>Revestimentos trazem formas org\u00e2nicas: no piso, Iberica Design, da linha Iberica; na parede, Maggie, da linha Decora Design<\/em><\/p>\n<p>Al\u00e9m da escolha das cores, as <a data-type=\"LINK\" href=\"https:\/\/pointer.com.br\/blog\/formas-organicas-na-decoracao\/\" target=\"_blank\"><u>formas org\u00e2nicas<\/u><\/a> tamb\u00e9m s\u00e3o capazes de levar mais conforto para os espa\u00e7os.<\/p>\n<p>Elas podem aparecer tanto em m\u00f3veis e objetos arredondados e fluidos, que parecem abra\u00e7ar, quanto em <a data-type=\"LINK\" href=\"https:\/\/pointer.com.br\/blog\/novos-revestimentos-ceramicos-em-madeira\/\" target=\"_blank\"><u>revestimentos amadeirados<\/u><\/a> ou com desenhos org\u00e2nicos, por exemplo.<\/p>\n<h2>5. Texturas surgem entre tend\u00eancias do Sal\u00e3o do M\u00f3vel de Mil\u00e3o<\/h2>\n<p>Tecidos macios, l\u00e3 e outros estofados se destacaram entre as tend\u00eancias do Sal\u00e3o do M\u00f3vel de Mil\u00e3o.<\/p>\n<p>As diferentes texturas convidam ao toque e proporcionam conforto. Alguns relevos s\u00e3o mais sutis, o que tamb\u00e9m \u00e9 uma das tend\u00eancias.<\/p>\n<p>\u00c9 poss\u00edvel aderir n\u00e3o s\u00f3 por meio de t\u00eaxteis como tamb\u00e9m com sof\u00e1s e roupas de cama. Tamb\u00e9m d\u00e1 para investir em um revestimento com textura de tecido, por exemplo.<\/p>\n<p>Gostou de conferir as tend\u00eancias do Sal\u00e3o do M\u00f3vel de Mil\u00e3o? Descubra tamb\u00e9m <a data-type=\"LINK\" href=\"https:\/\/pointer.com.br\/blog\/bienal-de-arquitetura-de-veneza-2023\/\" target=\"_blank\"><u>o que rolou na Bienal de Arquitetura de Veneza<\/u><\/a>!<\/p>\n","protected":false},"excerpt":{"rendered":"<p>Prioriza\u00e7\u00e3o do conforto \u00e9 uma das principais tend\u00eancias do Sal\u00e3o do M\u00f3vel de Mil\u00e3o. Entenda como aderir nos ambientes.<\/p>\n","protected":false},"author":0,"featured_media":49935,"comment_status":"open","ping_status":"open","sticky":false,"template":"","format":"standard","meta":{"footnotes":""},"categories":[1],"tags":[],"class_list":["post-49877","post","type-post","status-publish","format-standard","has-post-thumbnail","hentry","category-nao-categorizado"],"acf":[],"_links":{"self":[{"href":"https:\/\/pointer.com.br\/blog\/wp-json\/wp\/v2\/posts\/49877","targetHints":{"allow":["GET"]}}],"collection":[{"href":"https:\/\/pointer.com.br\/blog\/wp-json\/wp\/v2\/posts"}],"about":[{"href":"https:\/\/pointer.com.br\/blog\/wp-json\/wp\/v2\/types\/post"}],"replies":[{"embeddable":true,"href":"https:\/\/pointer.com.br\/blog\/wp-json\/wp\/v2\/comments?post=49877"}],"version-history":[{"count":4,"href":"https:\/\/pointer.com.br\/blog\/wp-json\/wp\/v2\/posts\/49877\/revisions"}],"predecessor-version":[{"id":49936,"href":"https:\/\/pointer.com.br\/blog\/wp-json\/wp\/v2\/posts\/49877\/revisions\/49936"}],"wp:featuredmedia":[{"embeddable":true,"href":"https:\/\/pointer.com.br\/blog\/wp-json\/wp\/v2\/media\/49935"}],"wp:attachment":[{"href":"https:\/\/pointer.com.br\/blog\/wp-json\/wp\/v2\/media?parent=49877"}],"wp:term":[{"taxonomy":"category","embeddable":true,"href":"https:\/\/pointer.com.br\/blog\/wp-json\/wp\/v2\/categories?post=49877"},{"taxonomy":"post_tag","embeddable":true,"href":"https:\/\/pointer.com.br\/blog\/wp-json\/wp\/v2\/tags?post=49877"}],"curies":[{"name":"wp","href":"https:\/\/api.w.org\/{rel}","templated":true}]}}