{"id":48568,"date":"2022-09-19T08:00:15","date_gmt":"2022-09-19T11:00:15","guid":{"rendered":"https:\/\/pointer.com.br\/blog\/?p=48568"},"modified":"2022-09-19T08:00:15","modified_gmt":"2022-09-19T11:00:15","slug":"jardim-vertical-2","status":"publish","type":"post","link":"https:\/\/pointer.com.br\/blog\/jardim-vertical-2\/","title":{"rendered":"Jardim vertical: passo a passo para fazer em casa"},"content":{"rendered":"<p>Op\u00e7\u00e3o para inserir <a data-type=\"LINK\" href=\"https:\/\/pointer.com.br\/blog\/melhores-plantas-para-banheiro\/\" target=\"_blank\" rel=\"noopener\"><u>plantas na decora\u00e7\u00e3o<\/u><\/a>, um jardim vertical pode ficar tanto em ambientes externos quanto internos.<\/p>\n<p>H\u00e1 ainda diferentes plantas que podem ser usadas para compor uma parede verde e cheia de vida. O resultado \u00e9 um ambiente capaz de aumentar o bem-estar ao aproximar da natureza.<\/p>\n<p>No Brasil, o jardim vertical come\u00e7ou a se popularizar na d\u00e9cada de 1980 com o paisagista Burle Marx.<\/p>\n<p>Al\u00e9m de favorecer a est\u00e9tica dos ambientes, a tend\u00eancia ainda \u00e9 uma alternativa para incluir plantas em locais onde n\u00e3o h\u00e1 a possibilidade de plantar no solo.<\/p>\n<p>Sem falar que \u00e9 uma alternativa para quem n\u00e3o tem espa\u00e7o para vasos ou outros elementos que fiquem no ch\u00e3o.<\/p>\n<p>Afinal, o jardim vertical pode aproveitar \u00e1reas em corredores, na parede de uma escada ou de um hall, por exemplo.<\/p>\n<p>Se voc\u00ea quer ter um jardim vertical em casa, acompanhe os 4 passos principais e comece a planejar agora mesmo!<\/p>\n<h2>1. Escolha o local do jardim vertical<\/h2>\n<figure class=\"gh-styles-m__figureContainer\" style=\"float: undefined;text-align: center\"><img decoding=\"async\" alt=\"jardim vertical\" class=\"gh-styles-m__figureContainer-image\" height=\"auto\" src=\"https:\/\/pointer.com.br\/blog\/wp-content\/uploads\/2022\/09\/jardimverticalpassoapasso.jpeg\" title=\"\" width=\"100%\" \/><figcaption class=\"gh-styles-m__figureContainer-caption\"><\/figcaption><\/figure>\n<p style=\"text-align:center\"><em>Jardim vertical pode ficar tanto em ambientes internos quanto externos (Foto: <\/em><a data-type=\"LINK\" href=\"https:\/\/www.flickr.com\/photos\/gabrielcesarrosa\/9010153002\/in\/photostream\/\" target=\"_blank\" rel=\"noopener\"><em>Gabriel Rosa\/Flickr<\/em><\/a><em>)<\/em><\/p>\n<p>Esse \u00e9 o passo mais importante na hora de criar um jardim vertical. Afinal, voc\u00ea precisa entender onde ele vai ficar. Se h\u00e1 luz o suficiente para as plantas, ponto de irriga\u00e7\u00e3o e outros detalhes.<\/p>\n<p>Nesse aspecto, o ideal \u00e9 contar com a ajuda de um profissional, que pode indicar a melhor \u00e1rea para o cultivo.<\/p>\n<h2>2. Defina a estrutura que vai receber o jardim vertical<\/h2>\n<figure class=\"gh-styles-m__figureContainer\" style=\"float: undefined;text-align: center\"><img decoding=\"async\" alt=\"jardim vertical\" class=\"gh-styles-m__figureContainer-image\" height=\"auto\" src=\"https:\/\/pointer.com.br\/blog\/wp-content\/uploads\/2022\/09\/jardimverticalestrutura.jpeg\" title=\"\" width=\"100%\" \/><figcaption class=\"gh-styles-m__figureContainer-caption\"><\/figcaption><\/figure>\n<p style=\"text-align:center\"><em>Diferentes estruturas podem servir de base para a planta\u00e7\u00e3o (Foto: <\/em><a data-type=\"LINK\" href=\"https:\/\/www.flickr.com\/photos\/orijinal\/12858402085\/\" target=\"_blank\" rel=\"noopener\"><em>Jaysin Trevino\/Flickr<\/em><\/a><em>)<\/em><\/p>\n<p>Um jardim vertical pode ser montado a partir de diferentes estruturas. Entre elas, essas s\u00e3o as mais populares:<\/p>\n<ul>\n<li>Pallets ou <a data-type=\"LINK\" href=\"https:\/\/pointer.com.br\/blog\/painel-ripado-de-madeira-e-motion-wood\/\" target=\"_blank\" rel=\"noopener\"><u>painel ripado<\/u><\/a> s\u00e3o op\u00e7\u00f5es interessantes para a estrutura de um jardim vertical. Ao aliar o verde das plantas \u00e0 madeira, amplia o contato com a natureza;<\/li>\n<li>Estrutura met\u00e1lica, como uma grade, que pode ser fixada \u00e0 parede, deixando o espa\u00e7o necess\u00e1rio na parte de tr\u00e1s;<\/li>\n<li>Blocos pr\u00e9-moldados, feitos em concreto e com <a data-type=\"LINK\" href=\"https:\/\/pointer.com.br\/blog\/decoracao-com-nichos\/\" target=\"_blank\" rel=\"noopener\"><u>nichos para decorar<\/u><\/a> e ajudar na estrutura.<\/li>\n<\/ul>\n<h2>3. Selecione as esp\u00e9cies que ir\u00e1 plantar<\/h2>\n<p>A escolha das esp\u00e9cies vai variar de acordo com o local em que voc\u00ea quer montar o jardim vertical.<\/p>\n<p>Isso porque a incid\u00eancia de luz solar afeta diretamente o comportamento e o desenvolvimento de cada planta. E vale lembrar que h\u00e1 v\u00e1rias op\u00e7\u00f5es, at\u00e9 mesmo <a data-type=\"LINK\" href=\"https:\/\/pointer.com.br\/blog\/melhores-plantas-para-banheiro\/\" target=\"_blank\" rel=\"noopener\"><u>plantas ideais para banheiro<\/u><\/a>.<\/p>\n<p>Em linhas gerais, \u00e9 poss\u00edvel usar praticamente qualquer esp\u00e9cie em um jardim vertical. Al\u00e9m da ilumina\u00e7\u00e3o, \u00e9 necess\u00e1rio considerar o espa\u00e7o para as suas ra\u00edzes e o suporte ao seu peso junto com a terra \u00famida.<\/p>\n<p>Contudo, o ideal \u00e9 evitar <a data-type=\"LINK\" href=\"https:\/\/pointer.com.br\/blog\/flores-da-primavera\/\" target=\"_blank\" rel=\"noopener\"><u>flores com cheiro forte<\/u><\/a> ou plantas venenosas, sobretudo para quem tem pets ou crian\u00e7as em casa.<\/p>\n<h2>4. Entenda como cuidar do seu jardim vertical<\/h2>\n<figure class=\"gh-styles-m__figureContainer\" style=\"float: undefined;text-align: center\"><img decoding=\"async\" alt=\"jardim vertical\" class=\"gh-styles-m__figureContainer-image\" height=\"auto\" src=\"https:\/\/pointer.com.br\/blog\/wp-content\/uploads\/2022\/09\/jardimverticalespecies.jpeg\" title=\"\" width=\"100%\" \/><figcaption class=\"gh-styles-m__figureContainer-caption\"><\/figcaption><\/figure>\n<p style=\"text-align:center\"><em>Cuidados garantem um jardim vertical sempre bonito (Foto: <\/em><a data-type=\"LINK\" href=\"https:\/\/www.flickr.com\/photos\/hagengraf\/12028734605\/in\/photostream\/\" target=\"_blank\" rel=\"noopener\"><em>Christine und Hagen Graf\/Flickr<\/em><\/a><em>)<\/em><\/p>\n<p>Por fim, \u00e9 fundamental entender como ser\u00e3o os cuidados com o jardim vertical. Al\u00e9m da <a data-type=\"LINK\" href=\"https:\/\/pointer.com.br\/blog\/iluminacao-ambiente\/\" target=\"_blank\" rel=\"noopener\"><u>ilumina\u00e7\u00e3o<\/u><\/a>, as plantas tamb\u00e9m precisam de irriga\u00e7\u00e3o e aduba\u00e7\u00e3o de tempos em tempos.<\/p>\n<p>Esse manejo varia de acordo com a esp\u00e9cie que voc\u00ea escolheu. Contudo, h\u00e1 op\u00e7\u00f5es interessantes voltadas para jardins verticais.<\/p>\n<p>Por exemplo, \u00e9 poss\u00edvel usar um pulverizador para a irriga\u00e7\u00e3o e tamb\u00e9m para a aduba\u00e7\u00e3o l\u00edquida. Outra ideia \u00e9 investir em vasos autoirrig\u00e1veis ou na automa\u00e7\u00e3o do sistema de irriga\u00e7\u00e3o, para n\u00e3o ter que se preocupar.<\/p>\n<p>Agora que voc\u00ea j\u00e1 sabe qual \u00e9 o passo a passo para ter um jardim vertical, que tal descobrir quais s\u00e3o as <a data-type=\"LINK\" href=\"https:\/\/pointer.com.br\/blog\/plantas-para-ambiente-interno\/\" target=\"_blank\" rel=\"noopener\"><u>melhores plantas para ambientes internos<\/u><\/a>?<\/p>\n","protected":false},"excerpt":{"rendered":"<p>Reunimos as principais dicas para voc\u00ea ter um jardim vertical dentro e fora de casa, incorporando a natureza \u00e0 decora\u00e7\u00e3o de um jeito f\u00e1cil!<\/p>\n","protected":false},"author":0,"featured_media":48697,"comment_status":"open","ping_status":"open","sticky":false,"template":"","format":"standard","meta":{"footnotes":""},"categories":[10],"tags":[],"class_list":["post-48568","post","type-post","status-publish","format-standard","has-post-thumbnail","hentry","category-dicas-pointer"],"acf":[],"_links":{"self":[{"href":"https:\/\/pointer.com.br\/blog\/wp-json\/wp\/v2\/posts\/48568","targetHints":{"allow":["GET"]}}],"collection":[{"href":"https:\/\/pointer.com.br\/blog\/wp-json\/wp\/v2\/posts"}],"about":[{"href":"https:\/\/pointer.com.br\/blog\/wp-json\/wp\/v2\/types\/post"}],"replies":[{"embeddable":true,"href":"https:\/\/pointer.com.br\/blog\/wp-json\/wp\/v2\/comments?post=48568"}],"version-history":[{"count":6,"href":"https:\/\/pointer.com.br\/blog\/wp-json\/wp\/v2\/posts\/48568\/revisions"}],"predecessor-version":[{"id":48698,"href":"https:\/\/pointer.com.br\/blog\/wp-json\/wp\/v2\/posts\/48568\/revisions\/48698"}],"wp:featuredmedia":[{"embeddable":true,"href":"https:\/\/pointer.com.br\/blog\/wp-json\/wp\/v2\/media\/48697"}],"wp:attachment":[{"href":"https:\/\/pointer.com.br\/blog\/wp-json\/wp\/v2\/media?parent=48568"}],"wp:term":[{"taxonomy":"category","embeddable":true,"href":"https:\/\/pointer.com.br\/blog\/wp-json\/wp\/v2\/categories?post=48568"},{"taxonomy":"post_tag","embeddable":true,"href":"https:\/\/pointer.com.br\/blog\/wp-json\/wp\/v2\/tags?post=48568"}],"curies":[{"name":"wp","href":"https:\/\/api.w.org\/{rel}","templated":true}]}}