{"id":47331,"date":"2022-03-02T08:00:16","date_gmt":"2022-03-02T11:00:16","guid":{"rendered":"https:\/\/pointer.com.br\/blog\/?p=47331"},"modified":"2022-03-02T08:00:16","modified_gmt":"2022-03-02T11:00:16","slug":"cozinha-preta","status":"publish","type":"post","link":"https:\/\/pointer.com.br\/blog\/cozinha-preta\/","title":{"rendered":"Alerta tend\u00eancia: cozinha preta"},"content":{"rendered":"<p>Esque\u00e7a o &#8220;branco hospitalar&#8221; para a decora\u00e7\u00e3o. A cozinha preta \u00e9 tend\u00eancia! O preto \u00e9 uma cor urbana, jovem e intensa, \u00f3tima para compor o <a data-type=\"LINK\" href=\"https:\/\/pointer.com.br\/blog\/design-contemporaneo\/\" target=\"_blank\" rel=\"noopener\"><u>design contempor\u00e2neo<\/u><\/a>. Sem falar que \u00e9 neutra e n\u00e3o sai de moda. Ou seja, atemporal.<\/p>\n<p>Agora, quando falamos em cozinha preta, muita gente imagina um ambiente escuro, dificultando o manuseio dos alimentos. Mas, para aderir a essa tend\u00eancia, voc\u00ea pode incorporar o preto em apenas alguns elementos, como marcenaria, eletrodom\u00e9sticos, ilumina\u00e7\u00e3o, bancada ou revestimentos. Por ser uma cor forte, o seu uso pontual j\u00e1 dar\u00e1 a impress\u00e3o de uma cozinha predominantemente preta.<\/p>\n<p>Para te inspirar, selecionamos tr\u00eas cozinhas pretas bel\u00edssimas. Acompanhe!<\/p>\n<h2>Cozinha bem iluminada em preto, cinza e madeira<\/h2>\n<figure class=\"gh-styles-m__figureContainer\" style=\"float: undefined;text-align: center\"><img decoding=\"async\" alt=\"cozinha preta\" class=\"gh-styles-m__figureContainer-image\" height=\"auto\" src=\"https:\/\/pointer.com.br\/blog\/wp-content\/uploads\/2022\/03\/cozinhapretaeletrodomesticos.jpeg\" title=\"\" width=\"100%\" \/><figcaption class=\"gh-styles-m__figureContainer-caption\"><\/figcaption><\/figure>\n<p><em>Eletrodom\u00e9sticos e outros detalhes ajudam a compor cozinha preta. O cinza dos revestimentos ajuda a equilibrar a decora\u00e7\u00e3o, como piso Zeppelin Gray<\/em><\/p>\n<p>Quem tem uma cozinha bem iluminada, conseguir\u00e1 apostar no preto com mais tranquilidade. Com amplas portas de vidro nas duas laterais, a cozinha acima dificilmente ficar\u00e1 escura. Para completar, o piso cinza claro reflete essa luz natural.<\/p>\n<p>Sendo assim, foi uma boa ideia apostar na cor preta para os arm\u00e1rios, geladeira, esquadrias, lumin\u00e1ria e torneira. Falando em geladeira, uma das formas de conseguir uma cozinha preta \u00e9 por meio de eletrodom\u00e9sticos dessa cor. Enquanto as op\u00e7\u00f5es brancas est\u00e3o um pouco ultrapassadas, os de inox s\u00e3o mais atuais e os pretos s\u00e3o a pr\u00f3xima tend\u00eancia.<\/p>\n<p>O preto dessa cozinha foi combinado com revestimentos cinzas, incluindo o piso <a data-type=\"LINK\" href=\"https:\/\/www.pointer.com.br\/revestimento\/zeppelin-gray-80X80-mate\" target=\"_blank\" rel=\"noopener\"><u>Zeppelin Gray<\/u><\/a>, e madeira natural, que aparece nas bancadas, na prateleira, no nicho da geladeira e nas banquetas altas. O resultado final \u00e9 bastante contenpor\u00e2neo.<\/p>\n<h2>Cozinha pequena com piso preto<\/h2>\n<figure class=\"gh-styles-m__figureContainer\" style=\"float: undefined;text-align: center\"><img decoding=\"async\" alt=\"cozinha preta\" class=\"gh-styles-m__figureContainer-image\" height=\"auto\" src=\"https:\/\/pointer.com.br\/blog\/wp-content\/uploads\/2022\/03\/cozinhapretamoveis.jpeg\" title=\"\" width=\"100%\" \/><figcaption class=\"gh-styles-m__figureContainer-caption\"><\/figcaption><\/figure>\n<p><em>Cozinha pode ter piso preto, como Iberica Pop. A parede \u00e9 clara, Vitoria Gris, da linha Decora Design<\/em><\/p>\n<p>Piso escuro \u00e9 uma boa op\u00e7\u00e3o para n\u00e3o mostrar tanto a sujeira. Ent\u00e3o o piso preto pode ser uma \u00f3tima op\u00e7\u00e3o para a cozinha! No projeto acima, escolhemos <a data-type=\"LINK\" href=\"https:\/\/www.pointer.com.br\/revestimento\/iberica-pop-15X90-mate\" target=\"_blank\" rel=\"noopener\"><u>Iberica Pop<\/u><\/a>, que interpreta madeira em t\u00e1buas com colora\u00e7\u00e3o carbonizada. Apesar de preto, ele traz uma textura mais r\u00fastica.<\/p>\n<p>Tamb\u00e9m s\u00e3o pretos outros elementos: torneira, esquadrias, lumin\u00e1ria pendente e cadeiras. Por\u00e9m, como a cozinha \u00e9 pequena, o preto n\u00e3o poderia pesar, ou faria o ambiente parecer ainda menor. Ent\u00e3o todas as paredes, teto e m\u00f3veis s\u00e3o claros, incluindo o revestimento cinza claro <a data-type=\"LINK\" href=\"https:\/\/www.pointer.com.br\/revestimento\/vitoria-gris-45X90-mate\" target=\"_blank\" rel=\"noopener\"><u>Vitoria Gris<\/u><\/a>, da linha Decora Design.\u00a0<\/p>\n<h2>Cozinha contempor\u00e2nea em preto, branco e cinza<\/h2>\n<figure class=\"gh-styles-m__figureContainer\" style=\"float: undefined;text-align: center\"><img decoding=\"async\" alt=\"cozinha preta\" class=\"gh-styles-m__figureContainer-image\" height=\"auto\" src=\"https:\/\/pointer.com.br\/blog\/wp-content\/uploads\/2022\/03\/cozinhapretarevestimento.jpeg\" title=\"\" width=\"100%\" \/><figcaption class=\"gh-styles-m__figureContainer-caption\"><\/figcaption><\/figure>\n<p><em>Cozinha em preto, branco e cinza. A parede \u00e9 revestida com Mos Nero, da linha Decora Design<\/em><\/p>\n<p>Para um estilo bem contempor\u00e2neo, \u00e9 bom apostar nas cores preto, branco e cinza. No revestimento de parede e na bancada, o preto fica bem intenso, como na cozinha acima. Foi escolhido o <a data-type=\"LINK\" href=\"https:\/\/www.pointer.com.br\/revestimento\/mos-nero-30X60-brilho\" target=\"_blank\" rel=\"noopener\"><u>Mos Nero<\/u><\/a>, da linha Decora Design, que traz acabamento brilhante e relevo 3D, uma opc\u00e3o de design bem arrojado.<\/p>\n<p>Justamente por isso, o revestimento n\u00e3o ocupa a parede toda, apenas o backsplash (as \u00e1reas que precisam de prote\u00e7\u00e3o de \u00e1gua e gordura). O resto da parede levou pintura cinza e os arm\u00e1rios s\u00e3o totalmente brancos. Assim se tem o trio de cores contempor\u00e2neas e urbanas.<\/p>\n<h2>3 revestimentos pretos para a cozinha<\/h2>\n<p>E por falar em revestimentos, aqui v\u00e3o tr\u00eas boas op\u00e7\u00f5es da Pointer para voc\u00ea conquistar a t\u00e3o sonhada cozinha preta:<\/p>\n<ol>\n<li><a data-type=\"LINK\" href=\"https:\/\/www.pointer.com.br\/revestimento\/mandala-nero-30X60\" target=\"_blank\" rel=\"noopener\"><u>Mandala Nero<\/u><\/a> \u00e9 uma cer\u00e2mica decorada com relevo 3D, com padr\u00e3o de mandala, em preto e branco.<\/li>\n<li><a data-type=\"LINK\" href=\"https:\/\/www.pointer.com.br\/revestimento\/mos-nero-30X60-brilho\" target=\"_blank\" rel=\"noopener\"><u>Mos Nero<\/u><\/a>, da linha Decora Design, traz relevo 3D em mosaico totalmente preto.<\/li>\n<li><a data-type=\"LINK\" href=\"https:\/\/www.pointer.com.br\/revestimento\/iberica-pop-15X90-mate\" target=\"_blank\" rel=\"noopener\"><u>Iberica Pop<\/u><\/a> \u00e9 um <a data-type=\"LINK\" href=\"https:\/\/pointer.com.br\/blog\/superceramico-pointer\/\" target=\"_blank\" rel=\"noopener\"><u>Supercer\u00e2mico<\/u><\/a> que reproduz a madeira das \u00e1rvores de oliva. Tem veios coloridos intensos que se sobressaem na superf\u00edcie escura, que lembra madeira carbonizada.<\/li>\n<\/ol>\n<p>Quer deixar sua cozinha com a cor do momento e tamb\u00e9m torn\u00e1-la mais aconchegante? Ent\u00e3o descubra <a data-type=\"LINK\" href=\"https:\/\/pointer.com.br\/blog\/cozinha-de-estar\/\" target=\"_blank\" rel=\"noopener\"><u>como ter uma cozinha de estar<\/u><\/a>!<\/p>\n","protected":false},"excerpt":{"rendered":"<p>Separamos 3 inspira\u00e7\u00f5es de cozinhas pretas de diferentes estilos. Entenda como incorporar a tend\u00eancia para um ambiente moderno.<\/p>\n","protected":false},"author":0,"featured_media":47607,"comment_status":"open","ping_status":"open","sticky":false,"template":"","format":"standard","meta":{"footnotes":""},"categories":[10],"tags":[],"class_list":["post-47331","post","type-post","status-publish","format-standard","has-post-thumbnail","hentry","category-dicas-pointer"],"acf":[],"_links":{"self":[{"href":"https:\/\/pointer.com.br\/blog\/wp-json\/wp\/v2\/posts\/47331","targetHints":{"allow":["GET"]}}],"collection":[{"href":"https:\/\/pointer.com.br\/blog\/wp-json\/wp\/v2\/posts"}],"about":[{"href":"https:\/\/pointer.com.br\/blog\/wp-json\/wp\/v2\/types\/post"}],"replies":[{"embeddable":true,"href":"https:\/\/pointer.com.br\/blog\/wp-json\/wp\/v2\/comments?post=47331"}],"version-history":[{"count":8,"href":"https:\/\/pointer.com.br\/blog\/wp-json\/wp\/v2\/posts\/47331\/revisions"}],"predecessor-version":[{"id":47608,"href":"https:\/\/pointer.com.br\/blog\/wp-json\/wp\/v2\/posts\/47331\/revisions\/47608"}],"wp:featuredmedia":[{"embeddable":true,"href":"https:\/\/pointer.com.br\/blog\/wp-json\/wp\/v2\/media\/47607"}],"wp:attachment":[{"href":"https:\/\/pointer.com.br\/blog\/wp-json\/wp\/v2\/media?parent=47331"}],"wp:term":[{"taxonomy":"category","embeddable":true,"href":"https:\/\/pointer.com.br\/blog\/wp-json\/wp\/v2\/categories?post=47331"},{"taxonomy":"post_tag","embeddable":true,"href":"https:\/\/pointer.com.br\/blog\/wp-json\/wp\/v2\/tags?post=47331"}],"curies":[{"name":"wp","href":"https:\/\/api.w.org\/{rel}","templated":true}]}}