{"id":47153,"date":"2022-03-28T08:00:24","date_gmt":"2022-03-28T11:00:24","guid":{"rendered":"https:\/\/pointer.com.br\/blog\/?p=47153"},"modified":"2022-03-28T08:00:24","modified_gmt":"2022-03-28T11:00:24","slug":"arquitetura-biofilica-o-que-e-e-como-aplicar-em-casa","status":"publish","type":"post","link":"https:\/\/pointer.com.br\/blog\/arquitetura-biofilica-o-que-e-e-como-aplicar-em-casa\/","title":{"rendered":"Arquitetura biof\u00edlica: o que \u00e9 e como aplicar em casa"},"content":{"rendered":"<p>Nos \u00faltimos tempos, a busca por um lar acolhedor s\u00f3 cresceu. E, nessa procura pelo bem-estar, muita gente percebeu a import\u00e2ncia da conex\u00e3o com a natureza, que \u00e9 justamente do que trata a <strong>arquitetura biof\u00edlica<\/strong>.<\/p>\n<p>Esse instinto de se aproximar da natureza para se sentir bem faz todo o sentido. Isso porque \u00e9 uma conex\u00e3o que aumenta o bem-estar, reduz o estresse e pode at\u00e9 melhorar a produtividade e a criatividade.<\/p>\n<p>Dentro de casa, a sensa\u00e7\u00e3o agrad\u00e1vel pode acontecer com o contato com plantas e outros elementos naturais. A seguir, entenda melhor sobre a arquitetura biof\u00edlica e saiba como aplicar em projetos residenciais.<\/p>\n<figure class=\"gh-styles-m__figureContainer\" style=\"float: undefined;text-align: center\"><img decoding=\"async\" alt=\"\" class=\"gh-styles-m__figureContainer-image\" height=\"auto\" src=\"https:\/\/pointer.com.br\/blog\/wp-content\/uploads\/2022\/03\/variacaoderevestimentosalta.jpeg\" title=\"\" width=\"60%\" \/><figcaption class=\"gh-styles-m__figureContainer-caption\"><\/figcaption><\/figure>\n<p style=\"text-align:center\"><em>Plantas e materiais naturais s\u00e3o recursos utilizados na arquitetura biof\u00edlica<\/em><em>. Na imagem, escolha foi pelo revestimento Ilh\u00e9us Canela, da linha Tropic\u00e1lia<\/em><\/p>\n<h2><strong>O que \u00e9 arquitetura biof\u00edlica?<\/strong><\/h2>\n<p>A arquitetura biof\u00edlica reflete a busca pela proximidade com a natureza, com o objetivo de aumentar o bem-estar das pessoas em espa\u00e7os constru\u00eddos. O termo vem da palavra grega <strong>biofilia<\/strong>, que quer dizer <strong>\u201camor \u00e0s coisas vivas\u201d<\/strong>.\u00a0<\/p>\n<figure class=\"gh-styles-m__figureContainer\" style=\"float: undefined;text-align: center\"><img decoding=\"async\" alt=\"\" class=\"gh-styles-m__figureContainer-image\" height=\"auto\" src=\"https:\/\/pointer.com.br\/blog\/wp-content\/uploads\/2022\/03\/arquiteturabiofilicapaisagismo.jpeg\" title=\"\" width=\"60%\" \/><figcaption class=\"gh-styles-m__figureContainer-caption\"><\/figcaption><\/figure>\n<p style=\"text-align:center\"><em>Deck Marfim, da linha Lenho, \u00e9 piso que reproduz madeira e imprime arquitetura biof\u00edlica ao lado do paisagismo<\/em><\/p>\n<p>A arquitetura biof\u00edlica come\u00e7ou a ser estudada nos anos 1960. No entanto, s\u00f3 ganhou popularidade a partir da d\u00e9cada de 1980. Isso porque percebeu-se que o processo de industrializa\u00e7\u00e3o afastava o ser humano da natureza. E esse contato precisava ser resgatado para manter o bem-estar. Um movimento muito parecido com o que temos visto atualmente.<\/p>\n<p>A biofilia tamb\u00e9m pode ser vista no urbanismo, em cidades que se empenham para aumentar suas \u00e1reas verdes com a finalidade de melhorar o bem-estar dos habitantes.<\/p>\n<h2><strong>4 formas de aplicar a arquitetura biof\u00edlica na sua casa<\/strong><\/h2>\n<p>Nos projetos residenciais, a arquitetura biof\u00edlica pode ser aplicada de forma que estimule os sentidos humanos. Portanto, ela tem muito a ver com o conceito de <a data-type=\"LINK\" href=\"https:\/\/pointer.com.br\/blog\/decoracao-sensorial\/\" target=\"_blank\" rel=\"noopener\"><u>decora\u00e7\u00e3o sensorial<\/u><\/a>. Mas, nesse caso, os elementos escolhidos devem necessariamente remeter \u00e0 natureza.<\/p>\n<figure class=\"gh-styles-m__figureContainer\" style=\"float: undefined;text-align: center\"><img decoding=\"async\" alt=\"\" class=\"gh-styles-m__figureContainer-image\" height=\"auto\" src=\"https:\/\/pointer.com.br\/blog\/wp-content\/uploads\/2022\/03\/pointerambientepedraferroamb3versaomaisrecente-scaled.jpeg\" title=\"\" width=\"60%\" \/><figcaption class=\"gh-styles-m__figureContainer-caption\"><\/figcaption><\/figure>\n<p style=\"text-align:center\"><em>As folhagens em contraste com o revestimento Pedra Ferro, da linha Lazer, trazem o aconchego prorpocionado pela natureza. No piso, Zeppelin Fall, com tom outonal<\/em><\/p>\n<p>Veja como aplicar:<\/p>\n<p><strong>1. Presen\u00e7a de plantas e paisagismo<\/strong>, como <a data-type=\"LINK\" href=\"https:\/\/pointer.com.br\/blog\/jardim-vertical\/\" target=\"_blank\" rel=\"noopener\"><u>jardins verticais<\/u><\/a><u>,<\/u> que ajudam a resfriar o ambiente, al\u00e9m de melhorarem a qualidade do ar. Se n\u00e3o tiver espa\u00e7o suficiente, aposte nas <a data-type=\"LINK\" href=\"https:\/\/pointer.com.br\/blog\/plantas-para-ambiente-interno\/\" target=\"_blank\" rel=\"noopener\"><u>esp\u00e9cies ideais para ter em casa<\/u><\/a> em vasos.<\/p>\n<p><strong>2. <\/strong><strong>Uso de materiais naturais<\/strong>, como madeira, m\u00e1rmore e pedra. Os revestimentos cer\u00e2micos reproduzem esses materiais e t\u00eam a vantagem de serem mais sustent\u00e1veis.<\/p>\n<p><strong>3. Ilumina\u00e7\u00e3o natural<\/strong>, principalmente por meio de janelas grandes. Ela ainda pode ser amplificada por meio do uso de espelhos.<\/p>\n<p><strong>4. Ventila\u00e7\u00e3o cruzada<\/strong>, de forma que permita a circula\u00e7\u00e3o de ar, deixando os espa\u00e7os mais arejados.<\/p>\n<figure class=\"gh-styles-m__figureContainer\" style=\"float: undefined;text-align: center\"><img decoding=\"async\" alt=\"\" class=\"gh-styles-m__figureContainer-image\" height=\"auto\" src=\"https:\/\/pointer.com.br\/blog\/wp-content\/uploads\/2022\/03\/arquiteturabiofilica-scaled.jpeg\" title=\"\" width=\"60%\" \/><figcaption class=\"gh-styles-m__figureContainer-caption\"><\/figcaption><\/figure>\n<p style=\"text-align:center\"><em>Ambiente re\u00fane conceitos da arquitetura biof\u00edlica. \u00c9 iluminado, arejado e com piso Statuarietto, da linha Classica, que reproduz m\u00e1rmore<\/em><\/p>\n<p><strong>A arquitetura biof\u00edlica reflete uma das tend\u00eancias para 2022 que trata justamente da busca pelo bem-estar e da reconex\u00e3o com os nossos valores. <\/strong><a data-type=\"LINK\" href=\"https:\/\/pointer.com.br\/blog\/wellbeing-bem-estar-tendencia-em-2022\/\" target=\"_blank\" rel=\"noopener\"><strong><u>Conhe\u00e7a a tend\u00eancia <\/u><\/strong><strong><em><u>Wellbeing<\/u><\/em><\/strong><strong><u> e entenda como ela se expressa na decora\u00e7\u00e3o<\/u><\/strong><\/a><strong>.<\/strong><\/p>\n","protected":false},"excerpt":{"rendered":"<p>Conceito traduz a necessidade de reconex\u00e3o com a natureza nos tempos modernos. Saiba como aplicar a arquitetura biof\u00edlica em casa.<\/p>\n","protected":false},"author":0,"featured_media":47853,"comment_status":"open","ping_status":"open","sticky":false,"template":"","format":"standard","meta":{"footnotes":""},"categories":[1],"tags":[],"class_list":["post-47153","post","type-post","status-publish","format-standard","has-post-thumbnail","hentry","category-nao-categorizado"],"acf":[],"_links":{"self":[{"href":"https:\/\/pointer.com.br\/blog\/wp-json\/wp\/v2\/posts\/47153","targetHints":{"allow":["GET"]}}],"collection":[{"href":"https:\/\/pointer.com.br\/blog\/wp-json\/wp\/v2\/posts"}],"about":[{"href":"https:\/\/pointer.com.br\/blog\/wp-json\/wp\/v2\/types\/post"}],"replies":[{"embeddable":true,"href":"https:\/\/pointer.com.br\/blog\/wp-json\/wp\/v2\/comments?post=47153"}],"version-history":[{"count":12,"href":"https:\/\/pointer.com.br\/blog\/wp-json\/wp\/v2\/posts\/47153\/revisions"}],"predecessor-version":[{"id":47854,"href":"https:\/\/pointer.com.br\/blog\/wp-json\/wp\/v2\/posts\/47153\/revisions\/47854"}],"wp:featuredmedia":[{"embeddable":true,"href":"https:\/\/pointer.com.br\/blog\/wp-json\/wp\/v2\/media\/47853"}],"wp:attachment":[{"href":"https:\/\/pointer.com.br\/blog\/wp-json\/wp\/v2\/media?parent=47153"}],"wp:term":[{"taxonomy":"category","embeddable":true,"href":"https:\/\/pointer.com.br\/blog\/wp-json\/wp\/v2\/categories?post=47153"},{"taxonomy":"post_tag","embeddable":true,"href":"https:\/\/pointer.com.br\/blog\/wp-json\/wp\/v2\/tags?post=47153"}],"curies":[{"name":"wp","href":"https:\/\/api.w.org\/{rel}","templated":true}]}}