{"id":46877,"date":"2022-01-24T08:00:28","date_gmt":"2022-01-24T11:00:28","guid":{"rendered":"https:\/\/pointer.com.br\/blog\/?p=46877"},"modified":"2022-01-24T08:00:28","modified_gmt":"2022-01-24T11:00:28","slug":"decoracao-afetiva","status":"publish","type":"post","link":"https:\/\/pointer.com.br\/blog\/decoracao-afetiva\/","title":{"rendered":"Decora\u00e7\u00e3o afetiva e o que ela representa em um lar"},"content":{"rendered":"<p>A nossa casa \u00e9 o abrigo das nossas viv\u00eancias, das mem\u00f3rias e de tudo o que experimentamos ao lado de pessoas especiais. E \u00e9 justamente sobre isso que trata a decora\u00e7\u00e3o afetiva.<\/p>\n<p>Na pandemia, quando passamos a ficar mais tempo em casa, notamos a import\u00e2ncia do lar como ref\u00fagio e santu\u00e1rio. E decora\u00e7\u00f5es que tragam esse sentimento de pertencimento tornaram-se tend\u00eancia. Quer entender melhor? Siga conosco!<\/p>\n<figure class=\"gh-styles-m__figureContainer\" style=\"float: undefined;text-align: center\"><img decoding=\"async\" alt=\"\" class=\"gh-styles-m__figureContainer-image\" height=\"auto\" src=\"https:\/\/pointer.com.br\/blog\/wp-content\/uploads\/2022\/01\/decoracaoafetiva1.jpeg\" title=\"\" width=\"60%\" \/><figcaption class=\"gh-styles-m__figureContainer-caption\"><\/figcaption><\/figure>\n<p style=\"text-align:center\"><em>A decora\u00e7\u00e3o afetiva \u00e9 um mix de cores, objetos e estampas que ajudam a trazer boas mem\u00f3rias e uma sensa\u00e7\u00e3o de pertencimento. Como este ambiente composto com revestimento Urbana <\/em><em>Retr\u00f4 Mix<\/em><em>, que recria ladrilhos hidr\u00e1ulicos<\/em><\/p>\n<h2><strong>O que \u00e9 decora\u00e7\u00e3o afetiva?<\/strong><\/h2>\n<p>A decora\u00e7\u00e3o afetiva \u00e9 aquela que busca resgatar e reafirmar nossas mem\u00f3rias e nosso jeito de ser. Durante a nossa vida, colecionamos objetos, cheiros, detalhes e lembran\u00e7as que nos fazem ser quem somos. E todos esses itens podem estar presentes na decora\u00e7\u00e3o da sua casa, tornando o lar um verdadeiro ref\u00fagio e um reflexo de quem voc\u00ea \u00e9.<\/p>\n<p>Mais do que apenas objetos e m\u00f3veis de fam\u00edlia, a decora\u00e7\u00e3o afetiva busca trazer para o espa\u00e7o cores, cheiros e sensa\u00e7\u00f5es que nos fazem recordar de determinados momentos ou que trazem um sentimento especial para a nossa casa. \u00c9 algo muito mais sensorial do que objetivo.<\/p>\n<h2><strong>Por que investir na decora\u00e7\u00e3o afetiva?<\/strong><\/h2>\n<p>A decora\u00e7\u00e3o afetiva \u00e9 uma tend\u00eancia. Mas, mais do que um estilo decorativo, \u00e9 uma maneira de transformar a sua casa em um lugar ainda mais aconchegante, no qual voc\u00ea possa sentir <strong>amor<\/strong>, <strong>carinho<\/strong>, <strong>acolhimento<\/strong> e <strong>seguran\u00e7a<\/strong>.<\/p>\n<p>\u00c9 uma maneira de conectar toda a fam\u00edlia com aquele ambiente, trazendo mem\u00f3rias e despertando boas sensa\u00e7\u00f5es em todos. Ent\u00e3o, mais do que usar itens caros e refinados, a inten\u00e7\u00e3o \u00e9 pensar em bons materiais, mas que tenham rela\u00e7\u00e3o com a personalidade e a hist\u00f3ria de cada morador.<\/p>\n<p>Dessa forma, o seu lar se torna um lugar \u00fanico no mundo \u2013 para o qual \u00e9 ainda mais gostoso retornar e permanecer. Justamente por esses pontos, a decora\u00e7\u00e3o com afeto n\u00e3o tem regras r\u00edgidas. A ideia \u00e9 decorar com itens pessoais que tenham significado para voc\u00ea, despertando sensa\u00e7\u00f5es e compondo um ambiente \u00fanico.<\/p>\n<h2><strong>Como decorar com afetividade?<\/strong><\/h2>\n<p>J\u00e1 est\u00e1 convencido de que a decora\u00e7\u00e3o afetiva \u00e9 uma boa ideia? Veja algumas dicas que separamos para come\u00e7ar a pratic\u00e1-la!<\/p>\n<h3><strong>Defina a personalidade do ambiente (a partir da personalidade dos moradores)<\/strong><\/h3>\n<p>Antes de come\u00e7ar a pensar em cores, estilos e objetos, \u00e9 importante refletir sobre quais sensa\u00e7\u00f5es voc\u00ea deseja trazer aos espa\u00e7os. Escolha algumas pe\u00e7as-chave que ajudem a refletir melhor a personalidade e as mem\u00f3rias dos moradores.<\/p>\n<figure class=\"gh-styles-m__figureContainer\" style=\"float: undefined;text-align: center\"><img decoding=\"async\" alt=\"\" class=\"gh-styles-m__figureContainer-image\" height=\"auto\" src=\"https:\/\/pointer.com.br\/blog\/wp-content\/uploads\/2022\/01\/decoracaoafetiva2-scaled.jpeg\" title=\"\" width=\"60%\" \/><figcaption class=\"gh-styles-m__figureContainer-caption\"><\/figcaption><\/figure>\n<p style=\"text-align:center\"><em>S\u00e3o muitos os pontos que podem compor a decora\u00e7\u00e3o afetiva, como uma estampa que lembre a sua inf\u00e2ncia ou um lugar que voc\u00ea viveu. Na imagem, painel com Ninho, da linha Decora Design, e parede com Ib\u00e9rica Natural<\/em><\/p>\n<p>Por exemplo, uma estampa que lembre a sua casa de inf\u00e2ncia, algumas fotografias de viagens, cores que t\u00eam significado especial na vida dos moradores e assim por diante. Tamb\u00e9m valem refer\u00eancias ao seu pa\u00eds ou regi\u00e3o de origem, como o revestimento <a data-type=\"LINK\" href=\"https:\/\/www.pointer.com.br\/revestimento\/ninho-30X60-mate\" target=\"_blank\" rel=\"noopener\">Ninho<\/a>, da linha Decora Design, que traz estampas da fauna e flora brasileira.<\/p>\n<h3><strong>Use m\u00f3veis antigos e objetos de fam\u00edlia<\/strong><\/h3>\n<p>Se voc\u00ea tiver algum m\u00f3vel ou objeto de fam\u00edlia, que passa de gera\u00e7\u00e3o em gera\u00e7\u00e3o, que tal incluir essa pe\u00e7a como ponto de destaque da sua decora\u00e7\u00e3o? Dependendo do estado do m\u00f3vel, \u00e9 poss\u00edvel investir em pequenos reparos ou uma restaura\u00e7\u00e3o, trocando o estofado, os puxadores, com uma nova pintura e outros pequenos detalhes.<\/p>\n<p>Tente deixar esse item como ponto focal do ambiente, compondo o restante da decora\u00e7\u00e3o ao redor dele. Para combinar m\u00f3veis antigos e <a data-type=\"LINK\" href=\"https:\/\/pointer.com.br\/blog\/design-contemporaneo\/\" target=\"_blank\" rel=\"noopener\">contempor\u00e2neos <\/a>no mesmo espa\u00e7o, procure alguma harmonia entre eles \u2013 como uma cor que se repete ou um material em comum, por exemplo a madeira.<\/p>\n<figure class=\"gh-styles-m__figureContainer\" style=\"float: undefined;text-align: center\"><img decoding=\"async\" alt=\"\" class=\"gh-styles-m__figureContainer-image\" height=\"auto\" src=\"https:\/\/pointer.com.br\/blog\/wp-content\/uploads\/2022\/01\/decoracaoafetiva6-scaled.jpeg\" title=\"\" width=\"60%\" \/><figcaption class=\"gh-styles-m__figureContainer-caption\"><\/figcaption><\/figure>\n<p style=\"text-align:center\"><em>Utilizar um m\u00f3vel ou objeto de fam\u00edlia \u00e9 uma \u00f3tima maneira de trazer mais personalidade \u00e0 sua decora\u00e7\u00e3o, assim como brincar com estampas e texturas diferenciadas. Na imagem, E-Motion Wood, da Linha Tropic\u00e1lia<\/em><\/p>\n<h3><strong>Aposte em fotografias<\/strong><\/h3>\n<p>As fotografias s\u00e3o \u00f3timas para nos trazer uma s\u00e9rie de lembran\u00e7as e ficam incr\u00edveis decorando as paredes de casa. Voc\u00ea pode selecionar as melhores e emoldur\u00e1-las para criar um pequeno detalhe em uma parede, compondo com quadros, gravuras e pe\u00e7as artesanais.<\/p>\n<h3><strong>Destaque seus souvenires de viagens<\/strong><\/h3>\n<p>Quem ama viajar e conhecer novos lugares pode transmitir isso na sua decora\u00e7\u00e3o afetiva. Use os souvenires como objetos decorativos. Miniaturas de edifica\u00e7\u00f5es, ilustra\u00e7\u00f5es, canecas e outros pequenos mimos que lhe ajudem a relembrar os bons momentos vividos e que reafirmem essa identidade de viajante.<\/p>\n<h3><strong>Brinque com o \u201cfa\u00e7a voc\u00ea mesmo\u201d<\/strong><\/h3>\n<p>Nada melhor para adicionar personalidade \u00e0 decora\u00e7\u00e3o do que algo que voc\u00ea ou algu\u00e9m da sua fam\u00edlia fez. \u00c9 poss\u00edvel usar pe\u00e7as artesanais e at\u00e9 os desenhos das crian\u00e7as na decora\u00e7\u00e3o.<\/p>\n<h3><strong>Aten\u00e7\u00e3o \u00e0 escolha das cores<\/strong><\/h3>\n<p>As cores t\u00eam a capacidade de nos transmitir uma s\u00e9rie de sensa\u00e7\u00f5es \u2013 e tamb\u00e9m de nos transportar para diferentes lugares. Pense na personalidade dos moradores e nos sentimentos que voc\u00ea deseja transmitir para a sua casa e <a data-type=\"LINK\" href=\"https:\/\/pointer.com.br\/blog\/psicologia-das-cores\/\" target=\"_blank\" rel=\"noopener\">escolha as cores que melhor se ajustem a isso<\/a>.<\/p>\n<figure class=\"gh-styles-m__figureContainer\" style=\"float: undefined;text-align: center\"><img decoding=\"async\" alt=\"\" class=\"gh-styles-m__figureContainer-image\" height=\"auto\" src=\"https:\/\/pointer.com.br\/blog\/wp-content\/uploads\/2022\/01\/decoracaoafetiva4.jpeg\" title=\"\" width=\"60%\" \/><figcaption class=\"gh-styles-m__figureContainer-caption\"><\/figcaption><\/figure>\n<p style=\"text-align:center\"><em>As cores, quando mescladas podem transformar as sensa\u00e7\u00f5es dos espa\u00e7os. <\/em><em>Como esta inspira\u00e7\u00e3o com o lan\u00e7amento Catavento Azul<\/em><em>. No piso, o neutro Zeppelin Steel<\/em><\/p>\n<h3><strong>Pense nos revestimentos<\/strong><\/h3>\n<p>Os <a data-type=\"LINK\" href=\"https:\/\/pointer.com.br\/blog\/revestimentos-com-brasilidade\/\" target=\"_blank\" rel=\"noopener\">revestimentos <\/a>tamb\u00e9m devem ajudar a trazer essa sensa\u00e7\u00e3o de acolhimento e pertencimento da decora\u00e7\u00e3o afetiva. E nada melhor para isso do que pensar em estampas que traduzam sensa\u00e7\u00f5es relacionadas \u00e0s mem\u00f3rias que voc\u00ea j\u00e1 vivenciou.<\/p>\n<p>A Pointer conta com algumas op\u00e7\u00f5es muito interessantes. O lan\u00e7amento <a data-type=\"LINK\" href=\"https:\/\/www.pointer.com.br\/busca\/catavento\" target=\"_blank\" rel=\"noopener\">Catavento<\/a> \u00e9 uma delas \u2013 brincando com a simbologia do catavento, que est\u00e1 ligado a inf\u00e2ncia de muitas pessoas, trazendo um ar nost\u00e1lgico, l\u00fadico e muito positivo.<\/p>\n<p>Outra ideia bacana \u00e9 o lan\u00e7amento <a data-type=\"LINK\" href=\"https:\/\/www.pointer.com.br\/busca\/mandala\" target=\"_blank\" rel=\"noopener\">Mandala<\/a> \u2013 um c\u00edrculo que simboliza o universo, mostrando que todos estamos interligados e fazemos parte dos cosmos, trazendo essa sensa\u00e7\u00e3o de pertencimento de forma ainda mais presente.<\/p>\n<p>Com uma pegada semelhante, o lan\u00e7amento <a data-type=\"LINK\" href=\"https:\/\/www.pointer.com.br\/busca\/sacra\" target=\"_blank\" rel=\"noopener\">Sacra<\/a>, foi inspirado nas formas da geometria sagrada, especificamente a flor da vida, um desenho que simboliza a interconectividade da vida e de todos os seres. Todos esses lan\u00e7amentos s\u00e3o ferramentas para uma decora\u00e7\u00e3o afetiva.<\/p>\n<figure class=\"gh-styles-m__figureContainer\" style=\"float: undefined;text-align: center\"><img decoding=\"async\" alt=\"\" class=\"gh-styles-m__figureContainer-image\" height=\"auto\" src=\"https:\/\/pointer.com.br\/blog\/wp-content\/uploads\/2022\/01\/decoracaoafetiva5-scaled.jpeg\" title=\"\" width=\"60%\" \/><figcaption class=\"gh-styles-m__figureContainer-caption\"><\/figcaption><\/figure>\n<p style=\"text-align:center\"><em>As estampas dos revestimentos s\u00e3o capazes de transmitir uma s\u00e9rie de sensa\u00e7\u00f5es, como essa parede com o lan\u00e7amento Sacra, que simboliza a interconectividade de todos os seres<\/em><\/p>\n<p>Outros revestimentos da Cole\u00e7\u00e3o Pointer tamb\u00e9m ajudam a trazer diferentes sensa\u00e7\u00f5es e mem\u00f3rias. Como <a data-type=\"LINK\" href=\"https:\/\/www.pointer.com.br\/busca\/urbana%20retr%C3%B4\" target=\"_blank\" rel=\"noopener\">Urbana Retr\u00f4 Mix<\/a>, que recria os saudosos ladrilhos hidr\u00e1ulicos presentes nas casas de muitos dos nossos familiares mais antigos.<\/p>\n<p>Como voc\u00ea viu, com alguns pequenos detalhes, \u00e9 poss\u00edvel transformar a sua decora\u00e7\u00e3o, tornando-a mais afetiva e fazendo com que voc\u00ea se lembre de \u00f3timos momentos e tamb\u00e9m reafirme suas ra\u00edzes, transformando a casa em um verdadeiro ref\u00fagio de boas sensa\u00e7\u00f5es.<\/p>\n<p><strong>Gostou de conhecer mais sobre a decora\u00e7\u00e3o afetiva? <\/strong><a data-type=\"LINK\" href=\"https:\/\/www.pointer.com.br\/\" target=\"_blank\" rel=\"noopener\"><strong>Visite o nosso site <\/strong><\/a><strong>e descubra como a Pointer pode ajudar a transformar o seu d\u00e9cor!<\/strong><\/p>\n","protected":false},"excerpt":{"rendered":"<p>Entenda o que \u00e9 a decora\u00e7\u00e3o afetiva, veja porque investir nela e dicas pr\u00e1ticas para transformar a sua casa!<\/p>\n","protected":false},"author":8,"featured_media":47314,"comment_status":"open","ping_status":"open","sticky":false,"template":"","format":"standard","meta":{"footnotes":""},"categories":[10],"tags":[],"class_list":["post-46877","post","type-post","status-publish","format-standard","has-post-thumbnail","hentry","category-dicas-pointer"],"acf":[],"_links":{"self":[{"href":"https:\/\/pointer.com.br\/blog\/wp-json\/wp\/v2\/posts\/46877","targetHints":{"allow":["GET"]}}],"collection":[{"href":"https:\/\/pointer.com.br\/blog\/wp-json\/wp\/v2\/posts"}],"about":[{"href":"https:\/\/pointer.com.br\/blog\/wp-json\/wp\/v2\/types\/post"}],"author":[{"embeddable":true,"href":"https:\/\/pointer.com.br\/blog\/wp-json\/wp\/v2\/users\/8"}],"replies":[{"embeddable":true,"href":"https:\/\/pointer.com.br\/blog\/wp-json\/wp\/v2\/comments?post=46877"}],"version-history":[{"count":11,"href":"https:\/\/pointer.com.br\/blog\/wp-json\/wp\/v2\/posts\/46877\/revisions"}],"predecessor-version":[{"id":47315,"href":"https:\/\/pointer.com.br\/blog\/wp-json\/wp\/v2\/posts\/46877\/revisions\/47315"}],"wp:featuredmedia":[{"embeddable":true,"href":"https:\/\/pointer.com.br\/blog\/wp-json\/wp\/v2\/media\/47314"}],"wp:attachment":[{"href":"https:\/\/pointer.com.br\/blog\/wp-json\/wp\/v2\/media?parent=46877"}],"wp:term":[{"taxonomy":"category","embeddable":true,"href":"https:\/\/pointer.com.br\/blog\/wp-json\/wp\/v2\/categories?post=46877"},{"taxonomy":"post_tag","embeddable":true,"href":"https:\/\/pointer.com.br\/blog\/wp-json\/wp\/v2\/tags?post=46877"}],"curies":[{"name":"wp","href":"https:\/\/api.w.org\/{rel}","templated":true}]}}