{"id":43696,"date":"2021-02-04T14:56:15","date_gmt":"2021-02-04T16:56:15","guid":{"rendered":"https:\/\/pointer.com.br\/blog\/?p=43696"},"modified":"2021-02-10T14:57:21","modified_gmt":"2021-02-10T16:57:21","slug":"ideias-para-a-sala-de-jantar","status":"publish","type":"post","link":"https:\/\/pointer.com.br\/blog\/ideias-para-a-sala-de-jantar\/","title":{"rendered":"Ideias para sala de jantar: 5 inspira\u00e7\u00f5es"},"content":{"rendered":"\n<p>Para quem valoriza boa comida e momentos em fam\u00edlia, a sala de jantar \u00e9 um dos ambientes mais especiais da casa. Al\u00e9m de fazer as refei\u00e7\u00f5es, esse \u00e9 um espa\u00e7o de pausa, para colocar os assuntos em dia, receber amigos, conversar de tudo um pouco e fazer planos para o fim de semana seguinte, estreitando la\u00e7os e tornando a conviv\u00eancia mais fluida. Por isso, decor\u00e1-la de uma maneira confort\u00e1vel e agrad\u00e1vel a moradores e visitantes \u00e9 essencial na hora de montar uma casa.<\/p>\n\n\n\n<p>Antes que voc\u00ea pense que seu im\u00f3vel \u00e9 pequeno demais para ter uma sala de jantar, vamos esclarecer um ponto: n\u00e3o importa que a mesa seja pequena e esteja integrada com cozinha, sala de estar ou varanda. Com solu\u00e7\u00f5es pr\u00e1ticas e sem grandes custos, d\u00e1 para criar um \u201ccantinho\u201d de jantar cheio de personalidade e funcionalidade. Veja a seguir cinco ideias para salas de jantar pequenas e integradas.<\/p>\n\n\n\n<p><\/p>\n\n\n\n<h2 class=\"wp-block-heading\"><strong>1 &#8211; Sala de jantar minimalista<\/strong><\/h2>\n\n\n\n<figure class=\"wp-block-image size-full\"><img loading=\"lazy\" decoding=\"async\" width=\"2100\" height=\"1181\" src=\"https:\/\/pointer.com.br\/blog\/wp-content\/uploads\/2021\/02\/sala-de-jantar-minimalista.jpg\" alt=\"cozinha minimalista\" class=\"wp-image-43697\" srcset=\"https:\/\/pointer.com.br\/blog\/wp-content\/uploads\/2021\/02\/sala-de-jantar-minimalista.jpg 2100w, https:\/\/pointer.com.br\/blog\/wp-content\/uploads\/2021\/02\/sala-de-jantar-minimalista-300x169.jpg 300w, https:\/\/pointer.com.br\/blog\/wp-content\/uploads\/2021\/02\/sala-de-jantar-minimalista-1024x576.jpg 1024w, https:\/\/pointer.com.br\/blog\/wp-content\/uploads\/2021\/02\/sala-de-jantar-minimalista-768x432.jpg 768w, https:\/\/pointer.com.br\/blog\/wp-content\/uploads\/2021\/02\/sala-de-jantar-minimalista-1536x864.jpg 1536w, https:\/\/pointer.com.br\/blog\/wp-content\/uploads\/2021\/02\/sala-de-jantar-minimalista-2048x1152.jpg 2048w\" sizes=\"auto, (max-width: 2100px) 100vw, 2100px\" \/><figcaption><em>Proposta minimalista com Urbana Branco no piso e Tom Bordado Cobre na parede<\/em><\/figcaption><\/figure>\n\n\n\n<p>Um ambiente minimalista \u00e9 considerado o ideal para quem busca uma sala de jantar contempor\u00e2nea e de f\u00e1cil manuten\u00e7\u00e3o. Na imagem acima, apresentamos um projeto com estilo n\u00f3rdico, explorando muito<a href=\"https:\/\/pointer.com.br\/blog\/decoracao-monocromatica\/\"> branco<\/a> e um pendente simples, mas elegante e funcional. A combina\u00e7\u00e3o do piso<a href=\"https:\/\/www.pointer.com.br\/revestimento\/urbana-branco-60X60-mate\"> Urbana Branco<\/a>, com o revestimento cer\u00e2mico<a href=\"https:\/\/www.pointer.com.br\/revestimento\/tom-bordado-cobre-30X60-brilho\"> Tom Bordado Cobre<\/a>, da linha<a href=\"https:\/\/www.pointer.com.br\/revestimentos\/decora-design\"> Decora Design<\/a>, na parede deixa o ambiente espa\u00e7oso.<\/p>\n\n\n\n<p><\/p>\n\n\n\n<h2 class=\"wp-block-heading\"><strong>2 &#8211; Sala de jantar vibrante<\/strong><\/h2>\n\n\n\n<figure class=\"wp-block-image size-full\"><img loading=\"lazy\" decoding=\"async\" width=\"1920\" height=\"1080\" src=\"https:\/\/pointer.com.br\/blog\/wp-content\/uploads\/2021\/02\/5a8c59c5a936140d7f6df000.jpg\" alt=\"sala de jantar vibrante\" class=\"wp-image-43698\" srcset=\"https:\/\/pointer.com.br\/blog\/wp-content\/uploads\/2021\/02\/5a8c59c5a936140d7f6df000.jpg 1920w, https:\/\/pointer.com.br\/blog\/wp-content\/uploads\/2021\/02\/5a8c59c5a936140d7f6df000-300x169.jpg 300w, https:\/\/pointer.com.br\/blog\/wp-content\/uploads\/2021\/02\/5a8c59c5a936140d7f6df000-1024x576.jpg 1024w, https:\/\/pointer.com.br\/blog\/wp-content\/uploads\/2021\/02\/5a8c59c5a936140d7f6df000-768x432.jpg 768w, https:\/\/pointer.com.br\/blog\/wp-content\/uploads\/2021\/02\/5a8c59c5a936140d7f6df000-1536x864.jpg 1536w\" sizes=\"auto, (max-width: 1920px) 100vw, 1920px\" \/><figcaption><em>Cl\u00e1ssico Branco no piso \u00e9 o elemento neutro nesta decora\u00e7\u00e3o vibrante com Domin\u00f3 Azul na parede<\/em><\/figcaption><\/figure>\n\n\n\n<p>Essa \u00e9 para quem gosta de usar e abusar de revestimentos e marcenaria com cores mais vibrantes. Uma sala de jantar acolhedora n\u00e3o precisa remeter ao s\u00e9culo retrasado e se parecer com a casa de nossas bisav\u00f3s. Um exemplo disso \u00e9 a uni\u00e3o do piso<a href=\"https:\/\/www.pointer.com.br\/revestimento\/classico-branco-60X60-mate-1\"> Cl\u00e1ssico Branco<\/a>, da linha<a href=\"https:\/\/www.pointer.com.br\/revestimentos\/neutra\"> Neutra<\/a>, com a pe\u00e7a<a href=\"https:\/\/www.pointer.com.br\/revestimento\/domino-azul-30X60-brilho\"> Domin\u00f3 Azul<\/a>, da linha<a href=\"https:\/\/www.pointer.com.br\/revestimentos\/decora-design\"> Decora Design<\/a>, na parede. E para quem gosta de outras cores, a boa not\u00edcia \u00e9 que a Pointer possui diversas tonalidades de revestimentos.<\/p>\n\n\n\n<p><\/p>\n\n\n\n<h2 class=\"wp-block-heading\"><strong>3 &#8211; Sala de jantar delicada<\/strong><\/h2>\n\n\n\n<figure class=\"wp-block-image size-full\"><img loading=\"lazy\" decoding=\"async\" width=\"1920\" height=\"1080\" src=\"https:\/\/pointer.com.br\/blog\/wp-content\/uploads\/2021\/02\/5a8b3437a9361478f8e22bb8.jpg\" alt=\"cozinha\" class=\"wp-image-43699\" srcset=\"https:\/\/pointer.com.br\/blog\/wp-content\/uploads\/2021\/02\/5a8b3437a9361478f8e22bb8.jpg 1920w, https:\/\/pointer.com.br\/blog\/wp-content\/uploads\/2021\/02\/5a8b3437a9361478f8e22bb8-300x169.jpg 300w, https:\/\/pointer.com.br\/blog\/wp-content\/uploads\/2021\/02\/5a8b3437a9361478f8e22bb8-1024x576.jpg 1024w, https:\/\/pointer.com.br\/blog\/wp-content\/uploads\/2021\/02\/5a8b3437a9361478f8e22bb8-768x432.jpg 768w, https:\/\/pointer.com.br\/blog\/wp-content\/uploads\/2021\/02\/5a8b3437a9361478f8e22bb8-1536x864.jpg 1536w\" sizes=\"auto, (max-width: 1920px) 100vw, 1920px\" \/><figcaption><em>Decora\u00e7\u00e3o delicada, mas com personalidade com Cl\u00e1ssico Branco no piso e Renascen\u00e7a na parede<\/em><\/figcaption><\/figure>\n\n\n\n<p>Que tal montar uma sala de jantar delicada, decorada com flores, tons claros e renda? Isso \u00e9 poss\u00edvel sem gastar muito, como prova a imagem acima. A uni\u00e3o do revestimento Cl\u00e1ssico Branco no piso com<a href=\"https:\/\/www.pointer.com.br\/revestimento\/renascenca-30X60-mate\"> Renascen\u00e7a<\/a>, da linha<a href=\"https:\/\/www.pointer.com.br\/revestimentos\/decora-design\"> Decora Design<\/a>, na parede, \u00e9 imbat\u00edvel. As cadeiras em tom amarelo ajudam a dar personalidade ao espa\u00e7o. Tem como n\u00e3o se apaixonar?<\/p>\n\n\n\n<p><\/p>\n\n\n\n<h2 class=\"wp-block-heading\"><strong>4 &#8211; Sala de jantar b\u00e1sica<\/strong><\/h2>\n\n\n\n<figure class=\"wp-block-image size-full\"><img loading=\"lazy\" decoding=\"async\" width=\"1920\" height=\"1080\" src=\"https:\/\/pointer.com.br\/blog\/wp-content\/uploads\/2021\/02\/5a8b3028a9361478f8e22681.jpg\" alt=\"sala de jantar integrada a sala de estar\" class=\"wp-image-43700\" srcset=\"https:\/\/pointer.com.br\/blog\/wp-content\/uploads\/2021\/02\/5a8b3028a9361478f8e22681.jpg 1920w, https:\/\/pointer.com.br\/blog\/wp-content\/uploads\/2021\/02\/5a8b3028a9361478f8e22681-300x169.jpg 300w, https:\/\/pointer.com.br\/blog\/wp-content\/uploads\/2021\/02\/5a8b3028a9361478f8e22681-1024x576.jpg 1024w, https:\/\/pointer.com.br\/blog\/wp-content\/uploads\/2021\/02\/5a8b3028a9361478f8e22681-768x432.jpg 768w, https:\/\/pointer.com.br\/blog\/wp-content\/uploads\/2021\/02\/5a8b3028a9361478f8e22681-1536x864.jpg 1536w\" sizes=\"auto, (max-width: 1920px) 100vw, 1920px\" \/><figcaption><em>Sala de jantar com Urbana Cinza no piso: b\u00e1sica, elegante e com personalidade<\/em><\/figcaption><\/figure>\n\n\n\n<p>Essa op\u00e7\u00e3o faz sucesso entre aqueles que gostam do tradicional, recomendada para quem possui um ambiente de jantar integrado \u00e0 sala de estar. Em situa\u00e7\u00f5es como esta, comuns na maioria das casas e apartamentos recentemente constru\u00eddos, uma mesa redonda ocupa menos espa\u00e7o e minimiza quaisquer dores de cabe\u00e7a. Caso seja de tom claro, quando combinada com o piso<a href=\"https:\/\/www.pointer.com.br\/revestimento\/urbana-cinza-60X60-mate\"> Urbana Cinza<\/a>, da linha<a href=\"https:\/\/www.pointer.com.br\/revestimentos\/urbana\"> Urbana<\/a>, proporciona um resultado b\u00e1sico e elegante.<\/p>\n\n\n\n<p><\/p>\n\n\n\n<h2 class=\"wp-block-heading\"><strong>5 &#8211; Sala de jantar pr\u00e1tica<\/strong><\/h2>\n\n\n\n<figure class=\"wp-block-image size-full\"><img loading=\"lazy\" decoding=\"async\" width=\"1920\" height=\"1080\" src=\"https:\/\/pointer.com.br\/blog\/wp-content\/uploads\/2021\/02\/sala-jantar-6.jpg\" alt=\"cozinha integrada com a sala de jantar\" class=\"wp-image-43701\" srcset=\"https:\/\/pointer.com.br\/blog\/wp-content\/uploads\/2021\/02\/sala-jantar-6.jpg 1920w, https:\/\/pointer.com.br\/blog\/wp-content\/uploads\/2021\/02\/sala-jantar-6-300x169.jpg 300w, https:\/\/pointer.com.br\/blog\/wp-content\/uploads\/2021\/02\/sala-jantar-6-1024x576.jpg 1024w, https:\/\/pointer.com.br\/blog\/wp-content\/uploads\/2021\/02\/sala-jantar-6-768x432.jpg 768w, https:\/\/pointer.com.br\/blog\/wp-content\/uploads\/2021\/02\/sala-jantar-6-1536x864.jpg 1536w\" sizes=\"auto, (max-width: 1920px) 100vw, 1920px\" \/><figcaption><em>Sala de jantar integrada com a cozinha com Cl\u00e1ssico Cru no piso e Nativa Patina na parede<\/em><\/figcaption><\/figure>\n\n\n\n<p>Para quem n\u00e3o tem tempo a perder e conta com uma rotina corrida, o que exige praticidade para servir pratos e limpar o espa\u00e7o, a sala de jantar integrada com a cozinha \u00e9 a melhor op\u00e7\u00e3o. A combina\u00e7\u00e3o do piso<a href=\"https:\/\/www.pointer.com.br\/revestimento\/classico-cru-60X60-mate\"> Cl\u00e1ssico Cru<\/a>, da linha<a href=\"https:\/\/www.pointer.com.br\/revestimentos\/neutra\"> Neutra<\/a>, com o revestimento<a href=\"https:\/\/www.pointer.com.br\/revestimento\/nativa-patina-60X60-brilho\"> Nativa Patina<\/a>, da linha<a href=\"https:\/\/www.pointer.com.br\/revestimentos\/lenho\"> Lenho<\/a>, na parede, as cadeiras na cor marrom, o quadro na parede e o pendente branco s\u00e3o o que podemos chamar de casamento perfeito. N\u00e3o destoam da cozinha e, ao mesmo tempo, conseguem conferir uma identidade ao espa\u00e7o para as refei\u00e7\u00f5es.<\/p>\n\n\n\n<p><\/p>\n\n\n\n<h4 class=\"wp-block-heading\"><strong>Ajuda<\/strong><\/h4>\n\n\n\n<p>Se voc\u00ea ficou animado com as ideias para a sala de jantar e deseja reformar este ou qualquer outro ambiente da casa e n\u00e3o sabe por onde come\u00e7ar, a Pointer se coloca \u00e0 disposi\u00e7\u00e3o com dezenas de op\u00e7\u00f5es de<a href=\"https:\/\/www.pointer.com.br\/especiais\/superceramico-pointer\"> Supercer\u00e2micos<\/a> e<a href=\"http:\/\/www.pointer.com.br\/revestimentos\"> cer\u00e2micas<\/a> para todos os gostos e bolsos. Acesso o<a href=\"https:\/\/www.pointer.com.br\/\"> nosso site<\/a> e conhe\u00e7a os produtos que mais combinam com voc\u00ea e o seu estilo.<\/p>\n","protected":false},"excerpt":{"rendered":"<p>Confira as ideias para a sala de jantar para usar como inspira\u00e7\u00e3o, mesmo que o ambiente seja pequeno ou integrado com a cozinha, sala de estar ou varanda.<\/p>\n","protected":false},"author":10,"featured_media":43702,"comment_status":"open","ping_status":"open","sticky":false,"template":"","format":"standard","meta":{"footnotes":""},"categories":[10],"tags":[],"class_list":["post-43696","post","type-post","status-publish","format-standard","has-post-thumbnail","hentry","category-dicas-pointer"],"acf":[],"_links":{"self":[{"href":"https:\/\/pointer.com.br\/blog\/wp-json\/wp\/v2\/posts\/43696","targetHints":{"allow":["GET"]}}],"collection":[{"href":"https:\/\/pointer.com.br\/blog\/wp-json\/wp\/v2\/posts"}],"about":[{"href":"https:\/\/pointer.com.br\/blog\/wp-json\/wp\/v2\/types\/post"}],"author":[{"embeddable":true,"href":"https:\/\/pointer.com.br\/blog\/wp-json\/wp\/v2\/users\/10"}],"replies":[{"embeddable":true,"href":"https:\/\/pointer.com.br\/blog\/wp-json\/wp\/v2\/comments?post=43696"}],"version-history":[{"count":3,"href":"https:\/\/pointer.com.br\/blog\/wp-json\/wp\/v2\/posts\/43696\/revisions"}],"predecessor-version":[{"id":43714,"href":"https:\/\/pointer.com.br\/blog\/wp-json\/wp\/v2\/posts\/43696\/revisions\/43714"}],"wp:featuredmedia":[{"embeddable":true,"href":"https:\/\/pointer.com.br\/blog\/wp-json\/wp\/v2\/media\/43702"}],"wp:attachment":[{"href":"https:\/\/pointer.com.br\/blog\/wp-json\/wp\/v2\/media?parent=43696"}],"wp:term":[{"taxonomy":"category","embeddable":true,"href":"https:\/\/pointer.com.br\/blog\/wp-json\/wp\/v2\/categories?post=43696"},{"taxonomy":"post_tag","embeddable":true,"href":"https:\/\/pointer.com.br\/blog\/wp-json\/wp\/v2\/tags?post=43696"}],"curies":[{"name":"wp","href":"https:\/\/api.w.org\/{rel}","templated":true}]}}