{"id":43408,"date":"2020-11-24T16:54:12","date_gmt":"2020-11-24T18:54:12","guid":{"rendered":"https:\/\/pointer.com.br\/blog\/?p=43408"},"modified":"2020-11-24T16:54:17","modified_gmt":"2020-11-24T18:54:17","slug":"erros-na-decoracao","status":"publish","type":"post","link":"https:\/\/pointer.com.br\/blog\/erros-na-decoracao\/","title":{"rendered":"Dez erros na decora\u00e7\u00e3o que voc\u00ea pode estar cometendo"},"content":{"rendered":"\n<p>Os erros na decora\u00e7\u00e3o surgem principalmente pela falta de planejamento. Os problemas ocorrem exatamente no instante em que a empolga\u00e7\u00e3o surge e alguns detalhes importantes s\u00e3o deixados de lado. Ser\u00e1 que voc\u00ea est\u00e1 cometendo alguns desses erros? \u00c9 nesse sentido que vamos te ajudar!&nbsp;<\/p>\n\n\n\n<p><\/p>\n\n\n\n<p><strong>1 &#8211; Medidas<\/strong><\/p>\n\n\n\n<p>Escolher os m\u00f3veis sem saber as medidas? Este certamente est\u00e1 entre os erros de decora\u00e7\u00e3o mais comuns. De nada adianta comprar o sof\u00e1 dos sonhos se ele impede o tr\u00e2nsito das pessoas por ser t\u00e3o grande, por exemplo. Por outro lado, uma mesa muito pequena pode acabar \u201cdesaparecendo\u201d em uma sala com grandes propor\u00e7\u00f5es, deixando muito espa\u00e7o. Portanto, lembre-se sempre de medir os ambientes e os m\u00f3veis.<\/p>\n\n\n\n<p><\/p>\n\n\n\n<p><strong>2 &#8211; Circula\u00e7\u00e3o<\/strong><\/p>\n\n\n\n<figure class=\"wp-block-image size-full\"><img loading=\"lazy\" decoding=\"async\" width=\"1920\" height=\"2560\" src=\"https:\/\/pointer.com.br\/blog\/wp-content\/uploads\/2020\/11\/Pbl_amv_Pointer_41103_e_zeppelin_beige_80x80_mate_ret-scaled.jpg\" alt=\"decora\u00e7\u00e3o pensada em preservar a circula\u00e7\u00e3o no ambiente\" class=\"wp-image-43411\" srcset=\"https:\/\/pointer.com.br\/blog\/wp-content\/uploads\/2020\/11\/Pbl_amv_Pointer_41103_e_zeppelin_beige_80x80_mate_ret-scaled.jpg 1920w, https:\/\/pointer.com.br\/blog\/wp-content\/uploads\/2020\/11\/Pbl_amv_Pointer_41103_e_zeppelin_beige_80x80_mate_ret-225x300.jpg 225w, https:\/\/pointer.com.br\/blog\/wp-content\/uploads\/2020\/11\/Pbl_amv_Pointer_41103_e_zeppelin_beige_80x80_mate_ret-768x1024.jpg 768w, https:\/\/pointer.com.br\/blog\/wp-content\/uploads\/2020\/11\/Pbl_amv_Pointer_41103_e_zeppelin_beige_80x80_mate_ret-1152x1536.jpg 1152w, https:\/\/pointer.com.br\/blog\/wp-content\/uploads\/2020\/11\/Pbl_amv_Pointer_41103_e_zeppelin_beige_80x80_mate_ret-1536x2048.jpg 1536w\" sizes=\"auto, (max-width: 1920px) 100vw, 1920px\" \/><figcaption><em>Perceba como a circula\u00e7\u00e3o foi preservada nesse ambiente com Zeppelin Beige no piso<\/em><\/figcaption><\/figure>\n\n\n\n<p>Ignorar a circula\u00e7\u00e3o entre ambientes \u00e9 outra \u201cbola fora\u201d. Se o local \u00e9 pequeno, nada de excesso de elementos. No caso de um corredor estreito, por exemplo, pense em aproveitar bem as paredes. Elas podem receber quadros, com um toque pessoal que n\u00e3o interfere no ir e vir das pessoas.<\/p>\n\n\n\n<p><\/p>\n\n\n\n<p><strong>3 &#8211; Decora\u00e7\u00e3o<\/strong><\/p>\n\n\n\n<p>Tumultuar a sala com excesso de objetos de decora\u00e7\u00e3o deixou de ser chique h\u00e1 tempos. Ainda mais com a vida corrida atualmente. Ou voc\u00ea tem o dia todo para limpar dezenas de pe\u00e7as? Isso sem contar que o ambiente pode ficar carregado com o excesso de informa\u00e7\u00e3o, provocando at\u00e9 uma confus\u00e3o visual. Seja simples. Muitas vezes, o menos \u00e9 mais.<\/p>\n\n\n\n<p><\/p>\n\n\n\n<p><strong>4 &#8211; Padroniza\u00e7\u00e3o<\/strong><\/p>\n\n\n\n<p>Um outro erro na decora\u00e7\u00e3o comum de quem se aventura sem planejamento \u00e9 deixar o ambiente totalmente padronizado, apostando em uma \u00fanica cor para revestimentos e decora\u00e7\u00e3o. Isso pode tornar o local pesado visualmente e sem o toque de personalidade do morador. Como costumam dizer por a\u00ed, sem gra\u00e7a. Portanto,<a href=\"https:\/\/pointer.com.br\/blog\/personalidade-a-decoracao-da-casa\/\"> pesquise e explore<\/a> tons e texturas em seu projeto.&nbsp;&nbsp;<\/p>\n\n\n\n<p><strong>5 &#8211; Espa\u00e7os verticais<\/strong><\/p>\n\n\n\n<figure class=\"wp-block-image size-full\"><img loading=\"lazy\" decoding=\"async\" width=\"1713\" height=\"2560\" src=\"https:\/\/pointer.com.br\/blog\/wp-content\/uploads\/2020\/11\/pbl_amv_pointer_41128_tropicalia_iberica_rubia_15x90_ret_41148_lazer_intarsia_mate_15x90_ret-scaled.jpg\" alt=\"ambiente vertical sem erro de decora\u00e7\u00e3o, aproveitando espa\u00e7o da sala\" class=\"wp-image-43412\" srcset=\"https:\/\/pointer.com.br\/blog\/wp-content\/uploads\/2020\/11\/pbl_amv_pointer_41128_tropicalia_iberica_rubia_15x90_ret_41148_lazer_intarsia_mate_15x90_ret-scaled.jpg 1713w, https:\/\/pointer.com.br\/blog\/wp-content\/uploads\/2020\/11\/pbl_amv_pointer_41128_tropicalia_iberica_rubia_15x90_ret_41148_lazer_intarsia_mate_15x90_ret-201x300.jpg 201w, https:\/\/pointer.com.br\/blog\/wp-content\/uploads\/2020\/11\/pbl_amv_pointer_41128_tropicalia_iberica_rubia_15x90_ret_41148_lazer_intarsia_mate_15x90_ret-685x1024.jpg 685w, https:\/\/pointer.com.br\/blog\/wp-content\/uploads\/2020\/11\/pbl_amv_pointer_41128_tropicalia_iberica_rubia_15x90_ret_41148_lazer_intarsia_mate_15x90_ret-768x1148.jpg 768w, https:\/\/pointer.com.br\/blog\/wp-content\/uploads\/2020\/11\/pbl_amv_pointer_41128_tropicalia_iberica_rubia_15x90_ret_41148_lazer_intarsia_mate_15x90_ret-1028x1536.jpg 1028w, https:\/\/pointer.com.br\/blog\/wp-content\/uploads\/2020\/11\/pbl_amv_pointer_41128_tropicalia_iberica_rubia_15x90_ret_41148_lazer_intarsia_mate_15x90_ret-1370x2048.jpg 1370w\" sizes=\"auto, (max-width: 1713px) 100vw, 1713px\" \/><figcaption><em>Int\u00e1rsia na parede criou um diferencial para essa sala com Ib\u00e9rica Rubia no piso<\/em><\/figcaption><\/figure>\n\n\n\n<p>Nem todo mundo fica atento a essa possibilidade. Portanto, tente aproveitar ao m\u00e1ximo o potencial dos espa\u00e7os verticais. Paredes, portas e laterais de arm\u00e1rios podem ser aliados na hora de organizar as coisas e investir em detalhes modernos. \u00c9 poss\u00edvel apostar em op\u00e7\u00f5es que v\u00e3o al\u00e9m dos quadros. J\u00e1 pensou em decorar o ambiente com<a href=\"https:\/\/pointer.com.br\/blog\/macrame-e-tendencia-de-decoracao\/\"> macram\u00ea<\/a>? Ali\u00e1s, o revestimento cer\u00e2mico tamb\u00e9m permite lindas personaliza\u00e7\u00f5es de paredes.&nbsp;&nbsp;<\/p>\n\n\n\n<p><\/p>\n\n\n\n<p><strong>6 &#8211; Varandas<\/strong><\/p>\n\n\n\n<figure class=\"wp-block-image size-full\"><img loading=\"lazy\" decoding=\"async\" width=\"2100\" height=\"1181\" src=\"https:\/\/pointer.com.br\/blog\/wp-content\/uploads\/2020\/11\/5cb73bdeb21e9c090efa7d08.jpg\" alt=\"varanda\" class=\"wp-image-43413\" srcset=\"https:\/\/pointer.com.br\/blog\/wp-content\/uploads\/2020\/11\/5cb73bdeb21e9c090efa7d08.jpg 2100w, https:\/\/pointer.com.br\/blog\/wp-content\/uploads\/2020\/11\/5cb73bdeb21e9c090efa7d08-300x169.jpg 300w, https:\/\/pointer.com.br\/blog\/wp-content\/uploads\/2020\/11\/5cb73bdeb21e9c090efa7d08-1024x576.jpg 1024w, https:\/\/pointer.com.br\/blog\/wp-content\/uploads\/2020\/11\/5cb73bdeb21e9c090efa7d08-768x432.jpg 768w, https:\/\/pointer.com.br\/blog\/wp-content\/uploads\/2020\/11\/5cb73bdeb21e9c090efa7d08-1536x864.jpg 1536w, https:\/\/pointer.com.br\/blog\/wp-content\/uploads\/2020\/11\/5cb73bdeb21e9c090efa7d08-2048x1152.jpg 2048w\" sizes=\"auto, (max-width: 2100px) 100vw, 2100px\" \/><figcaption><em>Varanda com Urbana Cinza no piso com uma decora\u00e7\u00e3o bem funcional e charmosa<\/em><\/figcaption><\/figure>\n\n\n\n<p>Ignorar o espa\u00e7o das varandas torna-se um grande desperd\u00edcio de metro quadrado. Com planejamento, \u00e9 poss\u00edvel encaixar nesse ambiente uma rede e alguns puffs para relaxar e at\u00e9 mesas para um caf\u00e9 da manh\u00e3 ou ch\u00e1 da tarde. Com as medidas na ponta do l\u00e1pis, fica mais f\u00e1cil encontrar a melhor op\u00e7\u00e3o.<\/p>\n\n\n\n<p><\/p>\n\n\n\n<p><strong>7 &#8211; Ilumina\u00e7\u00e3o<\/strong><\/p>\n\n\n\n<figure class=\"wp-block-image size-full\"><img loading=\"lazy\" decoding=\"async\" width=\"2560\" height=\"1920\" src=\"https:\/\/pointer.com.br\/blog\/wp-content\/uploads\/2020\/11\/pbl_amv_pointer_41120_tropicalia_iberica_platina_mate_15x90_ret_41137_grid_navy_ret_30x60_01-1-scaled.jpg\" alt=\"quarto com ilumina\u00e7\u00e3o natural d janela\" class=\"wp-image-43410\" srcset=\"https:\/\/pointer.com.br\/blog\/wp-content\/uploads\/2020\/11\/pbl_amv_pointer_41120_tropicalia_iberica_platina_mate_15x90_ret_41137_grid_navy_ret_30x60_01-1-scaled.jpg 2560w, https:\/\/pointer.com.br\/blog\/wp-content\/uploads\/2020\/11\/pbl_amv_pointer_41120_tropicalia_iberica_platina_mate_15x90_ret_41137_grid_navy_ret_30x60_01-1-300x225.jpg 300w, https:\/\/pointer.com.br\/blog\/wp-content\/uploads\/2020\/11\/pbl_amv_pointer_41120_tropicalia_iberica_platina_mate_15x90_ret_41137_grid_navy_ret_30x60_01-1-1024x768.jpg 1024w, https:\/\/pointer.com.br\/blog\/wp-content\/uploads\/2020\/11\/pbl_amv_pointer_41120_tropicalia_iberica_platina_mate_15x90_ret_41137_grid_navy_ret_30x60_01-1-768x576.jpg 768w, https:\/\/pointer.com.br\/blog\/wp-content\/uploads\/2020\/11\/pbl_amv_pointer_41120_tropicalia_iberica_platina_mate_15x90_ret_41137_grid_navy_ret_30x60_01-1-1536x1152.jpg 1536w, https:\/\/pointer.com.br\/blog\/wp-content\/uploads\/2020\/11\/pbl_amv_pointer_41120_tropicalia_iberica_platina_mate_15x90_ret_41137_grid_navy_ret_30x60_01-1-2048x1536.jpg 2048w\" sizes=\"auto, (max-width: 2560px) 100vw, 2560px\" \/><figcaption><em>Perceba como a ilumina\u00e7\u00e3o \u00e9 bem aproveitada nesse quarto com Ib\u00e9rica Platina no piso e Grid Navy formando um painel na parede<\/em><\/figcaption><\/figure>\n\n\n\n<p>Esse \u00e9 um ponto important\u00edssimo a ser considerado. Quando a<a href=\"https:\/\/pointer.com.br\/blog\/iluminacao-ambiente\/\"> ilumina\u00e7\u00e3o<\/a> \u00e9 bem aproveitada, os ganhos s\u00e3o espetaculares. No exemplo, repare na combina\u00e7\u00e3o da luz natural para o dia e um abajur a postos para a noite. Lembre-se que revestimentos cer\u00e2micos com tons mais claros deixam os ambientes mais iluminados, pois refletem a luz.<\/p>\n\n\n\n<p><\/p>\n\n\n\n<p><strong>8 &#8211; Tapetes<\/strong><\/p>\n\n\n\n<p>Contar com tapetes pequenos em um ambiente grande \u00e9 algo que deve ser evitado a todo custo. E o contr\u00e1rio tamb\u00e9m. Nada de comprar um modelo gigante se sua sala \u00e9 pequena, por exemplo. Mais uma vez, \u00e9 importante lembrar: anote as medidas do ambiente antes de comprar o modelo desejado.<\/p>\n\n\n\n<p><\/p>\n\n\n\n<p><strong>9 &#8211; Cortinas<\/strong><\/p>\n\n\n\n<p>Instalar cortinas curtas ou longas demais: nota 0! Arrastar cortina no ch\u00e3o, s\u00f3 em casos excepcionais. E comprar um modelo com altura incomum, com a barra longe do solo, est\u00e1 longe de ser o ideal. Para n\u00e3o errar, lembre-se de medir o p\u00e9 direito da casa antes de adquirir seus produtos, que nada mais \u00e9 do que a altura da parede.<\/p>\n\n\n\n<p><\/p>\n\n\n\n<p><strong>10 &#8211; Combina\u00e7\u00f5es<\/strong><\/p>\n\n\n\n<figure class=\"wp-block-image size-full\"><img loading=\"lazy\" decoding=\"async\" width=\"2560\" height=\"1920\" src=\"https:\/\/pointer.com.br\/blog\/wp-content\/uploads\/2020\/11\/Pbl_amv_pointer_41115_e_classica_statuarietto_80x80_pol_ret_41118_e_tropicalia_iberica-natural_15x90_mate_ret-scaled.jpg\" alt=\"combina\u00e7\u00e3o de materiais diferentes sem cometer erro na decora\u00e7\u00e3o com m\u00e1rmore e madeira em cer\u00e2mica no banheiro\" class=\"wp-image-43409\" srcset=\"https:\/\/pointer.com.br\/blog\/wp-content\/uploads\/2020\/11\/Pbl_amv_pointer_41115_e_classica_statuarietto_80x80_pol_ret_41118_e_tropicalia_iberica-natural_15x90_mate_ret-scaled.jpg 2560w, https:\/\/pointer.com.br\/blog\/wp-content\/uploads\/2020\/11\/Pbl_amv_pointer_41115_e_classica_statuarietto_80x80_pol_ret_41118_e_tropicalia_iberica-natural_15x90_mate_ret-300x225.jpg 300w, https:\/\/pointer.com.br\/blog\/wp-content\/uploads\/2020\/11\/Pbl_amv_pointer_41115_e_classica_statuarietto_80x80_pol_ret_41118_e_tropicalia_iberica-natural_15x90_mate_ret-1024x768.jpg 1024w, https:\/\/pointer.com.br\/blog\/wp-content\/uploads\/2020\/11\/Pbl_amv_pointer_41115_e_classica_statuarietto_80x80_pol_ret_41118_e_tropicalia_iberica-natural_15x90_mate_ret-768x576.jpg 768w, https:\/\/pointer.com.br\/blog\/wp-content\/uploads\/2020\/11\/Pbl_amv_pointer_41115_e_classica_statuarietto_80x80_pol_ret_41118_e_tropicalia_iberica-natural_15x90_mate_ret-1536x1152.jpg 1536w, https:\/\/pointer.com.br\/blog\/wp-content\/uploads\/2020\/11\/Pbl_amv_pointer_41115_e_classica_statuarietto_80x80_pol_ret_41118_e_tropicalia_iberica-natural_15x90_mate_ret-2048x1536.jpg 2048w\" sizes=\"auto, (max-width: 2560px) 100vw, 2560px\" \/><figcaption><em>Prova que \u00e9 poss\u00edvel combinar madeira e m\u00e1rmore em um mesmo ambiente, com Ib\u00e9rica Natural na parede e Statuarietto no piso<\/em><\/figcaption><\/figure>\n\n\n\n<p>Agora, um banho de coragem: n\u00e3o tenha medo de mesclar elementos de design. \u00c9 isso que dar\u00e1 o toque pessoal ao c\u00f4modo a ser repaginado. Que tal uma combina\u00e7\u00e3o de m\u00e1rmore e madeira? Pois \u00e9! Mesmo sendo elementos diferentes, combinam perfeitamente. Os revestimentos cer\u00e2micos da<a href=\"https:\/\/www.pointer.com.br\/\"> Pointer<\/a> permitem voc\u00ea arriscar sem medo de errar.<\/p>\n\n\n\n<p><\/p>\n\n\n\n<p><strong>Extra<\/strong><\/p>\n\n\n\n<p>Agora que voc\u00ea j\u00e1 sabe os dez erros na decora\u00e7\u00e3o que facilmente podem ser superados com um planejamento simples inicial, uma dica para acertar, em especial para que deseja criar o ambiente ideal, com a sua marca. A Pointer criou um sistema virtual que simula diversos ambientes de um im\u00f3vel a partir dos revestimentos que voc\u00ea preferir. Portanto,<a href=\"http:\/\/www.pointer.com.br\/simulador-de-ambientes\"> acesse o link<\/a> e se divirta pesquisando a combina\u00e7\u00e3o que mais se encaixa no seu estilo.<\/p>\n","protected":false},"excerpt":{"rendered":"<p>Os erros na decora\u00e7\u00e3o surgem principalmente pela falta de planejamento. Os problemas ocorrem exatamente no instante em que a empolga\u00e7\u00e3o surge e alguns detalhes importantes s\u00e3o deixados de lado. Ser\u00e1 que voc\u00ea est\u00e1 cometendo alguns [&hellip;]<\/p>\n","protected":false},"author":10,"featured_media":43414,"comment_status":"open","ping_status":"open","sticky":false,"template":"","format":"standard","meta":{"footnotes":""},"categories":[10],"tags":[],"class_list":["post-43408","post","type-post","status-publish","format-standard","has-post-thumbnail","hentry","category-dicas-pointer"],"acf":[],"_links":{"self":[{"href":"https:\/\/pointer.com.br\/blog\/wp-json\/wp\/v2\/posts\/43408","targetHints":{"allow":["GET"]}}],"collection":[{"href":"https:\/\/pointer.com.br\/blog\/wp-json\/wp\/v2\/posts"}],"about":[{"href":"https:\/\/pointer.com.br\/blog\/wp-json\/wp\/v2\/types\/post"}],"author":[{"embeddable":true,"href":"https:\/\/pointer.com.br\/blog\/wp-json\/wp\/v2\/users\/10"}],"replies":[{"embeddable":true,"href":"https:\/\/pointer.com.br\/blog\/wp-json\/wp\/v2\/comments?post=43408"}],"version-history":[{"count":1,"href":"https:\/\/pointer.com.br\/blog\/wp-json\/wp\/v2\/posts\/43408\/revisions"}],"predecessor-version":[{"id":43415,"href":"https:\/\/pointer.com.br\/blog\/wp-json\/wp\/v2\/posts\/43408\/revisions\/43415"}],"wp:featuredmedia":[{"embeddable":true,"href":"https:\/\/pointer.com.br\/blog\/wp-json\/wp\/v2\/media\/43414"}],"wp:attachment":[{"href":"https:\/\/pointer.com.br\/blog\/wp-json\/wp\/v2\/media?parent=43408"}],"wp:term":[{"taxonomy":"category","embeddable":true,"href":"https:\/\/pointer.com.br\/blog\/wp-json\/wp\/v2\/categories?post=43408"},{"taxonomy":"post_tag","embeddable":true,"href":"https:\/\/pointer.com.br\/blog\/wp-json\/wp\/v2\/tags?post=43408"}],"curies":[{"name":"wp","href":"https:\/\/api.w.org\/{rel}","templated":true}]}}