{"id":43367,"date":"2020-11-13T17:50:23","date_gmt":"2020-11-13T19:50:23","guid":{"rendered":"https:\/\/pointer.com.br\/blog\/?p=43367"},"modified":"2020-11-13T17:54:38","modified_gmt":"2020-11-13T19:54:38","slug":"macrame-e-tendencia-de-decoracao","status":"publish","type":"post","link":"https:\/\/pointer.com.br\/blog\/macrame-e-tendencia-de-decoracao\/","title":{"rendered":"Macram\u00ea \u00e9 tend\u00eancia de decora\u00e7\u00e3o"},"content":{"rendered":"\n<p>Voc\u00ea sabe o que \u00e9 macram\u00ea? O nome pode n\u00e3o soar t\u00e3o familiar, mas certamente voc\u00ea j\u00e1 viu algum item decorativo com essa t\u00e9cnica. Parece um ponto de tric\u00f4, mas essa arte consiste basicamente em fazer diversos n\u00f3s com as pr\u00f3prias m\u00e3os, para criar objetos como toalhas, tapetes, pain\u00e9is, suportes para vasos, detalhes em roupas, entre diversas outras aplica\u00e7\u00f5es. Algumas s\u00e3o bem criativas e \u00fanicas.&nbsp;<\/p>\n\n\n\n<p>A origem exata do nome \u00e9 desconhecida. Acredita-se que tem liga\u00e7\u00e3o com a cultura \u00e1rabe, j\u00e1 que a palavra <em>migramah <\/em>\u00e9 muito utilizada na tecelagem para mencionar as franjas. Esculturas do s\u00e9culo 13 no Oriente M\u00e9dio j\u00e1 destacavam essa arte. \u00c9 poss\u00edvel afirmar que os europeus aprenderam a t\u00e9cnica com os mouros e, no s\u00e9culo 14, come\u00e7aram a espalhar o macram\u00ea pelo mundo com as navega\u00e7\u00f5es, comercializando nos portos objetos constru\u00eddos com diversos \u201cn\u00f3s marinheiros\u201d.<\/p>\n\n\n\n<p>Na era moderna, esse artesanato ganhou popularidade, conquistando relev\u00e2ncia no design de interiores com pe\u00e7as cada vez mais criativas e originais. Al\u00e9m das tradicionais fibras naturais como algod\u00e3o, sisal e linho, outros materiais podem ser utilizados, como barbante, linha de croch\u00ea e at\u00e9 mesmo fitas. Usar macram\u00ea na decora\u00e7\u00e3o se tornou tend\u00eancia principalmente a partir dos anos 1970.<\/p>\n\n\n\n<p><\/p>\n\n\n\n<p><strong>Na decora\u00e7\u00e3o<\/strong><\/p>\n\n\n\n<figure class=\"wp-block-image size-full\"><img loading=\"lazy\" decoding=\"async\" width=\"1024\" height=\"576\" src=\"https:\/\/pointer.com.br\/blog\/wp-content\/uploads\/2020\/11\/pointer-macrame-2.jpg\" alt=\"vaso em macram\u00ea na varanda\" class=\"wp-image-43368\" srcset=\"https:\/\/pointer.com.br\/blog\/wp-content\/uploads\/2020\/11\/pointer-macrame-2.jpg 1024w, https:\/\/pointer.com.br\/blog\/wp-content\/uploads\/2020\/11\/pointer-macrame-2-300x169.jpg 300w, https:\/\/pointer.com.br\/blog\/wp-content\/uploads\/2020\/11\/pointer-macrame-2-768x432.jpg 768w\" sizes=\"auto, (max-width: 1024px) 100vw, 1024px\" \/><figcaption><em>O vaso suspenso com um suporte de macram\u00ea \u00e9 um diferencial nessa varanda, com Summer Gold no piso<\/em><\/figcaption><\/figure>\n\n\n\n<p>Essa t\u00e9cnica totalmente artesanal permite construir objetos decorativos que promovem um ar de aconchego ao ambiente. O tran\u00e7ado manual de fios que v\u00e3o se emaranhando atrav\u00e9s dos n\u00f3s permite construir elementos sofisticados, complexos e originais. Na decora\u00e7\u00e3o de interiores, as aplica\u00e7\u00f5es s\u00e3o diversas, em ambientes com<a href=\"https:\/\/pointer.com.br\/blog\/estilo-de-decoracao\/\"> diferentes estilos<\/a>. Babados em toalhas e tapetes s\u00e3o mais facilmente encontrados, mas n\u00e3o para por a\u00ed.<\/p>\n\n\n\n<p>Uma forma charmosa de usar macram\u00ea na decora\u00e7\u00e3o da sua casa \u00e9 apostar em suportes criados com a t\u00e9cnica para manter vasos de plantas suspensos. Tamb\u00e9m conhecidos por alguns como <em>hangers<\/em>, ou penduradores, essas pe\u00e7as s\u00e3o facilmente encontradas em lojas de artigos para decora\u00e7\u00e3o. Existem, claro, das mais simples \u00e0s mais elaboradas, confeccionadas com diferentes tipos de n\u00f3, tamanhos e formatos.<\/p>\n\n\n\n<figure class=\"wp-block-image size-full\"><img loading=\"lazy\" decoding=\"async\" width=\"2560\" height=\"1707\" src=\"https:\/\/pointer.com.br\/blog\/wp-content\/uploads\/2020\/11\/AdobeStock_251892321-min-scaled.jpeg\" alt=\"vaso com macram\u00ea\" class=\"wp-image-43369\" srcset=\"https:\/\/pointer.com.br\/blog\/wp-content\/uploads\/2020\/11\/AdobeStock_251892321-min-scaled.jpeg 2560w, https:\/\/pointer.com.br\/blog\/wp-content\/uploads\/2020\/11\/AdobeStock_251892321-min-300x200.jpeg 300w, https:\/\/pointer.com.br\/blog\/wp-content\/uploads\/2020\/11\/AdobeStock_251892321-min-1024x683.jpeg 1024w, https:\/\/pointer.com.br\/blog\/wp-content\/uploads\/2020\/11\/AdobeStock_251892321-min-768x512.jpeg 768w, https:\/\/pointer.com.br\/blog\/wp-content\/uploads\/2020\/11\/AdobeStock_251892321-min-1536x1024.jpeg 1536w, https:\/\/pointer.com.br\/blog\/wp-content\/uploads\/2020\/11\/AdobeStock_251892321-min-2048x1365.jpeg 2048w\" sizes=\"auto, (max-width: 2560px) 100vw, 2560px\" \/><figcaption><em>Vasos com diferentes estilos e formatos combinam com os suportes feitos com macram\u00ea<\/em><\/figcaption><\/figure>\n\n\n\n<p>Vasos tradicionais de barro suspensos combinam com uma decora\u00e7\u00e3o que remete \u00e0 casa de campo ou de praia, com um ar mais natural.&nbsp; Vale apostar tamb\u00e9m em vasos cer\u00e2micos ou em concreto, criando um ambiente contempor\u00e2neo, mas com um toque r\u00fastico. Al\u00e9m do teto, esse suporte constru\u00eddo com macram\u00ea pode ser pendurado em prateleiras, em ganchos<a href=\"https:\/\/pointer.com.br\/blog\/decoracao-para-parede\/\"> nas paredes<\/a> ou onde a sua criatividade permitir. \u00c9 uma \u00f3tima maneira de cultivar plantas sem ocupar espa\u00e7o do piso ou dos m\u00f3veis.&nbsp;<\/p>\n\n\n\n<p><\/p>\n\n\n\n<p><strong>Outras aplica\u00e7\u00f5es<\/strong><\/p>\n\n\n\n<figure class=\"wp-block-image size-full\"><img loading=\"lazy\" decoding=\"async\" width=\"2560\" height=\"1707\" src=\"https:\/\/pointer.com.br\/blog\/wp-content\/uploads\/2020\/11\/AdobeStock_232122570-min-scaled.jpeg\" alt=\"quarto com sala integrada\" class=\"wp-image-43370\" srcset=\"https:\/\/pointer.com.br\/blog\/wp-content\/uploads\/2020\/11\/AdobeStock_232122570-min-scaled.jpeg 2560w, https:\/\/pointer.com.br\/blog\/wp-content\/uploads\/2020\/11\/AdobeStock_232122570-min-300x200.jpeg 300w, https:\/\/pointer.com.br\/blog\/wp-content\/uploads\/2020\/11\/AdobeStock_232122570-min-1024x683.jpeg 1024w, https:\/\/pointer.com.br\/blog\/wp-content\/uploads\/2020\/11\/AdobeStock_232122570-min-768x512.jpeg 768w, https:\/\/pointer.com.br\/blog\/wp-content\/uploads\/2020\/11\/AdobeStock_232122570-min-1536x1024.jpeg 1536w, https:\/\/pointer.com.br\/blog\/wp-content\/uploads\/2020\/11\/AdobeStock_232122570-min-2048x1365.jpeg 2048w\" sizes=\"auto, (max-width: 2560px) 100vw, 2560px\" \/><figcaption><em>Pain\u00e9is e at\u00e9 mesmo cadeiras suspensas podem ser criadas com macram\u00ea<\/em><\/figcaption><\/figure>\n\n\n\n<p>Formas para usar macram\u00ea na decora\u00e7\u00e3o da sua casa n\u00e3o faltam. Quem deseja criar um ambiente aconchegante com personalidade marcante pode substituir os tradicionais quadros por pain\u00e9is constru\u00eddos com essa arte. Existem modelos com diversos tamanhos e formatos, feitos com n\u00f3s variados formando diferentes figuras. Al\u00e9m do tradicional cru, h\u00e1 pe\u00e7as com cores diversas. Algumas at\u00e9 mesmo promovendo misturas interessantes e, consequentemente, criam um ar mais despojado.<\/p>\n\n\n\n<figure class=\"wp-block-image size-full\"><img loading=\"lazy\" decoding=\"async\" width=\"2560\" height=\"1704\" src=\"https:\/\/pointer.com.br\/blog\/wp-content\/uploads\/2020\/11\/AdobeStock_249020056-min-scaled.jpeg\" alt=\"mulher na janela com cortina do material\" class=\"wp-image-43371\" srcset=\"https:\/\/pointer.com.br\/blog\/wp-content\/uploads\/2020\/11\/AdobeStock_249020056-min-scaled.jpeg 2560w, https:\/\/pointer.com.br\/blog\/wp-content\/uploads\/2020\/11\/AdobeStock_249020056-min-300x200.jpeg 300w, https:\/\/pointer.com.br\/blog\/wp-content\/uploads\/2020\/11\/AdobeStock_249020056-min-1024x681.jpeg 1024w, https:\/\/pointer.com.br\/blog\/wp-content\/uploads\/2020\/11\/AdobeStock_249020056-min-768x511.jpeg 768w, https:\/\/pointer.com.br\/blog\/wp-content\/uploads\/2020\/11\/AdobeStock_249020056-min-1536x1022.jpeg 1536w, https:\/\/pointer.com.br\/blog\/wp-content\/uploads\/2020\/11\/AdobeStock_249020056-min-2048x1363.jpeg 2048w\" sizes=\"auto, (max-width: 2560px) 100vw, 2560px\" \/><figcaption><em>Macram\u00ea combina ainda com cortinas e divis\u00f3rias<\/em><\/figcaption><\/figure>\n\n\n\n<p>Para os mais ousados, o c\u00e9u \u00e9 o limite. Afinal, existem outras aplica\u00e7\u00f5es menos convencionais, mas bem criativas do macram\u00ea no design de interiores. J\u00e1 imaginou substituir a cortina tradicional da sua sala por uma feita com macram\u00ea? Ou at\u00e9 mesmo usar esse elemento para dividir determinados ambientes da casa. Ali\u00e1s, isso pode ser utilizado em im\u00f3veis pequenos, delimitando os espa\u00e7os e, ao mesmo tamb\u00e9m, preservando a amplitude. \u00c9 poss\u00edvel ainda revestir uma lumin\u00e1ria ou at\u00e9 mesmo vasos com essa t\u00e9cnica. Quanto mais bonito e criativo o visual, melhor.<\/p>\n\n\n\n<figure class=\"wp-block-image size-full\"><img loading=\"lazy\" decoding=\"async\" width=\"2560\" height=\"1707\" src=\"https:\/\/pointer.com.br\/blog\/wp-content\/uploads\/2020\/11\/AdobeStock_274192168-min-scaled.jpeg\" alt=\"mulher fazendo macram\u00ea\" class=\"wp-image-43372\" srcset=\"https:\/\/pointer.com.br\/blog\/wp-content\/uploads\/2020\/11\/AdobeStock_274192168-min-scaled.jpeg 2560w, https:\/\/pointer.com.br\/blog\/wp-content\/uploads\/2020\/11\/AdobeStock_274192168-min-300x200.jpeg 300w, https:\/\/pointer.com.br\/blog\/wp-content\/uploads\/2020\/11\/AdobeStock_274192168-min-1024x683.jpeg 1024w, https:\/\/pointer.com.br\/blog\/wp-content\/uploads\/2020\/11\/AdobeStock_274192168-min-768x512.jpeg 768w, https:\/\/pointer.com.br\/blog\/wp-content\/uploads\/2020\/11\/AdobeStock_274192168-min-1536x1024.jpeg 1536w, https:\/\/pointer.com.br\/blog\/wp-content\/uploads\/2020\/11\/AdobeStock_274192168-min-2048x1365.jpeg 2048w\" sizes=\"auto, (max-width: 2560px) 100vw, 2560px\" \/><figcaption><em>Al\u00e9m de divertido, aprender a fazer macram\u00ea \u00e9 uma forma de gastar menos e deixar a sua marca na decora\u00e7\u00e3o da casa<\/em><\/figcaption><\/figure>\n\n\n\n<p>Se voc\u00ea ficou animado com essa ideia, que tal aprender a criar os pr\u00f3prios objetos com macram\u00ea? Com um pouco de paci\u00eancia e dedica\u00e7\u00e3o \u00e9 poss\u00edvel aprender os n\u00f3s e a t\u00e9cnica para entrela\u00e7ar os fios e construir os objetos. A internet facilita e muito o aprendizado, com textos, imagens e v\u00eddeos que ensinam os detalhes. No Instagram, por exemplo, siga os perfis<a href=\"https:\/\/www.instagram.com\/eusouina\/\"> eusouina<\/a>, da artista t\u00eaxtil Ina Barros;<a href=\"https:\/\/www.instagram.com\/fercampeloatelie\/\"> fercampeloatelie<\/a>, da Fer Campelo; e<a href=\"https:\/\/www.instagram.com\/pontocrome\/\"> pontocrome<\/a>, da Mirian Rocha. No Youtube, as refer\u00eancias s\u00e3o os canais <a href=\"https:\/\/www.youtube.com\/channel\/UCSBEdDDpbVzVU7cnaYoQSng\">Osana Macram\u00ea<\/a>, comandado por Osana Barreto, e <a href=\"https:\/\/www.youtube.com\/c\/Macram%C3%AAAnaCasara\/videos\">Macram\u00ea Ana Casara<\/a>, ambos com dicas sobre materiais, t\u00e9cnicas e at\u00e9 mesmo tutoriais. E, claro, continue acompanhando dicas e novidades sobre decora\u00e7\u00e3o, obra e reforma no<a href=\"https:\/\/pointer.com.br\/blog\/\"> blog da Pointer<\/a>.<\/p>\n","protected":false},"excerpt":{"rendered":"<p>Aprenda o que \u00e9 e as diversas formas de usar macram\u00ea na decora\u00e7\u00e3o da sua casa, criando ambientes aut\u00eanticos.<\/p>\n","protected":false},"author":10,"featured_media":43373,"comment_status":"open","ping_status":"open","sticky":false,"template":"","format":"standard","meta":{"footnotes":""},"categories":[16],"tags":[],"class_list":["post-43367","post","type-post","status-publish","format-standard","has-post-thumbnail","hentry","category-dicas-e-tendencias-de-decoracao"],"acf":[],"_links":{"self":[{"href":"https:\/\/pointer.com.br\/blog\/wp-json\/wp\/v2\/posts\/43367","targetHints":{"allow":["GET"]}}],"collection":[{"href":"https:\/\/pointer.com.br\/blog\/wp-json\/wp\/v2\/posts"}],"about":[{"href":"https:\/\/pointer.com.br\/blog\/wp-json\/wp\/v2\/types\/post"}],"author":[{"embeddable":true,"href":"https:\/\/pointer.com.br\/blog\/wp-json\/wp\/v2\/users\/10"}],"replies":[{"embeddable":true,"href":"https:\/\/pointer.com.br\/blog\/wp-json\/wp\/v2\/comments?post=43367"}],"version-history":[{"count":2,"href":"https:\/\/pointer.com.br\/blog\/wp-json\/wp\/v2\/posts\/43367\/revisions"}],"predecessor-version":[{"id":43375,"href":"https:\/\/pointer.com.br\/blog\/wp-json\/wp\/v2\/posts\/43367\/revisions\/43375"}],"wp:featuredmedia":[{"embeddable":true,"href":"https:\/\/pointer.com.br\/blog\/wp-json\/wp\/v2\/media\/43373"}],"wp:attachment":[{"href":"https:\/\/pointer.com.br\/blog\/wp-json\/wp\/v2\/media?parent=43367"}],"wp:term":[{"taxonomy":"category","embeddable":true,"href":"https:\/\/pointer.com.br\/blog\/wp-json\/wp\/v2\/categories?post=43367"},{"taxonomy":"post_tag","embeddable":true,"href":"https:\/\/pointer.com.br\/blog\/wp-json\/wp\/v2\/tags?post=43367"}],"curies":[{"name":"wp","href":"https:\/\/api.w.org\/{rel}","templated":true}]}}