{"id":42692,"date":"2020-03-20T17:33:09","date_gmt":"2020-03-20T20:33:09","guid":{"rendered":"https:\/\/pointer.com.br\/blog\/?p=42692"},"modified":"2020-03-20T17:33:09","modified_gmt":"2020-03-20T20:33:09","slug":"aliar-sustentabilidade-a-obra","status":"publish","type":"post","link":"https:\/\/pointer.com.br\/blog\/aliar-sustentabilidade-a-obra\/","title":{"rendered":"Ideias para aliar sustentabilidade a sua obra"},"content":{"rendered":"<p><span style=\"font-weight: 400;\">Aplicar o conceito de sustentabilidade em uma obra n\u00e3o significa apenas instalar um painel solar no telhado para gera\u00e7\u00e3o de energia el\u00e9trica. Apesar dessa ser uma boa iniciativa, para que a obra seja verdadeiramente sustent\u00e1vel, \u00e9 preciso que o conceito seja o guia do projeto, se manifestando em v\u00e1rias etapas. Dessa forma, os impactos ao meio ambiente ser\u00e3o reduzidos ao m\u00e1ximo durante e ap\u00f3s o t\u00e9rmino da constru\u00e7\u00e3o ou reforma.\u00a0\u00a0<\/span><\/p>\n<p><span style=\"font-weight: 400;\">Apesar de amplo, o princ\u00edpio pode ser facilmente aplicado atrav\u00e9s de algumas iniciativas simples, exigindo apenas um pouco de planejamento e boa vontade. Al\u00e9m de garantir melhor qualidade de vida para a atual e as futuras gera\u00e7\u00f5es, aliar a sustentabilidade com o seu projeto faz bem para a sa\u00fade financeira, economizando tanto durante a obra, quanto posteriormente.<\/span><\/p>\n<p><span style=\"font-weight: 400;\">Confira a seguir quatro sugest\u00f5es para colocar em pr\u00e1tica o conceito de sustentabilidade na sua empreitada.<\/span><\/p>\n<p><b>\u00a0<\/b><\/p>\n<p><b>Valorize a ilumina\u00e7\u00e3o natural<\/b><\/p>\n<div id=\"attachment_42693\" style=\"width: 1034px\" class=\"wp-caption alignnone\"><img loading=\"lazy\" decoding=\"async\" aria-describedby=\"caption-attachment-42693\" class=\"wp-image-42693 size-large\" src=\"https:\/\/pointer.com.br\/blog\/wp-content\/uploads\/2020\/03\/pointer-sustentabilidade-2-1024x576.jpg\" alt=\"quarto claro sustentabilidade\" width=\"1024\" height=\"576\" srcset=\"https:\/\/pointer.com.br\/blog\/wp-content\/uploads\/2020\/03\/pointer-sustentabilidade-2-1024x576.jpg 1024w, https:\/\/pointer.com.br\/blog\/wp-content\/uploads\/2020\/03\/pointer-sustentabilidade-2-300x169.jpg 300w, https:\/\/pointer.com.br\/blog\/wp-content\/uploads\/2020\/03\/pointer-sustentabilidade-2-768x432.jpg 768w\" sizes=\"auto, (max-width: 1024px) 100vw, 1024px\" \/><p id=\"caption-attachment-42693\" class=\"wp-caption-text\">Janelas amplas, no estilo porta, permitem a entrada de bastante luz natural, economizando energia. O piso <a href=\"https:\/\/www.pointer.com.br\/revestimento\/ret-classico-cru-80X80-pol\">Cl\u00e1ssico Cru<\/a>, da linha Neutra, potencializa essa ilumina\u00e7\u00e3o<\/p><\/div>\n<p><span style=\"font-weight: 400;\">O ideal \u00e9 explorar ao m\u00e1ximo as aberturas que consigam aproveitar bem a ilumina\u00e7\u00e3o natural. Afinal, o consumo excessivo de energia el\u00e9trica \u00e9 prejudicial para o meio ambiente e para o bolso. Grandes janelas e portas promovem a sensa\u00e7\u00e3o de amplitude e facilitam a entrada de luz. Outra sugest\u00e3o s\u00e3o as paredes constru\u00eddas com cobog\u00f3s. Tamb\u00e9m conhecidos como bloquinhos, s\u00e3o elementos vazados utilizados para criar divis\u00f3rias charmosas que auxiliam na ventila\u00e7\u00e3o e ilumina\u00e7\u00e3o do ambiente.<\/span><\/p>\n<p><span style=\"font-weight: 400;\">A escolha das cores tamb\u00e9m ajuda nessa miss\u00e3o. Apostar em tons mais claros nos pisos e nas paredes deixa o espa\u00e7o elegante e amplo. Al\u00e9m disso, absorve menos energia, mantendo a temperatura agrad\u00e1vel e, consequentemente, evitando a utiliza\u00e7\u00e3o constante do ar-condicionado.<\/span><\/p>\n<p><span style=\"font-weight: 400;\"><a href=\"https:\/\/www.pointer.com.br\/revestimento\/infinita-branco-80X80-brilho\">Infinita Branco<\/a><\/span><span style=\"font-weight: 400;\">\u00a0\u00e9 uma \u00f3tima sugest\u00e3o para a aplica\u00e7\u00e3o da t\u00e9cnica. Outra proposta interessante \u00e9 aproveitar o glamour do m\u00e1rmore branco, como <a href=\"https:\/\/www.pointer.com.br\/revestimento\/carrara-statuario-80X80-brilho\">Carrara Statuario<\/a>, da linha Cl\u00e1ssica. Ele forma uma composi\u00e7\u00e3o elegante e funcional com a cer\u00e2mica <a href=\"https:\/\/www.pointer.com.br\/revestimento\/mosaico-bianco-30X60-brilho\">Mosaico Bianco<\/a>, da linha Decora Branco, na parede.<\/span><\/p>\n<div id=\"attachment_42694\" style=\"width: 1034px\" class=\"wp-caption alignnone\"><img loading=\"lazy\" decoding=\"async\" aria-describedby=\"caption-attachment-42694\" class=\"wp-image-42694 size-large\" src=\"https:\/\/pointer.com.br\/blog\/wp-content\/uploads\/2020\/03\/pointer-sustentabilidade-3b-1024x576.jpg\" alt=\"composi\u00e7\u00e3o de sustentabilidade\" width=\"1024\" height=\"576\" srcset=\"https:\/\/pointer.com.br\/blog\/wp-content\/uploads\/2020\/03\/pointer-sustentabilidade-3b-1024x576.jpg 1024w, https:\/\/pointer.com.br\/blog\/wp-content\/uploads\/2020\/03\/pointer-sustentabilidade-3b-300x169.jpg 300w, https:\/\/pointer.com.br\/blog\/wp-content\/uploads\/2020\/03\/pointer-sustentabilidade-3b-768x432.jpg 768w\" sizes=\"auto, (max-width: 1024px) 100vw, 1024px\" \/><p id=\"caption-attachment-42694\" class=\"wp-caption-text\">Carrara Statuario forma uma composi\u00e7\u00e3o elegante e funcional com Mosaico Bianco<\/p><\/div>\n<p><span style=\"font-weight: 400;\">\u00c9 poss\u00edvel tamb\u00e9m utilizar tons mais escuros no mobili\u00e1rio para fazer o contraste com o revestimento e, mesmo assim, manter o espa\u00e7o bem iluminado, como nessa proposta com a cer\u00e2mica <a href=\"https:\/\/www.pointer.com.br\/revestimento\/bianco-gioia-60X60-brilho\">Bianco Gioia<\/a><\/span><span style=\"font-weight: 400;\">, da linha Cl\u00e1ssica. Detalhe para a efici\u00eancia da porta interna de vidro, que transmite eleg\u00e2ncia e facilita a passagem da luz natural.<\/span><\/p>\n<div id=\"attachment_42695\" style=\"width: 1034px\" class=\"wp-caption alignnone\"><img loading=\"lazy\" decoding=\"async\" aria-describedby=\"caption-attachment-42695\" class=\"wp-image-42695 size-large\" src=\"https:\/\/pointer.com.br\/blog\/wp-content\/uploads\/2020\/03\/pointer-sustentabilidade-3c-1024x576.jpg\" alt=\"mobiliaria escura \" width=\"1024\" height=\"576\" srcset=\"https:\/\/pointer.com.br\/blog\/wp-content\/uploads\/2020\/03\/pointer-sustentabilidade-3c-1024x576.jpg 1024w, https:\/\/pointer.com.br\/blog\/wp-content\/uploads\/2020\/03\/pointer-sustentabilidade-3c-300x169.jpg 300w, https:\/\/pointer.com.br\/blog\/wp-content\/uploads\/2020\/03\/pointer-sustentabilidade-3c-768x432.jpg 768w\" sizes=\"auto, (max-width: 1024px) 100vw, 1024px\" \/><p id=\"caption-attachment-42695\" class=\"wp-caption-text\">Apesar do mobili\u00e1rio com tom escuro, cer\u00e2mica Bianco Gioia ajuda a manter a temperatura agrad\u00e1vel<\/p><\/div>\n<p>&nbsp;<\/p>\n<p><b>Defina o material com cuidado<\/b><\/p>\n<p><span style=\"font-weight: 400;\">Outro fator importante \u00e9 a escolha do material. Em primeiro lugar, \u00e9 necess\u00e1rio eliminar do vocabul\u00e1rio que projetos sustent\u00e1veis s\u00e3o caros. Quando bem planejados, eles conseguem ajudar o meio ambiente e, ainda, economizar.<\/span><\/p>\n<p><span style=\"font-weight: 400;\">O tijolo ecol\u00f3gico \u00e9 um exemplo. Diferentemente do convencional, o produto n\u00e3o utiliza o cozimento em seu processo de fabrica\u00e7\u00e3o, evitando assim o aumento da quantidade de gases do efeito estufa na atmosfera. Al\u00e9m disso, exige uma quantidade menor de argamassa para o assentamento.<\/span><\/p>\n<p><span style=\"font-weight: 400;\">Nos acabamentos, a cer\u00e2mica \u00e9 um produto sustent\u00e1vel por natureza. Principal mat\u00e9ria-prima na fabrica\u00e7\u00e3o do produto, a argila \u00e9 retirada de camadas mais superficiais do que os demais materiais naturais, uma caracter\u00edstica que facilita a recupera\u00e7\u00e3o das jazidas. Ela \u00e9 uma \u00f3tima substituta para o m\u00e1rmore, a madeira e a pedra, j\u00e1 que consegue reproduzir diversos materiais com menor impacto ambiental.<\/span><\/p>\n<p><span style=\"font-weight: 400;\">A cer\u00e2mica utiliza pouqu\u00edssima \u00e1gua em sua produ\u00e7\u00e3o &#8211; cerca de 3%. Assim, \u00e9 mais sustent\u00e1vel do que o porcelanato, outro tipo de revestimento cer\u00e2mico, reconhecido por sua alta qualidade e resist\u00eancia. O <a href=\"https:\/\/www.pointer.com.br\/especiais\/superceramico-pointer\">Supercer\u00e2mico<\/a> <\/span><span style=\"font-weight: 400;\">da Pointer, no entanto, une o melhor dos dois mundos: para uso residencial e comercial leve tem qualidade compar\u00e1vel ao porcelanato, mas utiliza o mesmo processo produtivo que a cer\u00e2mica, com pouca \u00e1gua. Ele \u00e9 perfeito para quem busca qualidade e sustentabilidade.\u00a0<\/span><\/p>\n<div id=\"attachment_42696\" style=\"width: 556px\" class=\"wp-caption alignnone\"><img loading=\"lazy\" decoding=\"async\" aria-describedby=\"caption-attachment-42696\" class=\"wp-image-42696 \" src=\"https:\/\/pointer.com.br\/blog\/wp-content\/uploads\/2020\/03\/pointer-sustentabilidade-4-683x1024.jpg\" alt=\"area externa com sustentabilidade\" width=\"546\" height=\"819\" srcset=\"https:\/\/pointer.com.br\/blog\/wp-content\/uploads\/2020\/03\/pointer-sustentabilidade-4-683x1024.jpg 683w, https:\/\/pointer.com.br\/blog\/wp-content\/uploads\/2020\/03\/pointer-sustentabilidade-4-200x300.jpg 200w, https:\/\/pointer.com.br\/blog\/wp-content\/uploads\/2020\/03\/pointer-sustentabilidade-4-768x1152.jpg 768w\" sizes=\"auto, (max-width: 546px) 100vw, 546px\" \/><p id=\"caption-attachment-42696\" class=\"wp-caption-text\"><a href=\"https:\/\/www.pointer.com.br\/revestimento\/trastevere-60X60-ext\">Trastevere<\/a>, da linha Lazer, \u00e9 ideal para trabalhar o conceito de sustentabilidade em ambientes externos<\/p><\/div>\n<p>&nbsp;<\/p>\n<p><b>Promova o descarte regular<\/b><\/p>\n<p><span style=\"font-weight: 400;\">Em uma obra, os res\u00edduos podem e devem ser reutilizados. Alguns servem para a constru\u00e7\u00e3o. Outros, podem se transformarem em objetos decorativos com um pouco de criatividade. Mesmo assim, muito entulho \u00e9 produzido. Infelizmente, algumas pessoas ainda promovem ou ignoram o descarte irregular, apesar da resolu\u00e7\u00e3o do Conselho Nacional de Meio Ambiente (CONAMA) determinar que o gerador \u00e9 respons\u00e1vel pelo material e, por isso, pode ser punido.<\/span><\/p>\n<p><span style=\"font-weight: 400;\">O problema grave representa grande preju\u00edzo para os munic\u00edpios. De acordo com a Associa\u00e7\u00e3o Brasileira para Reciclagem de Res\u00edduos S\u00f3lidos da Constru\u00e7\u00e3o Civil e Demoli\u00e7\u00e3o (ABRECON), o descarte irregular promove danos \u00e0 sa\u00fade p\u00fablica, contamina\u00e7\u00e3o do solo e do len\u00e7ol fre\u00e1tico, desvaloriza\u00e7\u00e3o de vias, atra\u00e7\u00e3o de ratos e baratas, entre outras situa\u00e7\u00f5es.<\/span><\/p>\n<p><span style=\"font-weight: 400;\">Al\u00e9m de uma melhor gest\u00e3o dos res\u00edduos produzidos, a conscientiza\u00e7\u00e3o faz parte do processo de preserva\u00e7\u00e3o do meio ambiente. Uma a\u00e7\u00e3o simples e f\u00e1cil para se colocar em pr\u00e1tica \u00e9 sempre exigir o Controle de Transporte de Res\u00edduos (CTR) ao contratar uma ca\u00e7amba estacion\u00e1ria. O documento comprova que o entulho recebe a destina\u00e7\u00e3o correta. E sempre \u00e9 bom relembrar: terreno baldio n\u00e3o \u00e9 dep\u00f3sito de lixo.<\/span><\/p>\n<p><b>\u00a0<\/b><\/p>\n<p><b>Avalie os fabricantes<\/b><\/p>\n<p><span style=\"font-weight: 400;\">Com diversas op\u00e7\u00f5es \u00e0 disposi\u00e7\u00e3o, o consumidor precisa avaliar as marcas existentes no mercado e, assim, identificar empresas que compactuam com os princ\u00edpios da sustentabilidade. Antes de seguir para a loja de material de constru\u00e7\u00e3o, uma pesquisa r\u00e1pida na internet facilita reunir as informa\u00e7\u00f5es necess\u00e1rias.\u00a0<\/span><\/p>\n<div id=\"attachment_42697\" style=\"width: 960px\" class=\"wp-caption alignnone\"><img loading=\"lazy\" decoding=\"async\" aria-describedby=\"caption-attachment-42697\" class=\"wp-image-42697 size-full\" src=\"https:\/\/pointer.com.br\/blog\/wp-content\/uploads\/2020\/03\/pointer-sustentabilidade-fabrica.jpg\" alt=\"fabrica com base na sustentabilidade\" width=\"950\" height=\"600\" srcset=\"https:\/\/pointer.com.br\/blog\/wp-content\/uploads\/2020\/03\/pointer-sustentabilidade-fabrica.jpg 950w, https:\/\/pointer.com.br\/blog\/wp-content\/uploads\/2020\/03\/pointer-sustentabilidade-fabrica-300x189.jpg 300w, https:\/\/pointer.com.br\/blog\/wp-content\/uploads\/2020\/03\/pointer-sustentabilidade-fabrica-768x485.jpg 768w\" sizes=\"auto, (max-width: 950px) 100vw, 950px\" \/><p id=\"caption-attachment-42697\" class=\"wp-caption-text\">F\u00e1brica da Pointer comprova que \u00e9 poss\u00edvel unir pr\u00e1ticas sustent\u00e1veis com alta efici\u00eancia e qualidade<\/p><\/div>\n<p><span style=\"font-weight: 400;\">Constru\u00edda em Marechal Deodoro (AL), a f\u00e1brica da Pointer \u00e9 a mais moderna e sustent\u00e1vel do segmento no Brasil. Para fazer mais com menos, utiliza tecnologia avan\u00e7ada, evitando desperd\u00edcios e preservando o meio ambiente.<\/span><\/p>\n<p><span style=\"font-weight: 400;\">Alguns dos diferenciais s\u00e3o: processo produtivo com 100% de g\u00e1s natural, reaproveitamento do calor dos fornos e de toda a \u00e1gua industrial, jardim de placas fotovoltaicas para energia solar, esta\u00e7\u00e3o de tratamento de efluentes industriais e sanit\u00e1rios, capta\u00e7\u00e3o e reutiliza\u00e7\u00e3o da \u00e1gua da chuva e emiss\u00e3o apenas de vapor de \u00e1gua, sem fuma\u00e7a poluente.<\/span><\/p>\n<p><b>\u00a0<\/b><\/p>\n<p><b>Agora, m\u00e3os \u00e0 obra<\/b><\/p>\n<p><span style=\"font-weight: 400;\">Construir um espa\u00e7o confort\u00e1vel e agrad\u00e1vel n\u00e3o significa explorar os recursos naturais a todo custo. Solu\u00e7\u00f5es simples, pr\u00e1ticas e econ\u00f4micas existem e devem ser implantadas em todas as etapas de uma obra, assim como no dia a dia. Certamente, incluir no planejamento essas e outras a\u00e7\u00f5es transformar\u00e3o a sua casa em um ambiente ainda mais acolhedor e alegre.<\/span><\/p>\n","protected":false},"excerpt":{"rendered":"<p>Aplicar o conceito de sustentabilidade em uma obra n\u00e3o significa apenas instalar um painel solar no telhado para gera\u00e7\u00e3o de energia el\u00e9trica. Apesar dessa ser uma boa iniciativa, para que a obra seja verdadeiramente sustent\u00e1vel, [&hellip;]<\/p>\n","protected":false},"author":8,"featured_media":42699,"comment_status":"open","ping_status":"open","sticky":false,"template":"","format":"standard","meta":{"footnotes":""},"categories":[10,16],"tags":[43],"class_list":["post-42692","post","type-post","status-publish","format-standard","has-post-thumbnail","hentry","category-dicas-pointer","category-dicas-e-tendencias-de-decoracao","tag-sustentabilidade"],"acf":[],"_links":{"self":[{"href":"https:\/\/pointer.com.br\/blog\/wp-json\/wp\/v2\/posts\/42692","targetHints":{"allow":["GET"]}}],"collection":[{"href":"https:\/\/pointer.com.br\/blog\/wp-json\/wp\/v2\/posts"}],"about":[{"href":"https:\/\/pointer.com.br\/blog\/wp-json\/wp\/v2\/types\/post"}],"author":[{"embeddable":true,"href":"https:\/\/pointer.com.br\/blog\/wp-json\/wp\/v2\/users\/8"}],"replies":[{"embeddable":true,"href":"https:\/\/pointer.com.br\/blog\/wp-json\/wp\/v2\/comments?post=42692"}],"version-history":[{"count":2,"href":"https:\/\/pointer.com.br\/blog\/wp-json\/wp\/v2\/posts\/42692\/revisions"}],"predecessor-version":[{"id":42700,"href":"https:\/\/pointer.com.br\/blog\/wp-json\/wp\/v2\/posts\/42692\/revisions\/42700"}],"wp:featuredmedia":[{"embeddable":true,"href":"https:\/\/pointer.com.br\/blog\/wp-json\/wp\/v2\/media\/42699"}],"wp:attachment":[{"href":"https:\/\/pointer.com.br\/blog\/wp-json\/wp\/v2\/media?parent=42692"}],"wp:term":[{"taxonomy":"category","embeddable":true,"href":"https:\/\/pointer.com.br\/blog\/wp-json\/wp\/v2\/categories?post=42692"},{"taxonomy":"post_tag","embeddable":true,"href":"https:\/\/pointer.com.br\/blog\/wp-json\/wp\/v2\/tags?post=42692"}],"curies":[{"name":"wp","href":"https:\/\/api.w.org\/{rel}","templated":true}]}}