{"id":42469,"date":"2019-12-09T10:00:29","date_gmt":"2019-12-09T12:00:29","guid":{"rendered":"https:\/\/pointer.com.br\/blog\/?p=42469"},"modified":"2019-12-09T09:57:55","modified_gmt":"2019-12-09T11:57:55","slug":"dia-do-arquiteto","status":"publish","type":"post","link":"https:\/\/pointer.com.br\/blog\/dia-do-arquiteto\/","title":{"rendered":"Dia do Arquiteto: hist\u00f3rias de profissionais que ajudam a construir sonhos"},"content":{"rendered":"<p>Desde 2018, o Dia do Arquiteto, comemorado em 15 de dezembro, faz parte do calend\u00e1rio oficial brasileiro \u2014 homenageando o dia do nascimento de Oscar Niemeyer.<\/p>\n<p>A data representa toda a import\u00e2ncia da profiss\u00e3o em rela\u00e7\u00e3o \u00e0 constru\u00e7\u00e3o de cidades mais inclusivas e sustent\u00e1veis, com planejamento e desenvolvimento pensados a fim de ampliar a qualidade de vida das pessoas.<\/p>\n<div id=\"attachment_42471\" style=\"width: 1034px\" class=\"wp-caption aligncenter\"><img loading=\"lazy\" decoding=\"async\" aria-describedby=\"caption-attachment-42471\" class=\"wp-image-42471 size-large\" src=\"https:\/\/pointer.com.br\/blog\/wp-content\/uploads\/2019\/12\/GettyImages-960245840-1-1024x683.jpg\" alt=\"Dia do Arquiteto\" width=\"1024\" height=\"683\" srcset=\"https:\/\/pointer.com.br\/blog\/wp-content\/uploads\/2019\/12\/GettyImages-960245840-1-1024x683.jpg 1024w, https:\/\/pointer.com.br\/blog\/wp-content\/uploads\/2019\/12\/GettyImages-960245840-1-300x200.jpg 300w, https:\/\/pointer.com.br\/blog\/wp-content\/uploads\/2019\/12\/GettyImages-960245840-1-768x512.jpg 768w\" sizes=\"auto, (max-width: 1024px) 100vw, 1024px\" \/><p id=\"caption-attachment-42471\" class=\"wp-caption-text\">O Dia do Arquiteto \u00e9 comemorado em 15 de dezembro. A Pointer se orgulha em ter tantos arquitetos talentosos como parceiros<\/p><\/div>\n<p>Para celebrar esse dia, resolvemos conversar com tr\u00eas arquitetos renomados, parceiros da Pointer, que nos apresentaram suas perspectivas em rela\u00e7\u00e3o ao mercado e \u00e0 profiss\u00e3o. A seguir, voc\u00ea confere o bate-papo com <a href=\"https:\/\/www.instagram.com\/andregobboarq\/?hl=pt-br\" target=\"_blank\" rel=\"noopener\">Andr\u00e9 Gobbo<\/a>, <a href=\"https:\/\/www.instagram.com\/gizellybezerraarquitetura\/\" target=\"_blank\" rel=\"noopener\">Gizelly Bezerra<\/a> e <a href=\"https:\/\/www.instagram.com\/arquiteturamenezes\/\" target=\"_blank\" rel=\"noopener\">Antonio Raphael<\/a>.<\/p>\n<h2>Andr\u00e9 Gobbo<\/h2>\n<div id=\"attachment_42481\" style=\"width: 778px\" class=\"wp-caption aligncenter\"><img loading=\"lazy\" decoding=\"async\" aria-describedby=\"caption-attachment-42481\" class=\"wp-image-42481 size-full\" src=\"https:\/\/pointer.com.br\/blog\/wp-content\/uploads\/2019\/12\/foto01-1-1.jpeg\" alt=\"Dia do Arquiteto\" width=\"768\" height=\"728\" srcset=\"https:\/\/pointer.com.br\/blog\/wp-content\/uploads\/2019\/12\/foto01-1-1.jpeg 768w, https:\/\/pointer.com.br\/blog\/wp-content\/uploads\/2019\/12\/foto01-1-1-300x284.jpeg 300w\" sizes=\"auto, (max-width: 768px) 100vw, 768px\" \/><p id=\"caption-attachment-42481\" class=\"wp-caption-text\">Andr\u00e9 Gobbo, arquiteto que atua no estado de S\u00e3o Paulo e na cidade de Macei\u00f3, em Alagoas<\/p><\/div>\n<p>Natural de Taubat\u00e9 (SP), Andr\u00e9 Gobbo se casou com uma alagoana e virou nordestino de cora\u00e7\u00e3o. Hoje, se divide entre Macei\u00f3 e o estado de S\u00e3o Paulo. Quando crian\u00e7a, costumava brincar em um galp\u00e3o de materiais de constru\u00e7\u00e3o pr\u00f3ximo \u00e0 sua casa. Depois, uma <a href=\"https:\/\/pointer.com.br\/blog\/voce-sabe-por-onde-comecar-a-reforma-de-casa\/\" target=\"_blank\" rel=\"noopener\">reforma na casa<\/a> de uma tia chamou a sua aten\u00e7\u00e3o \u2014 ele achava o m\u00e1ximo ver o pessoal construindo. Quando cresceu, quis saber como tudo funcionava, como as obras aconteciam e, ent\u00e3o, decidiu fazer Arquitetura. Confira, a seguir, o que ele tem a dizer!<\/p>\n<h3>O que mais encanta voc\u00ea na profiss\u00e3o de arquiteto?<\/h3>\n<p><strong>Andr\u00e9 Gobbo:<\/strong> \u00c9 quando eu vejo o que eu projetei acontecendo, tomando forma. Geralmente, eu fotografo e fa\u00e7o v\u00eddeos de todas as etapas, para registrar o processo do meu pensamento virando realidade. Isso \u00e9 muito gratificante.<\/p>\n<h3>Voc\u00ea tem atua\u00e7\u00e3o em Macei\u00f3 e S\u00e3o Paulo. Como \u00e9 o mercado da arquitetura nessas regi\u00f5es?<\/h3>\n<p><strong>Andr\u00e9 Gobbo:<\/strong> S\u00e3o muito bons, e eu estou sempre viajando para os dois lugares. Como nasci e fiz faculdade em Taubat\u00e9, muitas das minhas obras foram e s\u00e3o realizadas nessa regi\u00e3o, que engloba S\u00e3o Jos\u00e9 dos Campos, Campos do Jord\u00e3o, Ubatuba e tamb\u00e9m S\u00e3o Paulo capital. Quando fui morar em Macei\u00f3, conheci minha esposa, cuja fam\u00edlia tem uma loja de materiais de constru\u00e7\u00e3o. Acabei unindo o \u00fatil ao agrad\u00e1vel e eles foram me repassando v\u00e1rios projetos.<\/p>\n<h3>E como \u00e9 o mercado de maneira geral?<\/h3>\n<p><strong>Andr\u00e9 Gobbo:<\/strong> Em Macei\u00f3, as pessoas que contratam um arquiteto, geralmente, s\u00e3o as que t\u00eam mais poder aquisitivo. Quem compra uma quitinete n\u00e3o est\u00e1 disposto a investir no profissional, por exemplo. O mesmo j\u00e1 n\u00e3o acontece em S\u00e3o Paulo \u2014 muitas pessoas que moram nessa regi\u00e3o sempre querem consultar o arquiteto para saber se d\u00e1 pra fazer alguma coisa legal, por mais <a href=\"https:\/\/pointer.com.br\/blog\/construcao-enxuta\/\" target=\"_blank\" rel=\"noopener\">que o im\u00f3vel seja enxuto<\/a>. E isso reflete bastante as v\u00e1rias faces do mercado brasileiro de arquitetura.<\/p>\n<h3>Como \u00e9 a sua rela\u00e7\u00e3o com a Pointer?<\/h3>\n<p><strong>Andr\u00e9 Gobbo:<\/strong> \u00c9 muito boa, principalmente porque vende na Paragominas. Foi l\u00e1 que eu conheci a Pointer e tive a oportunidade de conhecer a f\u00e1brica. Os produtos s\u00e3o de qualidade e o custo-benef\u00edcio \u00e9 muito bom. Todos os pedreiros que eu indico, que mostro o piso e que n\u00e3o conhecem, por exemplo, gostam do material.<\/p>\n<div id=\"attachment_42473\" style=\"width: 1034px\" class=\"wp-caption aligncenter\"><img loading=\"lazy\" decoding=\"async\" aria-describedby=\"caption-attachment-42473\" class=\"wp-image-42473 size-large\" src=\"https:\/\/pointer.com.br\/blog\/wp-content\/uploads\/2019\/12\/IMG_0802-1024x740.jpeg\" alt=\"Dia do Arquiteto\" width=\"1024\" height=\"740\" srcset=\"https:\/\/pointer.com.br\/blog\/wp-content\/uploads\/2019\/12\/IMG_0802-1024x740.jpeg 1024w, https:\/\/pointer.com.br\/blog\/wp-content\/uploads\/2019\/12\/IMG_0802-300x217.jpeg 300w, https:\/\/pointer.com.br\/blog\/wp-content\/uploads\/2019\/12\/IMG_0802-768x555.jpeg 768w, https:\/\/pointer.com.br\/blog\/wp-content\/uploads\/2019\/12\/IMG_0802.jpeg 1242w\" sizes=\"auto, (max-width: 1024px) 100vw, 1024px\" \/><p id=\"caption-attachment-42473\" class=\"wp-caption-text\">Linda sacada de apartamento com parede revestida de Tijuca Mix, da linha Tropic\u00e1lia, projetada pelo arquiteto Andr\u00e9 Gobbo<\/p><\/div>\n<h3>O que voc\u00ea diria para um jovem que est\u00e1 pensando em se tornar arquiteto?<\/h3>\n<p><strong>Andr\u00e9 Gobbo:<\/strong> Acredito que para ser arquiteto \u00e9 preciso sonhar um pouco. Tem que ser criativo, ent\u00e3o, quanto mais exercitar isso, mais vai crescer na profiss\u00e3o. Hoje em dia, vendo as <a href=\"https:\/\/pointer.com.br\/blog\/arquitetura-para-leigos\/\" target=\"_blank\" rel=\"noopener\">li\u00e7\u00f5es de arquitetur<\/a>a, o diferencial \u00e9 justamente criar coisas que ainda n\u00e3o foram criadas, com pagina\u00e7\u00f5es, tipos de mobili\u00e1rios ou uma forma diferente de colocar pisos e <a href=\"https:\/\/pointer.com.br\/blog\/revestimento-para-casa\/\" target=\"_blank\" rel=\"noopener\">revestimentos<\/a>.<\/p>\n<h2>Gizelly Bezerra<\/h2>\n<div id=\"attachment_42474\" style=\"width: 632px\" class=\"wp-caption aligncenter\"><img loading=\"lazy\" decoding=\"async\" aria-describedby=\"caption-attachment-42474\" class=\"wp-image-42474 size-full\" src=\"https:\/\/pointer.com.br\/blog\/wp-content\/uploads\/2019\/12\/Gizelly.jpg\" alt=\"Dia do Arquiteto\" width=\"622\" height=\"599\" srcset=\"https:\/\/pointer.com.br\/blog\/wp-content\/uploads\/2019\/12\/Gizelly.jpg 622w, https:\/\/pointer.com.br\/blog\/wp-content\/uploads\/2019\/12\/Gizelly-300x289.jpg 300w\" sizes=\"auto, (max-width: 622px) 100vw, 622px\" \/><p id=\"caption-attachment-42474\" class=\"wp-caption-text\">Gizelly Bezerra, arquiteta que atua em Pernambuco<\/p><\/div>\n<p>Para Gizelly Bezerra, a arquitetura foi amor \u00e0 primeira vista. Ela estava pesquisando algo com que se identificasse, considerando o fato de que sempre gostou de criar. Ent\u00e3o, acabou conhecendo refer\u00eancias de outros arquitetos e se apaixonou por esse mundo, pela ambienta\u00e7\u00e3o, pelas texturas \u2014 tudo que envolvesse a quest\u00e3o da <a href=\"https:\/\/pointer.com.br\/blog\/decoracao-sensorial\/\" target=\"_blank\" rel=\"noopener\">arquitetura sensorial<\/a> (sua especialidade). Atuando em Caruaru, Vertentes e regi\u00e3o (PE), ela nos conta um pouco mais sobre suas impress\u00f5es a respeito da profiss\u00e3o.<\/p>\n<h3>O que voc\u00ea mais gosta na sua profiss\u00e3o?<\/h3>\n<p><strong>Gizelly Bezerra: <\/strong>Acredito que a satisfa\u00e7\u00e3o do cliente em ver o sonho dele sendo realizado por meio dos meus tra\u00e7os. Quando ele diz que ficou do jeito que sempre quis \u00e9 como se eu realizasse meu sonho atrav\u00e9s do sonho dele.<\/p>\n<div id=\"attachment_42475\" style=\"width: 1034px\" class=\"wp-caption aligncenter\"><img loading=\"lazy\" decoding=\"async\" aria-describedby=\"caption-attachment-42475\" class=\"wp-image-42475 size-large\" src=\"https:\/\/pointer.com.br\/blog\/wp-content\/uploads\/2019\/12\/WhatsApp-Image-2019-12-06-at-17.54.41-1024x576.jpeg\" alt=\"Dia do Arquiteto\" width=\"1024\" height=\"576\" srcset=\"https:\/\/pointer.com.br\/blog\/wp-content\/uploads\/2019\/12\/WhatsApp-Image-2019-12-06-at-17.54.41-1024x576.jpeg 1024w, https:\/\/pointer.com.br\/blog\/wp-content\/uploads\/2019\/12\/WhatsApp-Image-2019-12-06-at-17.54.41-300x169.jpeg 300w, https:\/\/pointer.com.br\/blog\/wp-content\/uploads\/2019\/12\/WhatsApp-Image-2019-12-06-at-17.54.41-768x432.jpeg 768w, https:\/\/pointer.com.br\/blog\/wp-content\/uploads\/2019\/12\/WhatsApp-Image-2019-12-06-at-17.54.41.jpeg 1280w\" sizes=\"auto, (max-width: 1024px) 100vw, 1024px\" \/><p id=\"caption-attachment-42475\" class=\"wp-caption-text\">Detalhe da cozinha gourmet do projeto de Gizelly Bezerra com revestimentos Ilh\u00e9us Canela, da linha Tropic\u00e1lia e Avelana Ambar, da linha Mediterr\u00e2nea<\/p><\/div>\n<h3>Como \u00e9 o mercado em Caruaru?<\/h3>\n<p><strong>Gizelly Bezerra:<\/strong> Atuo em algumas cidades da regi\u00e3o, mas sou natural de Vertentes, ent\u00e3o tamb\u00e9m pego projetos nas cidades vizinhas. O mercado \u00e9 bem complicado e dif\u00edcil, pois a cultura daqui ainda pensa que a arquitetura \u00e9 algo de alto padr\u00e3o, coisa de gente de poder aquisitivo muito alto. Tento de alguma forma tirar essa vis\u00e3o e educar o cliente de que a arquitetura \u00e9 para todo mundo.<\/p>\n<h3>Como \u00e9 a sua rela\u00e7\u00e3o com a Pointer?<\/h3>\n<p><strong>Gizelly Bezerra:<\/strong> Em alguns home centers e em conversas com outros arquitetos, acabei descobrindo que a Pointer faz parte do grupo Portobello. Sempre entro no site, olho se tem cole\u00e7\u00e3o nova, lan\u00e7amento novo. Por sinal, sempre indico os produtos da Pointer para os meus clientes, mostrando que \u00e9 poss\u00edvel se apropriar da arquitetura com materiais de qualidade e com um \u00f3timo custo-benef\u00edcio.<\/p>\n<div id=\"attachment_42476\" style=\"width: 1034px\" class=\"wp-caption aligncenter\"><img loading=\"lazy\" decoding=\"async\" aria-describedby=\"caption-attachment-42476\" class=\"wp-image-42476 size-large\" src=\"https:\/\/pointer.com.br\/blog\/wp-content\/uploads\/2019\/12\/WhatsApp-Image-2019-12-06-at-17.54.41-1-1024x499.jpeg\" alt=\"Dia do Arquiteto\" width=\"1024\" height=\"499\" srcset=\"https:\/\/pointer.com.br\/blog\/wp-content\/uploads\/2019\/12\/WhatsApp-Image-2019-12-06-at-17.54.41-1-1024x499.jpeg 1024w, https:\/\/pointer.com.br\/blog\/wp-content\/uploads\/2019\/12\/WhatsApp-Image-2019-12-06-at-17.54.41-1-300x146.jpeg 300w, https:\/\/pointer.com.br\/blog\/wp-content\/uploads\/2019\/12\/WhatsApp-Image-2019-12-06-at-17.54.41-1-768x374.jpeg 768w, https:\/\/pointer.com.br\/blog\/wp-content\/uploads\/2019\/12\/WhatsApp-Image-2019-12-06-at-17.54.41-1.jpeg 1280w\" sizes=\"auto, (max-width: 1024px) 100vw, 1024px\" \/><p id=\"caption-attachment-42476\" class=\"wp-caption-text\">Projeto de \u00e1rea de lazer feito pela arquiteta Gizelly Bezerra com piso e parede revestidos de Ilh\u00e9us Canela, da linha Tropic\u00e1lia e Avelana Ambar, da linha Mediterr\u00e2nea<\/p><\/div>\n<h3>O que voc\u00ea diria para um jovem que quer ser arquiteto?<\/h3>\n<p><strong>Gizelly Bezerra:<\/strong> Eu gostaria de ter dito isso para mim, l\u00e1 atr\u00e1s: <a href=\"https:\/\/pointer.com.br\/blog\/aplicativos-de-arquitetura-e-decoracao\/\" target=\"_blank\" rel=\"noopener\">arquitetura e decora\u00e7\u00e3o<\/a> s\u00e3o bem mais do que as pessoas de fora imaginam. N\u00e3o \u00e9 s\u00f3 desenhar \u2014 a gente planeja, ambienta, cria, desenvolve um projeto personalizado para cada cliente.<\/p>\n<p>Eu diria para n\u00e3o focar somente no padr\u00e3o da arquitetura, mas tentar humanizar o m\u00e1ximo poss\u00edvel a profiss\u00e3o. Saber que existem outras \u00e1reas, que voc\u00ea deve entender o produto, ir \u00e0 obra. Entender que realmente a arquitetura n\u00e3o \u00e9 s\u00f3 ficar no escrit\u00f3rio, entre quatro paredes desenhando, projetando. \u00c9 voc\u00ea ir atr\u00e1s, conversar com o pedreiro, com o mestre de obras, saber como determinado material funciona.<\/p>\n<h2>Antonio Raphael<\/h2>\n<div id=\"attachment_42477\" style=\"width: 968px\" class=\"wp-caption aligncenter\"><img loading=\"lazy\" decoding=\"async\" aria-describedby=\"caption-attachment-42477\" class=\"wp-image-42477 size-full\" src=\"https:\/\/pointer.com.br\/blog\/wp-content\/uploads\/2019\/12\/Arquiteto-Antonio-Raphael-1.jpeg\" alt=\"Dia do Arquiteto\" width=\"958\" height=\"678\" srcset=\"https:\/\/pointer.com.br\/blog\/wp-content\/uploads\/2019\/12\/Arquiteto-Antonio-Raphael-1.jpeg 958w, https:\/\/pointer.com.br\/blog\/wp-content\/uploads\/2019\/12\/Arquiteto-Antonio-Raphael-1-300x212.jpeg 300w, https:\/\/pointer.com.br\/blog\/wp-content\/uploads\/2019\/12\/Arquiteto-Antonio-Raphael-1-768x544.jpeg 768w\" sizes=\"auto, (max-width: 958px) 100vw, 958px\" \/><p id=\"caption-attachment-42477\" class=\"wp-caption-text\">Antonio Raphael, arquiteto que atua na cidade de Teresina, no Piau\u00ed<\/p><\/div>\n<p>Quando tinha apenas 14 anos, Antonio Raphael vivenciou um grande acontecimento: a reforma da sua casa. Mas, ante disso, ele j\u00e1 tinha certa afinidade com obras. Um ano depois, come\u00e7ou a ler sobre a <a href=\"https:\/\/pointer.com.br\/blog\/arquiteto-e-engenheiro-civil\/\" target=\"_blank\" rel=\"noopener\">atua\u00e7\u00e3o do arquiteto<\/a>, o que um engenheiro faz, constru\u00e7\u00e3o civil e foi se encantando mais pela profiss\u00e3o. Hoje, de Teresina (PI) para todo o Brasil, ele vive seu sonho de inf\u00e2ncia e tamb\u00e9m compartilha suas ideias sobre o assunto.<\/p>\n<h3>O que mais encanta voc\u00ea na profiss\u00e3o?<\/h3>\n<p><strong>Antonio Raphael:<\/strong> \u00c9 ver o brilho nos olhos dos clientes quando est\u00e3o acompanhando a execu\u00e7\u00e3o do projeto. \u00c9 muito gratificante ver a felicidade da pessoa que <a href=\"https:\/\/pointer.com.br\/blog\/o-que-priorizar-na-reforma\/\" target=\"_blank\" rel=\"noopener\">juntou toda a grana com sacrif\u00edcio<\/a> vendo o seu sonho ser executado.<\/p>\n<div id=\"attachment_42478\" style=\"width: 741px\" class=\"wp-caption aligncenter\"><img loading=\"lazy\" decoding=\"async\" aria-describedby=\"caption-attachment-42478\" class=\"wp-image-42478 size-large\" src=\"https:\/\/pointer.com.br\/blog\/wp-content\/uploads\/2019\/12\/WhatsApp-Image-2019-12-06-at-15.28.27-731x1024.jpeg\" alt=\"Dia do Arquiteto\" width=\"731\" height=\"1024\" srcset=\"https:\/\/pointer.com.br\/blog\/wp-content\/uploads\/2019\/12\/WhatsApp-Image-2019-12-06-at-15.28.27-731x1024.jpeg 731w, https:\/\/pointer.com.br\/blog\/wp-content\/uploads\/2019\/12\/WhatsApp-Image-2019-12-06-at-15.28.27-214x300.jpeg 214w, https:\/\/pointer.com.br\/blog\/wp-content\/uploads\/2019\/12\/WhatsApp-Image-2019-12-06-at-15.28.27-768x1076.jpeg 768w, https:\/\/pointer.com.br\/blog\/wp-content\/uploads\/2019\/12\/WhatsApp-Image-2019-12-06-at-15.28.27.jpeg 910w\" sizes=\"auto, (max-width: 731px) 100vw, 731px\" \/><p id=\"caption-attachment-42478\" class=\"wp-caption-text\">Banheiro projetado pelo arquiteto Antonio Raphael com os revestimentos Avelana Ambar, da linha Mediterr\u00e2nea, e Bianco Gioia, da linha Cl\u00e1ssica<\/p><\/div>\n<h3>Como \u00e9 o mercado na sua regi\u00e3o?<\/h3>\n<p><strong>Antonio Raphael:<\/strong> Falando em constru\u00e7\u00e3o civil, e mais precisamente em arquitetura, o mercado era muito bom h\u00e1 quatro anos, mas agora deu uma parada. Sou de Teresina e noto que, antes, a gente via obra em todo o canto. Hoje deu uma diminu\u00edda, mas ainda est\u00e1 sendo o suficiente. Por outro lado, os clientes est\u00e3o exigindo cada vez mais profissionalismo, projetos com mais qualidade, mais precis\u00e3o, e isso facilita o crescimento di\u00e1rio da profiss\u00e3o na minha regi\u00e3o.<\/p>\n<h3>Como \u00e9 a sua rela\u00e7\u00e3o com a Pointer?<\/h3>\n<p><strong>Antonio Raphael:<\/strong> Bem pr\u00f3ximo ao meu <a href=\"https:\/\/pointer.com.br\/blog\/decoracao-de-escritorio\/\" target=\"_blank\" rel=\"noopener\">escrit\u00f3rio<\/a> de arquitetura tem uma loja de material de constru\u00e7\u00e3o que vende produtos da Pointer, e eu me encantei. Gostei do acabamento, ent\u00e3o, sempre que eu posso, indico esse revestimento. No meu escrit\u00f3rio, <a href=\"https:\/\/pointer.com.br\/blog\/revestimento-para-banheiro\/\" target=\"_blank\" rel=\"noopener\">o banheiro \u00e9 revestido pela Pointer<\/a>. Ressalto os grandes formatos e a variedade de produtos \u2014 tem para todos os gostos.<\/p>\n<div id=\"attachment_42479\" style=\"width: 778px\" class=\"wp-caption aligncenter\"><img loading=\"lazy\" decoding=\"async\" aria-describedby=\"caption-attachment-42479\" class=\"wp-image-42479 size-large\" src=\"https:\/\/pointer.com.br\/blog\/wp-content\/uploads\/2019\/12\/WhatsApp-Image-2019-12-06-at-13.21.16-4-768x1024.jpeg\" alt=\"Dia do Arquiteto\" width=\"768\" height=\"1024\" srcset=\"https:\/\/pointer.com.br\/blog\/wp-content\/uploads\/2019\/12\/WhatsApp-Image-2019-12-06-at-13.21.16-4-768x1024.jpeg 768w, https:\/\/pointer.com.br\/blog\/wp-content\/uploads\/2019\/12\/WhatsApp-Image-2019-12-06-at-13.21.16-4-225x300.jpeg 225w, https:\/\/pointer.com.br\/blog\/wp-content\/uploads\/2019\/12\/WhatsApp-Image-2019-12-06-at-13.21.16-4.jpeg 960w\" sizes=\"auto, (max-width: 768px) 100vw, 768px\" \/><p id=\"caption-attachment-42479\" class=\"wp-caption-text\">Banheiro revestido com Stars Mix, da linha Decora Design, e Ilh\u00e9us Fendi, da linha Tropic\u00e1lia. Lindo projeto realizado pelo arquiteto Antonio Raphael<\/p><\/div>\n<h3>O que voc\u00ea diria para um jovem que quer ser arquiteto?<\/h3>\n<p><strong>Antonio Raphael:<\/strong> V\u00e1 em frente! A profiss\u00e3o de arquitetura \u00e9 bel\u00edssima, encantadora, mas voc\u00ea precisa estudar muito, ler muito e entrar de corpo e alma na constru\u00e7\u00e3o civil. \u00c9 preciso se dedicar porque os clientes est\u00e3o a cada dia mais exigentes.<\/p>\n<p>Nada melhor do que ouvir quem realmente entende do assunto sobre o mercado para celebrar o Dia do Arquiteto, n\u00e3o \u00e9? Com as contribui\u00e7\u00f5es dos nossos parceiros Andr\u00e9 Gobbo, Gizelly Bezerra e Antonio Raphael, fica ainda mais claro como a arquitetura \u00e9 essencial e tem constru\u00eddo uma rela\u00e7\u00e3o cada vez mais democr\u00e1tica com os espa\u00e7os, com as cidades e com as pessoas.<\/p>\n<p>Gostou do conte\u00fado? Ent\u00e3o, que tal dividir essas ideias? Compartilhe este conte\u00fado nas suas redes sociais e espalhe entre seus amigos o que acabou de ler!<\/p>\n","protected":false},"excerpt":{"rendered":"<p>Desde 2018, o Dia do Arquiteto, comemorado em 15 de dezembro, faz parte do calend\u00e1rio oficial brasileiro \u2014 homenageando o dia do nascimento de Oscar Niemeyer. A data representa toda a import\u00e2ncia da profiss\u00e3o em [&hellip;]<\/p>\n","protected":false},"author":7,"featured_media":42470,"comment_status":"open","ping_status":"open","sticky":false,"template":"","format":"standard","meta":{"footnotes":""},"categories":[10],"tags":[],"class_list":["post-42469","post","type-post","status-publish","format-standard","has-post-thumbnail","hentry","category-dicas-pointer"],"acf":[],"_links":{"self":[{"href":"https:\/\/pointer.com.br\/blog\/wp-json\/wp\/v2\/posts\/42469","targetHints":{"allow":["GET"]}}],"collection":[{"href":"https:\/\/pointer.com.br\/blog\/wp-json\/wp\/v2\/posts"}],"about":[{"href":"https:\/\/pointer.com.br\/blog\/wp-json\/wp\/v2\/types\/post"}],"author":[{"embeddable":true,"href":"https:\/\/pointer.com.br\/blog\/wp-json\/wp\/v2\/users\/7"}],"replies":[{"embeddable":true,"href":"https:\/\/pointer.com.br\/blog\/wp-json\/wp\/v2\/comments?post=42469"}],"version-history":[{"count":2,"href":"https:\/\/pointer.com.br\/blog\/wp-json\/wp\/v2\/posts\/42469\/revisions"}],"predecessor-version":[{"id":42482,"href":"https:\/\/pointer.com.br\/blog\/wp-json\/wp\/v2\/posts\/42469\/revisions\/42482"}],"wp:featuredmedia":[{"embeddable":true,"href":"https:\/\/pointer.com.br\/blog\/wp-json\/wp\/v2\/media\/42470"}],"wp:attachment":[{"href":"https:\/\/pointer.com.br\/blog\/wp-json\/wp\/v2\/media?parent=42469"}],"wp:term":[{"taxonomy":"category","embeddable":true,"href":"https:\/\/pointer.com.br\/blog\/wp-json\/wp\/v2\/categories?post=42469"},{"taxonomy":"post_tag","embeddable":true,"href":"https:\/\/pointer.com.br\/blog\/wp-json\/wp\/v2\/tags?post=42469"}],"curies":[{"name":"wp","href":"https:\/\/api.w.org\/{rel}","templated":true}]}}