{"id":42377,"date":"2019-12-06T09:00:11","date_gmt":"2019-12-06T11:00:11","guid":{"rendered":"https:\/\/pointer.com.br\/blog\/?p=42377"},"modified":"2019-11-25T12:18:09","modified_gmt":"2019-11-25T14:18:09","slug":"limpeza-do-ar-condicionado","status":"publish","type":"post","link":"https:\/\/pointer.com.br\/blog\/limpeza-do-ar-condicionado\/","title":{"rendered":"Guia da limpeza do ar condicionado"},"content":{"rendered":"<p>O ar condicionado \u00e9 um item comum em muitas casas, escrit\u00f3rios e com\u00e9rcios em todo o Brasil, principalmente no <a href=\"https:\/\/pointer.com.br\/blog\/destinos-nada-obvios\/\" target=\"_blank\" rel=\"noopener\">Norte e no Nordeste<\/a>, regi\u00f5es de clima quente.<\/p>\n<p>Para evitar problemas, \u00e9 necess\u00e1rio fazer a manuten\u00e7\u00e3o adequada desse equipamento de forma peri\u00f3dica. Algumas limpezas devem ser feitas todas as semanas, outras mensalmente e outras de ano em ano.<\/p>\n<p>Um ar condicionado pode durar de 15 a 20 anos, mas, para alcan\u00e7ar todo esse tempo, cuidados devem ser tomados. \u00c9 comum fazer apenas a <a href=\"https:\/\/pointer.com.br\/blog\/limpeza-de-vidros-impecavel\/\" target=\"_blank\" rel=\"noopener\">limpeza<\/a> superficial no equipamento, sem pensar nos componentes internos. Assim, ele acaba estragando bem antes do prazo, sendo preciso comprar um novo.<\/p>\n<p>Para prolongar a vida \u00fatil do aparelho, \u00e9 preciso cuidar tanto da parte interna quanto da externa. Quer entender como \u00e9 a limpeza correta desse item? Ent\u00e3o, continue a leitura.<\/p>\n<h2>Por que \u00e9 importante higienizar o ar condicionado?<\/h2>\n<p>A higieniza\u00e7\u00e3o desse equipamento \u00e9 fundamental para evitar o ac\u00famulo de bact\u00e9rias, fungos, \u00e1caros, sujeiras e demais impurezas que possam causar rea\u00e7\u00f5es al\u00e9rgicas e diversos tipos de doen\u00e7as.<\/p>\n<p>Al\u00e9m dos problemas ligados \u00e0 sa\u00fade, a falta de uma boa limpeza no ar condicionado pode prejudicar o seu funcionamento, pois ele perde a capacidade de refrigera\u00e7\u00e3o, aumentando o consumo de energia el\u00e9trica e o n\u00edvel de barulhos.<\/p>\n<p>Higienizar o equipamento e fazer a troca dos filtros de ar periodicamente faz parte dos cuidados de preven\u00e7\u00e3o considerados indispens\u00e1veis pela legisla\u00e7\u00e3o que torna a manuten\u00e7\u00e3o do ar condicionado obrigat\u00f3ria em pr\u00e9dios coletivos (comerciais) e p\u00fablicos. \u00c9 um trabalho, portanto, que jamais pode ser negligenciado.<\/p>\n<h2>Qual \u00e9 a periodicidade ideal para a limpeza?<\/h2>\n<div id=\"attachment_42380\" style=\"width: 1034px\" class=\"wp-caption aligncenter\"><img loading=\"lazy\" decoding=\"async\" aria-describedby=\"caption-attachment-42380\" class=\"wp-image-42380 size-large\" src=\"https:\/\/pointer.com.br\/blog\/wp-content\/uploads\/2019\/11\/GettyImages-612384472-2-1-1024x683.jpg\" alt=\"limpeza do ar condicionado\" width=\"1024\" height=\"683\" srcset=\"https:\/\/pointer.com.br\/blog\/wp-content\/uploads\/2019\/11\/GettyImages-612384472-2-1-1024x683.jpg 1024w, https:\/\/pointer.com.br\/blog\/wp-content\/uploads\/2019\/11\/GettyImages-612384472-2-1-300x200.jpg 300w, https:\/\/pointer.com.br\/blog\/wp-content\/uploads\/2019\/11\/GettyImages-612384472-2-1-768x512.jpg 768w\" sizes=\"auto, (max-width: 1024px) 100vw, 1024px\" \/><p id=\"caption-attachment-42380\" class=\"wp-caption-text\">\u00c9 importante fazer a limpeza nos filtros de ar periodicamente para evitar o ac\u00famulo de bact\u00e9rias<\/p><\/div>\n<p>A periodicidade mais indicada para fazer a higieniza\u00e7\u00e3o do equipamento varia conforme o ambiente e a regi\u00e3o em que ele est\u00e1 instalado. Veja melhor a seguir:<\/p>\n<h3>Limpeza semanal do filtro<\/h3>\n<p>Semanalmente, \u00e9 importante realizar uma <a href=\"https:\/\/pointer.com.br\/blog\/limpeza-de-banheiro\/\" target=\"_blank\" rel=\"noopener\">limpeza<\/a> simples nos filtros de ar das casas e empresas. Para isso, \u00e9 preciso desligar o equipamento, retirar o painel frontal e passar um pano \u00famido. \u00c9 necess\u00e1rio retirar o filtro e lav\u00e1-lo na \u00e1gua morna com detergente neutro. Em seguida, coloque-o na sombra e espere secar totalmente. Depois, basta inseri-lo novamente no aparelho.<\/p>\n<h3>Limpeza mensal<\/h3>\n<p>A limpeza mensal \u00e9 mais indicada para as empresas e precisa ser realizada de modo completo, principalmente em locais que registram altos \u00edndices de calor ou polui\u00e7\u00e3o, pois nesses casos o equipamento costuma estar sempre ligado.<\/p>\n<p>Diferentemente da limpeza semanal, que pode ser realizada por qualquer pessoa, a limpeza completa deve ser feita por um profissional especializado, j\u00e1 que todo o ar condicionado precisa ser desmontado e a limpeza \u00e9 feita em todas as pe\u00e7as de forma individual, podendo, em alguns casos, ser preciso troc\u00e1-las.<\/p>\n<h3>Limpeza semestral<\/h3>\n<p>Semestralmente, o mais indicado \u00e9 substituir os filtros de carv\u00e3o ativado. No setor empresarial, al\u00e9m de trocar os filtros, a limpeza externa precisa ser feita. Em ambientes com menos calor e polui\u00e7\u00e3o, onde o equipamento n\u00e3o \u00e9 t\u00e3o usado, a higieniza\u00e7\u00e3o completa pode ser realizada nesse intervalo de tempo.<\/p>\n<h3>Limpeza anual<\/h3>\n<p>Aqueles que t\u00eam esse aparelho em casa precisam fazer a limpeza externa pelo menos uma vez ao ano. A <a href=\"https:\/\/pointer.com.br\/blog\/limpeza-pos-reforma\/\" target=\"_blank\" rel=\"noopener\">limpeza<\/a> entre as partes externa e interna tamb\u00e9m pode ser feita apenas uma vez ao ano e, como envolve analisar isolamento e travamento de tubula\u00e7\u00e3o, o ideal \u00e9 deixar o trabalho para uma empresa qualificada.<\/p>\n<h2>Como fazer a limpeza do equipamento e conserv\u00e1-lo por mais tempo?<\/h2>\n<div id=\"attachment_42381\" style=\"width: 1034px\" class=\"wp-caption aligncenter\"><img loading=\"lazy\" decoding=\"async\" aria-describedby=\"caption-attachment-42381\" class=\"wp-image-42381 size-large\" src=\"https:\/\/pointer.com.br\/blog\/wp-content\/uploads\/2019\/11\/GettyImages-962695538-1-1024x683.jpg\" alt=\"limpeza do ar condicionado\" width=\"1024\" height=\"683\" srcset=\"https:\/\/pointer.com.br\/blog\/wp-content\/uploads\/2019\/11\/GettyImages-962695538-1-1024x683.jpg 1024w, https:\/\/pointer.com.br\/blog\/wp-content\/uploads\/2019\/11\/GettyImages-962695538-1-300x200.jpg 300w, https:\/\/pointer.com.br\/blog\/wp-content\/uploads\/2019\/11\/GettyImages-962695538-1-768x512.jpg 768w\" sizes=\"auto, (max-width: 1024px) 100vw, 1024px\" \/><p id=\"caption-attachment-42381\" class=\"wp-caption-text\">Para limpar os filtros de ar de forma simples, basta ter um pano \u00famido e detergente neutro. Assim, voc\u00ea conseguir\u00e1 aumentar a durabilidade do aparelho e manter o ambiente livre de bact\u00e9rias<\/p><\/div>\n<p>\u00c9 fundamental ler o manual de instru\u00e7\u00f5es do ar condicionado para fazer a limpeza interna, pois cada modelo vai ter uma periodicidade espec\u00edfica. Logo, \u00e9 essencial observar todas as instru\u00e7\u00f5es de uso. Veja, a seguir, outras dicas para uma limpeza adequada.<\/p>\n<h3>Limpe a \u00e1rea externa semanalmente<\/h3>\n<p>Para retirar toda a sujeira e o ac\u00famulo de poeira da parte externa do equipamento, o mais indicado \u00e9 usar somente \u00e1gua e um detergente neutro. Fa\u00e7a uma mistura dos dois em uma vasilha e umede\u00e7a um pano, passando em toda a superf\u00edcie de forma delicada e cuidadosa.<\/p>\n<p>Em seguida, enxugue com um pano seco e cuide para que ele n\u00e3o risque o ar condicionado e para que n\u00e3o solte pelos. \u00c9 preciso repetir esse processo pelo menos uma vez por semana. N\u00e3o se esque\u00e7a de que produtos multi\u00faso podem amarelar ou manchar o seu equipamento.<\/p>\n<p>Normalmente, o painel frontal precisa ser limpo somente com um pano bem seco, mas, se estiver bem sujo, use um pouco de \u00e1gua morna. Quanto ao filtro, este deve ser limpo apenas com a retirada do p\u00f3, passando um pano \u00famido com \u00e1gua morna no sentido contr\u00e1rio ao da entrada de ar.<\/p>\n<p>Jamais use aspirador de p\u00f3 ou alguma ferramenta para escovar e deixe secar de forma natural. Com o filtro em bom estado, voc\u00ea garante uma boa qualidade do ar. O aparelho, quando sujo, se torna um meio de propaga\u00e7\u00e3o de bact\u00e9rias, podendo causar s\u00e9rios problemas.<\/p>\n<h3>Contrate uma empresa ou um especialista<\/h3>\n<p>Como o uso do equipamento acontece de forma constante, \u00e9 inevit\u00e1vel que sujeiras acumulem dentro dos compartimentos internos. Por isso, a manuten\u00e7\u00e3o preventiva tamb\u00e9m \u00e9 essencial para conservar o aparelho. Mas como fazer a limpeza do ar condicionado de forma correta sem estragar tais componentes?<\/p>\n<p>O ideal \u00e9 que esse trabalho seja feito por uma empresa ou pessoa especializada, que vai analisar o estado dos trocadores e da tubula\u00e7\u00e3o, pelo menos uma vez ao ano.<\/p>\n<p>A manuten\u00e7\u00e3o adequada, embora demande um pequeno investimento, vai fazer com que o ar condicionado dure mais tempo, com efici\u00eancia m\u00e1xima e em excelentes condi\u00e7\u00f5es, eliminando o risco de precisar investir em um novo equipamento antes da hora e, claro, garantindo <a href=\"https:\/\/pointer.com.br\/blog\/maneiras-de-economizar-agua\/\" target=\"_blank\" rel=\"noopener\">economia<\/a> de energia.<\/p>\n<p>\u00c9 importante lembrar que, mesmo que voc\u00ea n\u00e3o utilize o equipamento durante o inverno, \u00e9 preciso fazer a limpeza para que ele possa funcionar adequadamente nos dias quentes. Manter o equipamento parado durante muito tempo nos dias frios, sem fazer a higieniza\u00e7\u00e3o correta, pode prejudicar o funcionamento, al\u00e9m de promover o desgaste das pe\u00e7as e reduzir a vida \u00fatil.<\/p>\n<p>Fazer a manuten\u00e7\u00e3o preventiva e a limpeza do ar condicionado \u00e9 fundamental n\u00e3o apenas pela qualidade do ar, mas tamb\u00e9m pelo seu funcionamento. Ent\u00e3o, cuide bem desse aparelho para n\u00e3o ter gastos maiores no futuro!<\/p>\n<p>Gostou de saber mais sobre a limpeza do ar condicionado? Ficou com alguma d\u00favida ou tem alguma sugest\u00e3o? Ent\u00e3o, aproveite para compartilhar nos coment\u00e1rios!<\/p>\n","protected":false},"excerpt":{"rendered":"<p>O ar condicionado \u00e9 um item comum em muitas casas, escrit\u00f3rios e com\u00e9rcios em todo o Brasil, principalmente no Norte e no Nordeste, regi\u00f5es de clima quente. Para evitar problemas, \u00e9 necess\u00e1rio fazer a manuten\u00e7\u00e3o [&hellip;]<\/p>\n","protected":false},"author":7,"featured_media":42378,"comment_status":"open","ping_status":"open","sticky":false,"template":"","format":"standard","meta":{"footnotes":""},"categories":[10],"tags":[],"class_list":["post-42377","post","type-post","status-publish","format-standard","has-post-thumbnail","hentry","category-dicas-pointer"],"acf":[],"_links":{"self":[{"href":"https:\/\/pointer.com.br\/blog\/wp-json\/wp\/v2\/posts\/42377","targetHints":{"allow":["GET"]}}],"collection":[{"href":"https:\/\/pointer.com.br\/blog\/wp-json\/wp\/v2\/posts"}],"about":[{"href":"https:\/\/pointer.com.br\/blog\/wp-json\/wp\/v2\/types\/post"}],"author":[{"embeddable":true,"href":"https:\/\/pointer.com.br\/blog\/wp-json\/wp\/v2\/users\/7"}],"replies":[{"embeddable":true,"href":"https:\/\/pointer.com.br\/blog\/wp-json\/wp\/v2\/comments?post=42377"}],"version-history":[{"count":3,"href":"https:\/\/pointer.com.br\/blog\/wp-json\/wp\/v2\/posts\/42377\/revisions"}],"predecessor-version":[{"id":42383,"href":"https:\/\/pointer.com.br\/blog\/wp-json\/wp\/v2\/posts\/42377\/revisions\/42383"}],"wp:featuredmedia":[{"embeddable":true,"href":"https:\/\/pointer.com.br\/blog\/wp-json\/wp\/v2\/media\/42378"}],"wp:attachment":[{"href":"https:\/\/pointer.com.br\/blog\/wp-json\/wp\/v2\/media?parent=42377"}],"wp:term":[{"taxonomy":"category","embeddable":true,"href":"https:\/\/pointer.com.br\/blog\/wp-json\/wp\/v2\/categories?post=42377"},{"taxonomy":"post_tag","embeddable":true,"href":"https:\/\/pointer.com.br\/blog\/wp-json\/wp\/v2\/tags?post=42377"}],"curies":[{"name":"wp","href":"https:\/\/api.w.org\/{rel}","templated":true}]}}