{"id":42267,"date":"2019-10-23T09:00:46","date_gmt":"2019-10-23T12:00:46","guid":{"rendered":"https:\/\/pointer.com.br\/blog\/?p=42267"},"modified":"2019-10-15T16:41:13","modified_gmt":"2019-10-15T19:41:13","slug":"espaco-multifuncional","status":"publish","type":"post","link":"https:\/\/pointer.com.br\/blog\/espaco-multifuncional\/","title":{"rendered":"Como pensar um ambiente multifuncional\u00a0"},"content":{"rendered":"<p>Com os novos empreendimentos residenciais ficando cada vez mais compactos, ter um espa\u00e7o multifuncional em casa \u2014 ou at\u00e9 mais de um \u2014 \u00e9 uma maneira criativa de aproveitar da melhor maneira poss\u00edvel todas as \u00e1reas dispon\u00edveis.<\/p>\n<p>Para ter espa\u00e7os multifuncionais realmente adequados \u00e0s necessidades dos moradores, \u00e9 preciso contar com bons projetos, de maneira a manter o conforto e otimizar a organiza\u00e7\u00e3o de mobili\u00e1rio e circula\u00e7\u00e3o.<\/p>\n<h2>Afinal, o que \u00e9 um espa\u00e7o multifuncional?<\/h2>\n<p>A <a href=\"https:\/\/pointer.com.br\/blog\/integracao-de-ambientes\/\" target=\"_blank\" rel=\"noopener\">integra\u00e7\u00e3o de ambientes<\/a> est\u00e1 bastante presente no nosso cotidiano. Os espa\u00e7os multifuncionais s\u00e3o aqueles que aproveitam um ambiente n\u00e3o apenas com a fun\u00e7\u00e3o prim\u00e1ria para a qual este foi projetado, mas tamb\u00e9m para usos adicionais. Por exemplo, um living que conta com home office ou uma cozinha onde tamb\u00e9m se faz as refei\u00e7\u00f5es.<\/p>\n<p>\u00c9 importante salientar que, em um espa\u00e7o multifuncional, a divis\u00e3o entre as fun\u00e7\u00f5es a serem desempenhadas nele s\u00e3o feitas pela diferencia\u00e7\u00e3o de mobili\u00e1rio, pela organiza\u00e7\u00e3o de layout e outras t\u00e9cnicas semelhantes.<\/p>\n<p>Esse conceito traz maior fluidez. Afinal, se contrap\u00f5e \u00e0s divis\u00f5es tradicionais entre os ambientes, que contam com paredes ou balc\u00f5es para determinar onde termina um espa\u00e7o e come\u00e7a o outro.<\/p>\n<p>A multifuncionalidade \u00e9 uma das solu\u00e7\u00f5es mais utilizadas para resolver a organiza\u00e7\u00e3o de im\u00f3veis pequenos, sem perder o foco em atender a todas as necessidades apresentadas pelos moradores.<\/p>\n<h2>Quais s\u00e3o os tipos de espa\u00e7os multifuncionais mais comuns?<\/h2>\n<p>Sem d\u00favidas, alguns desses espa\u00e7os j\u00e1 se tornaram cl\u00e1ssicos, devido \u00e0 frequ\u00eancia com que a estrat\u00e9gia \u00e9 utilizada. Veja a seguir.<\/p>\n<h3>Sala de estar + sala de jantar<\/h3>\n<div id=\"attachment_42270\" style=\"width: 1034px\" class=\"wp-caption aligncenter\"><img loading=\"lazy\" decoding=\"async\" aria-describedby=\"caption-attachment-42270\" class=\"wp-image-42270 size-large\" src=\"https:\/\/pointer.com.br\/blog\/wp-content\/uploads\/2019\/09\/5cc0782fe35ccc163652ec29-1024x576.jpg\" alt=\"espa\u00e7o multifuncional\" width=\"1024\" height=\"576\" srcset=\"https:\/\/pointer.com.br\/blog\/wp-content\/uploads\/2019\/09\/5cc0782fe35ccc163652ec29-1024x576.jpg 1024w, https:\/\/pointer.com.br\/blog\/wp-content\/uploads\/2019\/09\/5cc0782fe35ccc163652ec29-300x169.jpg 300w, https:\/\/pointer.com.br\/blog\/wp-content\/uploads\/2019\/09\/5cc0782fe35ccc163652ec29-768x432.jpg 768w\" sizes=\"auto, (max-width: 1024px) 100vw, 1024px\" \/><p id=\"caption-attachment-42270\" class=\"wp-caption-text\">Espa\u00e7o revestido com piso Ilh\u00e9us Canela, da linha Tropic\u00e1lia, que torna o ambiente moderno e aconchegante. A uni\u00e3o entre a sala de estar e a de jantar deixa o local mais informal, fazendo com que os convidados fiquem mais \u00e0 vontade para circular pelos espa\u00e7os e conversar<\/p><\/div>\n<p>\u00c9 o espa\u00e7o multifuncional que mais vemos em apartamentos, tanto nos compactos quanto nos mais amplos, tamanha \u00e9 sua praticidade. A uni\u00e3o entre a sala de estar e a de jantar torna o ambiente mais irreverente e informal. Com isso, as pessoas se sentem mais \u00e0 vontade para conversar e passar um tempo com a fam\u00edlia e amigos, seja em um jantar comemorativo, seja em um almo\u00e7o de domingo.<\/p>\n<p>Uma boa solu\u00e7\u00e3o para esse ambiente \u00e9 usar um tapete para deixar a \u00e1rea destinada a sof\u00e1s e poltronas mais aconchegante. Outra ideia muito bem-vinda \u00e9 instalar um <a href=\"https:\/\/pointer.com.br\/blog\/tipos-de-lustres\/\" target=\"_blank\" rel=\"noopener\">lustre<\/a> ou um pendente para dar destaque \u00e0 mesa de jantar \u2013 com certeza o visual do ambiente fica ainda mais especial.<\/p>\n<h3>Cozinha + sala de jantar<\/h3>\n<div id=\"attachment_42271\" style=\"width: 1034px\" class=\"wp-caption aligncenter\"><img loading=\"lazy\" decoding=\"async\" aria-describedby=\"caption-attachment-42271\" class=\"wp-image-42271 size-large\" src=\"https:\/\/pointer.com.br\/blog\/wp-content\/uploads\/2019\/09\/5cb4c69f18ab521bd5a4e4d6-1024x576.jpg\" alt=\"espa\u00e7o multifuncional\" width=\"1024\" height=\"576\" srcset=\"https:\/\/pointer.com.br\/blog\/wp-content\/uploads\/2019\/09\/5cb4c69f18ab521bd5a4e4d6-1024x576.jpg 1024w, https:\/\/pointer.com.br\/blog\/wp-content\/uploads\/2019\/09\/5cb4c69f18ab521bd5a4e4d6-300x169.jpg 300w, https:\/\/pointer.com.br\/blog\/wp-content\/uploads\/2019\/09\/5cb4c69f18ab521bd5a4e4d6-768x432.jpg 768w\" sizes=\"auto, (max-width: 1024px) 100vw, 1024px\" \/><p id=\"caption-attachment-42271\" class=\"wp-caption-text\">Aliar a cozinha \u00e0 sala de jantar \u00e9 uma boa op\u00e7\u00e3o para deixar o ambiente mais espa\u00e7oso. O piso revestido com Urbana Branco, que reproduz concreto, torna o local mais contempor\u00e2neo e aumenta a sensa\u00e7\u00e3o de amplitude<\/p><\/div>\n<p>A cozinha, por ser um local de preparo de comidas, j\u00e1 \u00e9 atrativa por si s\u00f3. Ent\u00e3o, uma das melhores maneiras de refor\u00e7ar isso \u00e9 trazer a sala de jantar para mais perto de onde as del\u00edcias saem.<\/p>\n<p>\u00c9 uma uni\u00e3o que funciona bem para aumentar a \u00e1rea da cozinha, quando esta \u00e9 muito reduzida, ou para deixar o projeto mais charmoso e pr\u00e1tico para o cotidiano, em ambientes mais generosos.<\/p>\n<p>Em cozinhas amplas, colocar a mesa em uma posi\u00e7\u00e3o estrat\u00e9gica \u00e9 sempre uma boa ideia. J\u00e1 nas cozinhas menores, a bancada de refei\u00e7\u00f5es pode ser integrada a uma mais alta, de preparo de alimentos, ou funcionar como divis\u00e3o entre ambientes.<\/p>\n<h3>Varanda + sala de jantar + espa\u00e7o gourmet<\/h3>\n<div id=\"attachment_42272\" style=\"width: 1034px\" class=\"wp-caption aligncenter\"><img loading=\"lazy\" decoding=\"async\" aria-describedby=\"caption-attachment-42272\" class=\"wp-image-42272 size-large\" src=\"https:\/\/pointer.com.br\/blog\/wp-content\/uploads\/2019\/09\/5b1ae5f8a9361455a9599b1d-1-1024x576.jpg\" alt=\"espa\u00e7o multifuncional\" width=\"1024\" height=\"576\" srcset=\"https:\/\/pointer.com.br\/blog\/wp-content\/uploads\/2019\/09\/5b1ae5f8a9361455a9599b1d-1-1024x576.jpg 1024w, https:\/\/pointer.com.br\/blog\/wp-content\/uploads\/2019\/09\/5b1ae5f8a9361455a9599b1d-1-300x169.jpg 300w, https:\/\/pointer.com.br\/blog\/wp-content\/uploads\/2019\/09\/5b1ae5f8a9361455a9599b1d-1-768x432.jpg 768w\" sizes=\"auto, (max-width: 1024px) 100vw, 1024px\" \/><p id=\"caption-attachment-42272\" class=\"wp-caption-text\">\u00c1rea externa multifuncional, \u00f3tima para receber os amigos. O piso revestido com Pietra di Basalto Grigia, que reproduz a pedra natural com interpreta\u00e7\u00e3o urbana e contempor\u00e2nea, \u00e9 uma proposta arrojada para um d\u00e9cor elaborado<\/p><\/div>\n<p>Cada vez mais, os apartamentos t\u00eam aproveitado as varandas para dar um espa\u00e7o de lazer particular para os moradores. Nelas, s\u00e3o instalados bancada com cuba, arm\u00e1rios, churrasqueira e outros equipamentos que permitem cozinhar, descansar e receber amigos em um s\u00f3 lugar.<\/p>\n<p>Uma dica interessante para deixar a sua varanda vers\u00e1til \u00e9 utilizar um mobili\u00e1rio que seja f\u00e1cil de dobrar ou empilhar. Isso permite que voc\u00ea abra mais espa\u00e7o para estender uma rede, por exemplo, quando n\u00e3o for receber convidados.<\/p>\n<h3>Sala de estar + home office<\/h3>\n<div id=\"attachment_42273\" style=\"width: 1034px\" class=\"wp-caption aligncenter\"><img loading=\"lazy\" decoding=\"async\" aria-describedby=\"caption-attachment-42273\" class=\"wp-image-42273 size-large\" src=\"https:\/\/pointer.com.br\/blog\/wp-content\/uploads\/2019\/09\/5aabfb6be35ccc07c3ed5ba7-1024x576.jpg\" alt=\"espa\u00e7o multifuncional\" width=\"1024\" height=\"576\" srcset=\"https:\/\/pointer.com.br\/blog\/wp-content\/uploads\/2019\/09\/5aabfb6be35ccc07c3ed5ba7-1024x576.jpg 1024w, https:\/\/pointer.com.br\/blog\/wp-content\/uploads\/2019\/09\/5aabfb6be35ccc07c3ed5ba7-300x169.jpg 300w, https:\/\/pointer.com.br\/blog\/wp-content\/uploads\/2019\/09\/5aabfb6be35ccc07c3ed5ba7-768x432.jpg 768w\" sizes=\"auto, (max-width: 1024px) 100vw, 1024px\" \/><p id=\"caption-attachment-42273\" class=\"wp-caption-text\">Uma boa op\u00e7\u00e3o para criar espa\u00e7os multifuncionais s\u00e3o m\u00f3veis planejados que integram os ambientes. Nesse exemplo, temos o painel da sala de estar junto \u00e0 mesa para home office. O destaque do local fica com a parede revestida de Mos Metropolitan Mix, que deixa o espa\u00e7o decorado e moderno<\/p><\/div>\n<p>O mobili\u00e1rio e a organiza\u00e7\u00e3o do layout tamb\u00e9m s\u00e3o elementos-chave para integrar com sucesso o <a href=\"https:\/\/pointer.com.br\/blog\/home-office\/\" target=\"_blank\" rel=\"noopener\">home office<\/a> \u00e0 sala de estar. Aproveitar uma parede para instalar uma bancada e nichos para computador e livros j\u00e1 \u00e9 uma boa maneira de aproveitar uma \u00e1rea que seria apenas de circula\u00e7\u00e3o.<\/p>\n<p>No entanto, \u00e9 preciso ter alguns cuidados. Caso voc\u00ea precise armazenar muitos livros, \u00e9 recomendado que seja em arm\u00e1rios com portas, do contr\u00e1rio, pode parecer que a sua sala \u00e9 desorganizada e visualmente desconfort\u00e1vel. Por\u00e9m, se preferir estantes abertas, procure us\u00e1-las a seu favor: que tal fazer uma composi\u00e7\u00e3o com livros e objetos decorativos como porta-retratos ou <em>souvenires<\/em> de viagem?<\/p>\n<h3>Quarto + home office<\/h3>\n<div id=\"attachment_42269\" style=\"width: 1034px\" class=\"wp-caption aligncenter\"><img loading=\"lazy\" decoding=\"async\" aria-describedby=\"caption-attachment-42269\" class=\"wp-image-42269 size-large\" src=\"https:\/\/pointer.com.br\/blog\/wp-content\/uploads\/2019\/09\/5cb4e07c18ab521bd5a6836d-1-1024x576.jpg\" alt=\"espa\u00e7o multifuncional\" width=\"1024\" height=\"576\" srcset=\"https:\/\/pointer.com.br\/blog\/wp-content\/uploads\/2019\/09\/5cb4e07c18ab521bd5a6836d-1-1024x576.jpg 1024w, https:\/\/pointer.com.br\/blog\/wp-content\/uploads\/2019\/09\/5cb4e07c18ab521bd5a6836d-1-300x169.jpg 300w, https:\/\/pointer.com.br\/blog\/wp-content\/uploads\/2019\/09\/5cb4e07c18ab521bd5a6836d-1-768x432.jpg 768w, https:\/\/pointer.com.br\/blog\/wp-content\/uploads\/2019\/09\/5cb4e07c18ab521bd5a6836d-1.jpg 1920w\" sizes=\"auto, (max-width: 1024px) 100vw, 1024px\" \/><p id=\"caption-attachment-42269\" class=\"wp-caption-text\">Quarto com um espa\u00e7o preparado para estudar ou trabalhar. O ambiente tem o piso revestido com Tijuca Mix, da linha Tropic\u00e1lia, que deixa o local aconchegante. Al\u00e9m disso, o espa\u00e7o \u00e9 bastante arejado com ilumina\u00e7\u00e3o natural, o que contribui para a concentra\u00e7\u00e3o<\/p><\/div>\n<p>Quer mais praticidade do que ter um espa\u00e7o preparado para horas de estudo ou trabalho dentro do quarto? A bancada para computador pode ser integrada ao projeto de m\u00f3veis planejados, ficando lado a lado com o arm\u00e1rio ou incluindo um rebaixamento para funcionar como cabeceira da cama.<\/p>\n<p>Nesse ponto, \u00e9 essencial prestar aten\u00e7\u00e3o \u00e0 ilumina\u00e7\u00e3o: em geral, os quartos precisam de luz mais amena, que favore\u00e7a descanso e relaxamento para boas noites de sono. No entanto, para melhorar a concentra\u00e7\u00e3o no trabalho ou nos estudos, \u00e9 essencial contar com uma ilumina\u00e7\u00e3o que deixe a pessoa mais desperta. A fim de resolver esse impasse, uma \u00f3tima estrat\u00e9gia \u00e9 o uso de spots instalados na dire\u00e7\u00e3o da bancada ou de ilumina\u00e7\u00e3o de tarefa, feita por pendente ou lumin\u00e1ria de mesa.<\/p>\n<h2>Que outros ambientes podem ser multifuncionais?<\/h2>\n<p>Al\u00e9m das combina\u00e7\u00f5es que listamos, dependendo das demandas da fam\u00edlia e dos espa\u00e7os \u00e0 disposi\u00e7\u00e3o, outras alternativas podem surgir.<\/p>\n<h3>Varanda + brinquedoteca<\/h3>\n<p>Se falta um espa\u00e7o l\u00fadico para as crian\u00e7as na casa, que tal transformar uma parte da varanda em uma brinquedoteca? Usando materiais simples, como alguns nichos e caixas para armazenar os brinquedos, pufes, tapete ou colch\u00f5es de tecido imperme\u00e1vel e uma mesa de tamanho infantil, j\u00e1 \u00e9 poss\u00edvel criar uma \u00e1rea de divers\u00e3o para os pequenos e reservar um espa\u00e7o para a bagun\u00e7a das <a href=\"https:\/\/pointer.com.br\/blog\/brincadeiras-ferias-de-julho\/\" target=\"_blank\" rel=\"noopener\">brincadeiras<\/a>.<\/p>\n<h3>Hall + closet<\/h3>\n<p>Algumas su\u00edtes contam um pequeno corredor at\u00e9 a sua parte mais ampla. Caso as dimens\u00f5es permitam, esse \u00e9 um excelente espa\u00e7o para instalar um arm\u00e1rio sob medida e usar como closet. Spots, trilhos eletrificados e fitas LED s\u00e3o op\u00e7\u00f5es muito boas para compor a ilumina\u00e7\u00e3o e deixar o lugar ainda mais sofisticado.<\/p>\n<h3>Quarto de h\u00f3spedes + home office<\/h3>\n<p>Se a sua casa tem um quarto de h\u00f3spedes e n\u00e3o \u00e9 poss\u00edvel montar um espa\u00e7o para trabalho e estudo em outros ambientes, uma dica \u00e9 unir esses dois ambientes. Planejando o layout e o mobili\u00e1rio, \u00e9 vi\u00e1vel incluir nesse espa\u00e7o uma bancada para computador e acess\u00f3rios, TV para os h\u00f3spedes, estante de livros e arm\u00e1rio. Substituir a cama por um sof\u00e1-cama tamb\u00e9m \u00e9 uma boa ideia para liberar espa\u00e7o de circula\u00e7\u00e3o.<\/p>\n<h3>\u00c1rea externa + cozinha + sala de jantar<\/h3>\n<p>Esta \u00e9 uma op\u00e7\u00e3o especial para casas de veraneio. Afinal, nada melhor do que preparar uma boa comida ao ar livre, com uma boa \u00e1rea de lazer e descanso ao redor, na companhia de familiares e amigos.<\/p>\n<p>Para esse ambiente, uma decora\u00e7\u00e3o baseada em tons amadeirados, com <a href=\"https:\/\/pointer.com.br\/blog\/o-ladrilho-hidraulico-continua-na-moda-saiba-como-utiliza-lo-na-decoracao\/\" target=\"_blank\" rel=\"noopener\">ladrilhos hidr\u00e1ulicos<\/a> e <a href=\"https:\/\/pointer.com.br\/blog\/ceramica-amadeirada-2\/\" target=\"_blank\" rel=\"noopener\">revestimentos que reproduzem madeira<\/a> \u2013 como os da <a href=\"https:\/\/www.pointer.com.br\/revestimentos\/tropicalia\" target=\"_blank\" rel=\"noopener\">linha Tropicalia<\/a> \u2013 podem completar a atmosfera de acolhimento.<\/p>\n<p>Todas as combina\u00e7\u00f5es permitem tamb\u00e9m uma boa dose de <a href=\"https:\/\/pointer.com.br\/blog\/personalizacao-de-ambientes\/\" target=\"_blank\" rel=\"noopener\">personaliza\u00e7\u00e3o de ambientes<\/a>. Afinal, sua casa deve ter a sua personalidade!<\/p>\n<p>Agora que voc\u00ea j\u00e1 sabe como compor o seu espa\u00e7o multifuncional, assine a nossa newsletter e fique sempre por dentro de outras dicas para personalizar a sua casa!<\/p>\n","protected":false},"excerpt":{"rendered":"<p>Com os novos empreendimentos residenciais ficando cada vez mais compactos, ter um espa\u00e7o multifuncional em casa \u2014 ou at\u00e9 mais de um \u2014 \u00e9 uma maneira criativa de aproveitar da melhor maneira poss\u00edvel todas as [&hellip;]<\/p>\n","protected":false},"author":7,"featured_media":42268,"comment_status":"open","ping_status":"open","sticky":false,"template":"","format":"standard","meta":{"footnotes":""},"categories":[10],"tags":[],"class_list":["post-42267","post","type-post","status-publish","format-standard","has-post-thumbnail","hentry","category-dicas-pointer"],"acf":[],"_links":{"self":[{"href":"https:\/\/pointer.com.br\/blog\/wp-json\/wp\/v2\/posts\/42267","targetHints":{"allow":["GET"]}}],"collection":[{"href":"https:\/\/pointer.com.br\/blog\/wp-json\/wp\/v2\/posts"}],"about":[{"href":"https:\/\/pointer.com.br\/blog\/wp-json\/wp\/v2\/types\/post"}],"author":[{"embeddable":true,"href":"https:\/\/pointer.com.br\/blog\/wp-json\/wp\/v2\/users\/7"}],"replies":[{"embeddable":true,"href":"https:\/\/pointer.com.br\/blog\/wp-json\/wp\/v2\/comments?post=42267"}],"version-history":[{"count":1,"href":"https:\/\/pointer.com.br\/blog\/wp-json\/wp\/v2\/posts\/42267\/revisions"}],"predecessor-version":[{"id":42274,"href":"https:\/\/pointer.com.br\/blog\/wp-json\/wp\/v2\/posts\/42267\/revisions\/42274"}],"wp:featuredmedia":[{"embeddable":true,"href":"https:\/\/pointer.com.br\/blog\/wp-json\/wp\/v2\/media\/42268"}],"wp:attachment":[{"href":"https:\/\/pointer.com.br\/blog\/wp-json\/wp\/v2\/media?parent=42267"}],"wp:term":[{"taxonomy":"category","embeddable":true,"href":"https:\/\/pointer.com.br\/blog\/wp-json\/wp\/v2\/categories?post=42267"},{"taxonomy":"post_tag","embeddable":true,"href":"https:\/\/pointer.com.br\/blog\/wp-json\/wp\/v2\/tags?post=42267"}],"curies":[{"name":"wp","href":"https:\/\/api.w.org\/{rel}","templated":true}]}}