{"id":42131,"date":"2019-08-20T09:00:36","date_gmt":"2019-08-20T12:00:36","guid":{"rendered":"https:\/\/pointer.com.br\/blog\/?p=42131"},"modified":"2019-08-19T13:46:51","modified_gmt":"2019-08-19T16:46:51","slug":"brasilidade-a-decoracao","status":"publish","type":"post","link":"https:\/\/pointer.com.br\/blog\/brasilidade-a-decoracao\/","title":{"rendered":"Madeiras nacionais trazem mais brasilidade \u00e0 decora\u00e7\u00e3o"},"content":{"rendered":"<p>A cultura brasileira \u00e9 influenciada por diversos povos e essa mistura pode ser vista no modo como muitas casas s\u00e3o constru\u00eddas e decoradas. Entre os elementos mais utilizados para transmitir a brasilidade na decora\u00e7\u00e3o, podemos destacar diversos <a href=\"https:\/\/pointer.com.br\/blog\/casa-aconchegante\/\" target=\"_blank\" rel=\"noopener\">tipos de madeiras<\/a> nacionais.<\/p>\n<p>V\u00e1rias esp\u00e9cies inspiram o desenvolvimento de produtos que trazem os veios, os n\u00f3s, as cores e outros detalhes dessa incr\u00edvel mat\u00e9ria-prima. Quer saber quais s\u00e3o eles e como aplic\u00e1-los em diferentes ambientes? Continue a leitura e confira!<\/p>\n<h2>Revestimentos<\/h2>\n<div id=\"attachment_42136\" style=\"width: 1034px\" class=\"wp-caption aligncenter\"><img loading=\"lazy\" decoding=\"async\" aria-describedby=\"caption-attachment-42136\" class=\"wp-image-42136 size-large\" src=\"https:\/\/pointer.com.br\/blog\/wp-content\/uploads\/2019\/08\/Madeira-Mineira-Patina-Natural-30x60-2-1-1024x576.jpg\" alt=\"brasilidade na decora\u00e7\u00e3o\" width=\"1024\" height=\"576\" srcset=\"https:\/\/pointer.com.br\/blog\/wp-content\/uploads\/2019\/08\/Madeira-Mineira-Patina-Natural-30x60-2-1-1024x576.jpg 1024w, https:\/\/pointer.com.br\/blog\/wp-content\/uploads\/2019\/08\/Madeira-Mineira-Patina-Natural-30x60-2-1-300x169.jpg 300w, https:\/\/pointer.com.br\/blog\/wp-content\/uploads\/2019\/08\/Madeira-Mineira-Patina-Natural-30x60-2-1-768x432.jpg 768w, https:\/\/pointer.com.br\/blog\/wp-content\/uploads\/2019\/08\/Madeira-Mineira-Patina-Natural-30x60-2-1.jpg 1920w\" sizes=\"auto, (max-width: 1024px) 100vw, 1024px\" \/><p id=\"caption-attachment-42136\" class=\"wp-caption-text\">Quarto luxuoso decorado em tons terrosos, revestido com Madeira Mineira Patina Natural, da Linha Ra\u00edzes<\/p><\/div>\n<p>J\u00e1 pensou em poder desfrutar da est\u00e9tica \u00fanica das madeiras em paredes e <a href=\"https:\/\/pointer.com.br\/blog\/piso-de-ceramica\/\" target=\"_blank\" rel=\"noopener\">pisos de cer\u00e2mica<\/a>? Pois esse revestimento est\u00e1 dispon\u00edvel em modelos que reproduzem com perfei\u00e7\u00e3o a apar\u00eancia de diversas esp\u00e9cies nacionais.<\/p>\n<p>A cer\u00e2mica \u00e9 imperme\u00e1vel, tem maior resist\u00eancia, garante facilidade de limpeza e tem uma durabilidade maior. O produto traz essas vantagens sem deixar de lado a beleza caracter\u00edstica da madeira.<\/p>\n<p>Veja, a seguir, algumas op\u00e7\u00f5es de cer\u00e2mica para voc\u00ea utilizar em sua casa.<\/p>\n<h3>Madeiras claras<\/h3>\n<div id=\"attachment_42134\" style=\"width: 1034px\" class=\"wp-caption aligncenter\"><img loading=\"lazy\" decoding=\"async\" aria-describedby=\"caption-attachment-42134\" class=\"wp-image-42134 size-large\" src=\"https:\/\/pointer.com.br\/blog\/wp-content\/uploads\/2019\/08\/Madeira-Mineira-Patina-Branca-30x60-2-1-1024x576.jpg\" alt=\"brasilidade na decora\u00e7\u00e3o\" width=\"1024\" height=\"576\" srcset=\"https:\/\/pointer.com.br\/blog\/wp-content\/uploads\/2019\/08\/Madeira-Mineira-Patina-Branca-30x60-2-1-1024x576.jpg 1024w, https:\/\/pointer.com.br\/blog\/wp-content\/uploads\/2019\/08\/Madeira-Mineira-Patina-Branca-30x60-2-1-300x169.jpg 300w, https:\/\/pointer.com.br\/blog\/wp-content\/uploads\/2019\/08\/Madeira-Mineira-Patina-Branca-30x60-2-1-768x432.jpg 768w, https:\/\/pointer.com.br\/blog\/wp-content\/uploads\/2019\/08\/Madeira-Mineira-Patina-Branca-30x60-2-1.jpg 1920w\" sizes=\"auto, (max-width: 1024px) 100vw, 1024px\" \/><p id=\"caption-attachment-42134\" class=\"wp-caption-text\">Banheiro decorado em tons creme, revestido com Madeira Mineira Patina Branca, da Linha Ra\u00edzes \u2014 os tons claros deixam o ambiente elegante e iluminado<\/p><\/div>\n<p>A madeira com p\u00e1tina, comum na arquitetura de Minas Gerais, \u00e9 um \u00f3timo recurso para trabalhar a brasilidade na decora\u00e7\u00e3o. Nessa proposta, dois produtos se destacam pelo acabamento em tons claros e podem ser empregados tanto em pisos quanto em paredes.<\/p>\n<p>A primeira sugest\u00e3o \u00e9 a <a href=\"https:\/\/www.pointer.com.br\/revestimento\/mad-mineira-pat-natural-30X60-mate\" target=\"_blank\" rel=\"noopener\">Madeira Mineira Patina Natural<\/a>, da linha Ra\u00edzes. Com acabamento que reproduz a a\u00e7\u00e3o do tempo, proporciona um aspecto gasto e envelhecido \u00e0s t\u00e1buas. Por isso, fica interessante em ambientes com estilos que remetem a \u00e9pocas passadas, como o cl\u00e1ssico e o rom\u00e2ntico.<\/p>\n<p>Ainda assim, nada impede que o produto seja aproveitado em temas mais atuais, como o minimalista ou contempor\u00e2neo. Nesse caso, para equilibrar o visual novo com o antigo, o ideal \u00e9 aplicar o revestimento nos detalhes \u2014 em forma de cabeceira ou painel de parede, por exemplo.<\/p>\n<p>Outra op\u00e7\u00e3o interessante da mesma linha \u00e9 a <a href=\"https:\/\/www.pointer.com.br\/revestimento\/madeira-mineira-patina-branca-15X90-mate\" target=\"_blank\" rel=\"noopener\">Madeira Mineira Patina Branca<\/a>. Nesse modelo, o acabamento fica mais vis\u00edvel, deixando as t\u00e1buas mais claras que a vers\u00e3o anterior. Por esse motivo, \u00e9 uma \u00f3tima escolha para composi\u00e7\u00f5es clean e estilos que valorizam a simplicidade, como o escandinavo.<\/p>\n<h3>Madeiras escuras<\/h3>\n<div id=\"attachment_42135\" style=\"width: 1034px\" class=\"wp-caption aligncenter\"><img loading=\"lazy\" decoding=\"async\" aria-describedby=\"caption-attachment-42135\" class=\"wp-image-42135 size-large\" src=\"https:\/\/pointer.com.br\/blog\/wp-content\/uploads\/2019\/08\/Ilhei\u0300us-Fendi-15x90-2-1-1024x576.jpg\" alt=\"brasilidade na decora\u00e7\u00e3o\" width=\"1024\" height=\"576\" srcset=\"https:\/\/pointer.com.br\/blog\/wp-content\/uploads\/2019\/08\/Ilhei\u0300us-Fendi-15x90-2-1-1024x576.jpg 1024w, https:\/\/pointer.com.br\/blog\/wp-content\/uploads\/2019\/08\/Ilhei\u0300us-Fendi-15x90-2-1-300x169.jpg 300w, https:\/\/pointer.com.br\/blog\/wp-content\/uploads\/2019\/08\/Ilhei\u0300us-Fendi-15x90-2-1-768x432.jpg 768w\" sizes=\"auto, (max-width: 1024px) 100vw, 1024px\" \/><p id=\"caption-attachment-42135\" class=\"wp-caption-text\">Cozinha revestida com Ilh\u00e9us Fendi, da Linha Tropic\u00e1lia. As cadeiras amarelas e os quadros d\u00e3o um toque de cor ao ambiente, harmonizando com o tom s\u00f3brio da madeira<\/p><\/div>\n<p>Na categoria de cer\u00e2micas que reproduzem madeiras escuras, destacamos o produto <a href=\"https:\/\/www.pointer.com.br\/revestimento\/ilheus-fendi-15X90-mate\" target=\"_blank\" rel=\"noopener\">Ilheus Fendi<\/a>, da linha Tropicalia. Atraente devido ao seu tom acinzentado, ele \u00e9 inspirado no piso da casa do escritor brasileiro Jorge Amado, localizada na Bahia.<\/p>\n<p>O modelo funciona tanto em pisos quanto em paredes, principalmente se o objetivo \u00e9 fazer com que essas superf\u00edcies se tornem destaque na decora\u00e7\u00e3o. Um aspecto que contribui para o acabamento de qualidade \u00e9 a borda retificada das placas, que permite o assentamento com juntas menores.<\/p>\n<div id=\"attachment_42133\" style=\"width: 1034px\" class=\"wp-caption aligncenter\"><img loading=\"lazy\" decoding=\"async\" aria-describedby=\"caption-attachment-42133\" class=\"wp-image-42133 size-large\" src=\"https:\/\/pointer.com.br\/blog\/wp-content\/uploads\/2019\/08\/Deck-Sucupira-60x60-2-1-1-1024x576.jpg\" alt=\"brasilidade na decora\u00e7\u00e3o\" width=\"1024\" height=\"576\" srcset=\"https:\/\/pointer.com.br\/blog\/wp-content\/uploads\/2019\/08\/Deck-Sucupira-60x60-2-1-1-1024x576.jpg 1024w, https:\/\/pointer.com.br\/blog\/wp-content\/uploads\/2019\/08\/Deck-Sucupira-60x60-2-1-1-300x169.jpg 300w, https:\/\/pointer.com.br\/blog\/wp-content\/uploads\/2019\/08\/Deck-Sucupira-60x60-2-1-1-768x432.jpg 768w, https:\/\/pointer.com.br\/blog\/wp-content\/uploads\/2019\/08\/Deck-Sucupira-60x60-2-1-1.jpg 1920w\" sizes=\"auto, (max-width: 1024px) 100vw, 1024px\" \/><p id=\"caption-attachment-42133\" class=\"wp-caption-text\">Sala de estar bem decorada com tem\u00e1tica tropical, revestida com Deck Sucupira, da Linha Lenho<\/p><\/div>\n<p>Outra alternativa com cor escura \u00e9 o <a href=\"https:\/\/www.pointer.com.br\/revestimento\/deck-sucupira-60X60-ext\" target=\"_blank\" rel=\"noopener\">Deck Sucupira<\/a>, da linha Lenho. A sucupira \u00e9 uma madeira presente em \u00e1reas de Mata Atl\u00e2ntica e, como o produto vem em placas com t\u00e1buas dispostas lado a lado, reproduzindo um deck, fica incr\u00edvel em pisos de ambientes externos \u2014 \u00e1reas de piscina, varandas, quiosques com churrasqueira etc. Tamb\u00e9m funciona bem em paredes que sirvam como pano de fundo para plantas.<\/p>\n<h2>Cores brasileiras<\/h2>\n<p>Al\u00e9m das <a href=\"https:\/\/pointer.com.br\/blog\/madeiras-brasileiras\/\" target=\"_blank\" rel=\"noopener\">madeiras nacionais<\/a>, outros recursos podem ser \u00fateis para agregar um toque de brasilidade aos espa\u00e7os da sua casa. E nada melhor que a diversidade de cores para representar a cultura rica e variada de nosso pa\u00eds.<\/p>\n<p>Op\u00e7\u00f5es vibrantes, como vermelho, amarelo e laranja, s\u00e3o perfeitas para alegrar os ambientes. Elas tamb\u00e9m ajudam a criar pontos de contraste sobre fundos neutros, como uma parede branca ou um piso de cimento queimado. Se quiser combin\u00e1-las sem exageros, o ideal \u00e9 utiliz\u00e1-las em objetos pequenos.<\/p>\n<p>Cartelas com tons mais frios, como roxo, verde e azul, tamb\u00e9m s\u00e3o bem-vindas. Voc\u00ea pode aplic\u00e1-las separadamente, em determinados elementos, ou escolher estampas que tragam essas tonalidades em seus desenhos.<\/p>\n<p>E, por falar em estampas, alguns dos padr\u00f5es favoritos incluem figuras inspiradas na fauna e flora do Brasil. Assim, imagens com grandes folhagens, aves e diversas esp\u00e9cies de flores se tornam perfeitas para tecidos, adesivos e pap\u00e9is de parede.<\/p>\n<p>Quem prefere uma paleta que harmoniza com as madeiras claras ou escuras pode optar por cores que lembrem mat\u00e9rias-primas naturais. Bege, marrom, vinho, areia, marsala e outros tons terrosos costumam funcionar bem.<\/p>\n<h2>Mobili\u00e1rio<\/h2>\n<div id=\"attachment_42137\" style=\"width: 1034px\" class=\"wp-caption aligncenter\"><img loading=\"lazy\" decoding=\"async\" aria-describedby=\"caption-attachment-42137\" class=\"wp-image-42137 size-large\" src=\"https:\/\/pointer.com.br\/blog\/wp-content\/uploads\/2019\/08\/Ilhei\u0300us-Fendi-15x90-3-1-1024x576.jpg\" alt=\"brasilidade na decora\u00e7\u00e3o\" width=\"1024\" height=\"576\" srcset=\"https:\/\/pointer.com.br\/blog\/wp-content\/uploads\/2019\/08\/Ilhei\u0300us-Fendi-15x90-3-1-1024x576.jpg 1024w, https:\/\/pointer.com.br\/blog\/wp-content\/uploads\/2019\/08\/Ilhei\u0300us-Fendi-15x90-3-1-300x169.jpg 300w, https:\/\/pointer.com.br\/blog\/wp-content\/uploads\/2019\/08\/Ilhei\u0300us-Fendi-15x90-3-1-768x432.jpg 768w\" sizes=\"auto, (max-width: 1024px) 100vw, 1024px\" \/><p id=\"caption-attachment-42137\" class=\"wp-caption-text\">\u00c1rea externa decorada com plantas tropicais que combinam com o revestimento Ilh\u00e9us Fendi, da Linha Tropic\u00e1lia<\/p><\/div>\n<p>Na decora\u00e7\u00e3o, o pluralismo cultural do pa\u00eds fica evidente com a utiliza\u00e7\u00e3o de estilos distintos. Isso tamb\u00e9m vale para os <a href=\"https:\/\/pointer.com.br\/blog\/moveis-brasileiros\/\" target=\"_blank\" rel=\"noopener\">m\u00f3veis brasileiros<\/a>, que costumam trazer cores, formas e acabamentos variados. A madeira, claro, \u00e9 um dos materiais preferidos para a fabrica\u00e7\u00e3o de pe\u00e7as residenciais.<\/p>\n<p>Esp\u00e9cies nativas, como Aroeira e Imbuia, podem surgir na composi\u00e7\u00e3o de mesas, bancos, cadeiras e outros itens b\u00e1sicos. Se houver um m\u00f3vel muito antigo e desgastado, voc\u00ea pode atualiz\u00e1-lo com pintura em tom vibrante ou com uma camada de verniz.<\/p>\n<p>Outra boa ideia \u00e9 utilizar a cer\u00e2mica amadeirada para revestir partes do mobili\u00e1rio: um tampo de bancada, uma base de balc\u00e3o, um painel de TV, um nicho embutido na parede etc. Esse revestimento pode ser assentado facilmente sobre superf\u00edcies planas e regulares.<\/p>\n<p>Pe\u00e7as com design assinado tamb\u00e9m s\u00e3o essenciais em um projeto que valorize a brasilidade na decora\u00e7\u00e3o. Afinal, s\u00e3o concebidas por profissionais renomados, que se preocupam em trabalhar com um conceito para agregar personalidade a cada produto. Os principais designers modernos e contempor\u00e2neos da brasilidade s\u00e3o Sergio Rodrigues, Paulo Alves, Carlos Motta, Jorge Zalszupin e Zanine Caldas.<\/p>\n<h2>Acess\u00f3rios<\/h2>\n<p>Habitantes de todas as regi\u00f5es do Brasil t\u00eam seus costumes e tradi\u00e7\u00f5es. Logo, \u00e9 esperado que a composi\u00e7\u00e3o de muitas casas reflita o modo de viver dessas pessoas. \u00c9 comum o uso de pe\u00e7as feitas com base no artesanato local, de enfeites que s\u00e3o passados de uma gera\u00e7\u00e3o a outra, entre outros recursos.<\/p>\n<p>Itens de <a href=\"https:\/\/pointer.com.br\/blog\/decoracao-do-nordeste\/\" target=\"_blank\" rel=\"noopener\">decora\u00e7\u00e3o do Nordeste<\/a>, por exemplo, s\u00e3o famosos pelas cores chamativas e pelo uso de materiais naturais. Cestos de palha, almofadas de chita e renda branca s\u00e3o bons exemplos. Quando combinados em um ambiente, esses elementos conseguem transmitir um pouco da hist\u00f3ria e dos h\u00e1bitos de seus moradores.<\/p>\n<p>Portanto, vale a pena explorar artigos que deixem a apar\u00eancia dos espa\u00e7os personalizada. Uma boa forma de fazer isso \u00e9 unir elementos caracter\u00edsticos da cultura brasileira a solu\u00e7\u00f5es decorativas de sua prefer\u00eancia.<\/p>\n<p>E ent\u00e3o, ficou com vontade de colocar nossas dicas em pr\u00e1tica? Procure come\u00e7ar o projeto com as cer\u00e2micas que reproduzem madeiras nacionais antes de inserir os complementos. Dessa forma, o desafio de trabalhar com a brasilidade na decora\u00e7\u00e3o ficar\u00e1 muito mais f\u00e1cil.<\/p>\n<p>Agora, se tem interesse em conferir todas as op\u00e7\u00f5es de cer\u00e2micas amadeiradas da Pointer, <a href=\"https:\/\/www.pointer.com.br\/contato\" target=\"_blank\" rel=\"noopener\">entre em contato conosco<\/a> e converse com a equipe de atendimento!<\/p>\n","protected":false},"excerpt":{"rendered":"<p>A cultura brasileira \u00e9 influenciada por diversos povos e essa mistura pode ser vista no modo como muitas casas s\u00e3o constru\u00eddas e decoradas. Entre os elementos mais utilizados para transmitir a brasilidade na decora\u00e7\u00e3o, podemos [&hellip;]<\/p>\n","protected":false},"author":7,"featured_media":42132,"comment_status":"open","ping_status":"open","sticky":false,"template":"","format":"standard","meta":{"footnotes":""},"categories":[10],"tags":[],"class_list":["post-42131","post","type-post","status-publish","format-standard","has-post-thumbnail","hentry","category-dicas-pointer"],"acf":[],"_links":{"self":[{"href":"https:\/\/pointer.com.br\/blog\/wp-json\/wp\/v2\/posts\/42131","targetHints":{"allow":["GET"]}}],"collection":[{"href":"https:\/\/pointer.com.br\/blog\/wp-json\/wp\/v2\/posts"}],"about":[{"href":"https:\/\/pointer.com.br\/blog\/wp-json\/wp\/v2\/types\/post"}],"author":[{"embeddable":true,"href":"https:\/\/pointer.com.br\/blog\/wp-json\/wp\/v2\/users\/7"}],"replies":[{"embeddable":true,"href":"https:\/\/pointer.com.br\/blog\/wp-json\/wp\/v2\/comments?post=42131"}],"version-history":[{"count":1,"href":"https:\/\/pointer.com.br\/blog\/wp-json\/wp\/v2\/posts\/42131\/revisions"}],"predecessor-version":[{"id":42138,"href":"https:\/\/pointer.com.br\/blog\/wp-json\/wp\/v2\/posts\/42131\/revisions\/42138"}],"wp:featuredmedia":[{"embeddable":true,"href":"https:\/\/pointer.com.br\/blog\/wp-json\/wp\/v2\/media\/42132"}],"wp:attachment":[{"href":"https:\/\/pointer.com.br\/blog\/wp-json\/wp\/v2\/media?parent=42131"}],"wp:term":[{"taxonomy":"category","embeddable":true,"href":"https:\/\/pointer.com.br\/blog\/wp-json\/wp\/v2\/categories?post=42131"},{"taxonomy":"post_tag","embeddable":true,"href":"https:\/\/pointer.com.br\/blog\/wp-json\/wp\/v2\/tags?post=42131"}],"curies":[{"name":"wp","href":"https:\/\/api.w.org\/{rel}","templated":true}]}}