{"id":42037,"date":"2019-07-03T09:00:47","date_gmt":"2019-07-03T12:00:47","guid":{"rendered":"https:\/\/pointer.com.br\/blog\/?p=42037"},"modified":"2019-09-03T11:44:42","modified_gmt":"2019-09-03T14:44:42","slug":"destinos-nada-obvios","status":"publish","type":"post","link":"https:\/\/pointer.com.br\/blog\/destinos-nada-obvios\/","title":{"rendered":"6 destinos nada \u00f3bvios no Norte e no Nordeste para aproveitar as f\u00e9rias"},"content":{"rendered":"<p>Viajar para o Norte e para o Nordeste \u00e9 um dos passeios tur\u00edsticos favoritos dos brasileiros. Mesmo no inverno das f\u00e9rias de julho, estados como Cear\u00e1, Bahia, Alagoas e Pernambuco s\u00e3o quentes e paradis\u00edacos.<\/p>\n<p>Al\u00e9m dos lugares mais visitados, existem outros destinos nada \u00f3bvios, quase secretos, que acabam surpreendendo os turistas \u2014 uma excelente op\u00e7\u00e3o para aqueles que desejam fugir do turismo de massa.<\/p>\n<p>Pensando nisso, preparamos algumas sugest\u00f5es de destinos para voc\u00ea descobrir e se encantar nas pr\u00f3ximas f\u00e9rias. Confira!<\/p>\n<h2>1. Canind\u00e9 de S\u00e3o Francisco, Sergipe<\/h2>\n<div id=\"attachment_42039\" style=\"width: 1034px\" class=\"wp-caption aligncenter\"><img loading=\"lazy\" decoding=\"async\" aria-describedby=\"caption-attachment-42039\" class=\"wp-image-42039 size-large\" src=\"https:\/\/pointer.com.br\/blog\/wp-content\/uploads\/2019\/07\/GettyImages-584576514-1-1-1024x683.jpg\" alt=\"destinos nada \u00f3bvios\" width=\"1024\" height=\"683\" srcset=\"https:\/\/pointer.com.br\/blog\/wp-content\/uploads\/2019\/07\/GettyImages-584576514-1-1-1024x683.jpg 1024w, https:\/\/pointer.com.br\/blog\/wp-content\/uploads\/2019\/07\/GettyImages-584576514-1-1-300x200.jpg 300w, https:\/\/pointer.com.br\/blog\/wp-content\/uploads\/2019\/07\/GettyImages-584576514-1-1-768x512.jpg 768w, https:\/\/pointer.com.br\/blog\/wp-content\/uploads\/2019\/07\/GettyImages-584576514-1-1.jpg 1800w\" sizes=\"auto, (max-width: 1024px) 100vw, 1024px\" \/><p id=\"caption-attachment-42039\" class=\"wp-caption-text\">Passeios de camat\u00e3 que s\u00e3o feitos entre os famosos c\u00e2nions do Xing\u00f3, em Canind\u00e9 de S\u00e3o Francisco no Sergipe<\/p><\/div>\n<p>O lugar \u00e9 marcado pela hist\u00f3ria do canga\u00e7o e apresenta aos turistas as mais belas forma\u00e7\u00f5es rochosas e paisagens envolvidas por um rio muito famoso no pa\u00eds: o S\u00e3o Francisco.<\/p>\n<p>Os passeios de camat\u00e3, realizados entre os famosos c\u00e2nions do Xing\u00f3, s\u00e3o a grande atra\u00e7\u00e3o de Canind\u00e9 de S\u00e3o Francisco. Um passeio de barco tranquilo leva os visitantes at\u00e9 uma dist\u00e2ncia muito pr\u00f3xima desses pared\u00f5es, sendo poss\u00edvel pegar barcos menores e navegar pelas \u00e1guas.<\/p>\n<p class=\"ql-align-justify\">O aeroporto mais indicado \u00e9 o de Aracaju. De l\u00e1, \u00e9 preciso seguir por 200 km at\u00e9 o destino de carro ou \u00f4nibus. De carro, o trajeto leva cerca de 3 horas, pela BR-235 e SE-175. H\u00e1 bastante oferta de \u00f4nibus.<\/p>\n<p class=\"ql-align-justify\">A Pousada Cec\u00edlia S\u00e3o Francisco e o Xing\u00f3 Parque Hotel Resort s\u00e3o \u00f3timas op\u00e7\u00f5es de hospedagem na cidade.<\/p>\n<h2 class=\"ql-align-justify\">2. Praia do Patacho, Alagoas<\/h2>\n<div id=\"attachment_42040\" style=\"width: 1034px\" class=\"wp-caption aligncenter\"><img loading=\"lazy\" decoding=\"async\" aria-describedby=\"caption-attachment-42040\" class=\"wp-image-42040 size-large\" src=\"https:\/\/pointer.com.br\/blog\/wp-content\/uploads\/2019\/07\/GettyImages-1034528372-1-1024x683.jpg\" alt=\"destinos nada \u00f3bvios\" width=\"1024\" height=\"683\" srcset=\"https:\/\/pointer.com.br\/blog\/wp-content\/uploads\/2019\/07\/GettyImages-1034528372-1-1024x683.jpg 1024w, https:\/\/pointer.com.br\/blog\/wp-content\/uploads\/2019\/07\/GettyImages-1034528372-1-300x200.jpg 300w, https:\/\/pointer.com.br\/blog\/wp-content\/uploads\/2019\/07\/GettyImages-1034528372-1-768x512.jpg 768w\" sizes=\"auto, (max-width: 1024px) 100vw, 1024px\" \/><p id=\"caption-attachment-42040\" class=\"wp-caption-text\">A Praia do Patacho com \u00e1guas cristalinas de cor bem azulada \u00e9 um \u00f3timo destino para aqueles que gostam de estar perto da natureza<\/p><\/div>\n<p>O estado do<a href=\"https:\/\/pointer.com.br\/blog\/sao-joao-de-alagoas\/\" target=\"_blank\" rel=\"noopener\"> Alagoas<\/a> tem muitas<a href=\"https:\/\/pointer.com.br\/blog\/praias-do-nordeste\/\" target=\"_blank\" rel=\"noopener\"> praias maravilhosas<\/a>, com \u00e1guas cristalinas de cor azulada e areias brancas com coqueiros \u00e0 sua margem.<\/p>\n<p>A Praia do Patacho \u00e9 um exemplo de lugar espetacular que os turistas podem encontrar no estado, um destino muito indicado para aqueles que gostam de estar perto da natureza e da tranquilidade.<\/p>\n<p>A praia fica no munic\u00edpio de Porto de Pedras, a aproximadamente 20 km da famosa Maragogi. \u00c9 um local distante dos com\u00e9rcios e da correria do dia a dia, sendo, portanto, o melhor ambiente para ter dias calmos e rom\u00e2nticos. A praia \u00e9 deserta e h\u00e1 algumas pousadas lindas ao seu redor.<\/p>\n<p>O Aeroporto Internacional de Macei\u00f3 \u2014 Zumbi dos Palmares \u2014 \u00e9 o que fica mais pr\u00f3ximo do local. De l\u00e1, s\u00e3o aproximadamente 2 horas de carro, cerca de 120 km pelas AL-101 e AL-105, at\u00e9 a Praia do Patacho.<\/p>\n<p>Uma boa dica de hospedagem \u00e9 a Pousada Reserva do Patacho, que tem uma \u00f3tima estrutura.<\/p>\n<h2>3. Cabaceiras, Para\u00edba<\/h2>\n<div id=\"attachment_42042\" style=\"width: 1034px\" class=\"wp-caption aligncenter\"><img loading=\"lazy\" decoding=\"async\" aria-describedby=\"caption-attachment-42042\" class=\"wp-image-42042 size-large\" src=\"https:\/\/pointer.com.br\/blog\/wp-content\/uploads\/2019\/07\/GettyImages-1009647352-1-1-1024x683.jpg\" alt=\"destinos nada \u00f3bvios\" width=\"1024\" height=\"683\" srcset=\"https:\/\/pointer.com.br\/blog\/wp-content\/uploads\/2019\/07\/GettyImages-1009647352-1-1-1024x683.jpg 1024w, https:\/\/pointer.com.br\/blog\/wp-content\/uploads\/2019\/07\/GettyImages-1009647352-1-1-300x200.jpg 300w, https:\/\/pointer.com.br\/blog\/wp-content\/uploads\/2019\/07\/GettyImages-1009647352-1-1-768x512.jpg 768w, https:\/\/pointer.com.br\/blog\/wp-content\/uploads\/2019\/07\/GettyImages-1009647352-1-1.jpg 1800w\" sizes=\"auto, (max-width: 1024px) 100vw, 1024px\" \/><p id=\"caption-attachment-42042\" class=\"wp-caption-text\">Lajedo de Pai Mateus local onde os visitantes encontram o \u00e1pice da beleza natural, localizado em Cabaceiras na Para\u00edba<\/p><\/div>\n<p>Cidade da regi\u00e3o do Cariri, Cabaceiras fica na regi\u00e3o \u00e1rida do <a href=\"https:\/\/pointer.com.br\/blog\/artesanato-nordestino\/\" target=\"_blank\" rel=\"noopener\">Nordeste<\/a>. Estamos falando de um polo cinematogr\u00e1fico, onde 30 filmes nacionais j\u00e1 foram gravados. Um deles \u00e9 bastante famoso e, certamente, voc\u00ea conhece: \u201cO Auto da Compadecida\u201d, de Guel Arraes, que se inspirou na obra do autor Ariano Suassuna.<\/p>\n<p>Qual seria o motivo da procura por uma cidade t\u00e3o pequena, de apenas cinco mil habitantes, para ser cena de filmes? A resposta \u00e9: pela sua natureza encantadora, surpreendente e ex\u00f3tica, que acaba tornando o ecoturismo uma atividade procurada por l\u00e1.<\/p>\n<p>\u00c9 no Lajedo de Pai Mateus que os visitantes v\u00e3o encontrar o \u00e1pice da beleza natural. O local \u00e9 composto por mais ou menos cem blocos de granito variados, como a Pedra do Capacete. Outros pontos que atraem as pessoas na cidade s\u00e3o: o Memorial Cinematogr\u00e1fico, a Cadeia P\u00fablica e a Igreja de Nossa Senhora da Concei\u00e7\u00e3o.<\/p>\n<p>O aeroporto mais pr\u00f3ximo do local \u00e9 o Internacional do Recife\/Guararapes \u2014 Gilberto Freyre. Depois ainda s\u00e3o cerca de 220 km pela Rodovia Terezinha Lins Pessoa sentido interior, numa viagem de 4 horas.<\/p>\n<p>Para hospedagem, \u00f3timas dicas s\u00e3o a Pousada da Ema e a Pousada Familiar Shalom.<\/p>\n<h2>4. Alter do Ch\u00e3o, Par\u00e1<\/h2>\n<div id=\"attachment_42043\" style=\"width: 1034px\" class=\"wp-caption aligncenter\"><img loading=\"lazy\" decoding=\"async\" aria-describedby=\"caption-attachment-42043\" class=\"wp-image-42043 size-large\" src=\"https:\/\/pointer.com.br\/blog\/wp-content\/uploads\/2019\/07\/GettyImages-622286484-1-1024x768.jpg\" alt=\"destinos nada \u00f3bvios\" width=\"1024\" height=\"768\" srcset=\"https:\/\/pointer.com.br\/blog\/wp-content\/uploads\/2019\/07\/GettyImages-622286484-1-1024x768.jpg 1024w, https:\/\/pointer.com.br\/blog\/wp-content\/uploads\/2019\/07\/GettyImages-622286484-1-300x225.jpg 300w, https:\/\/pointer.com.br\/blog\/wp-content\/uploads\/2019\/07\/GettyImages-622286484-1-768x576.jpg 768w, https:\/\/pointer.com.br\/blog\/wp-content\/uploads\/2019\/07\/GettyImages-622286484-1.jpg 2000w\" sizes=\"auto, (max-width: 1024px) 100vw, 1024px\" \/><p id=\"caption-attachment-42043\" class=\"wp-caption-text\">A Ilha do Amor, localizada em Alter do Ch\u00e3o, \u00e9 conhecida como o Caribe amaz\u00f4nico<\/p><\/div>\n<p>A vila de Alter do Ch\u00e3o \u00e9 conhecida como o Caribe amaz\u00f4nico e fica a aproximadamente 35 km de Santar\u00e9m.<\/p>\n<p>O lugar \u00e9 sucesso em publica\u00e7\u00f5es fora do Brasil, tendo sido citado pelo famoso jornal \u201cThe Guardian\u201d. O Rio Tapaj\u00f3s \u00e9 um ponto no local que precisa ser conhecido \u2014 suas \u00e1guas s\u00e3o mornas e a areia incrivelmente branca.<\/p>\n<p>Alter do Ch\u00e3o fica a cerca de 729 km do Aeroporto Val-de-Cans, em Bel\u00e9m. De l\u00e1, \u00e9 poss\u00edvel fazer uma viagem de barco at\u00e9 a cidade de Santar\u00e9m, onde h\u00e1 \u00f4nibus que saem diariamente para o local.\u00a0Um local isolado, mas que tem se tornado cada vez mais procurado por turistas brasileiros e internacionais.<\/p>\n<p>Para aqueles que gostam de ficar mais pr\u00f3ximos do agito, uma op\u00e7\u00e3o \u00e9 se hospedar no centro. A Pousada Vila de Alter Boutique \u00e9 uma boa op\u00e7\u00e3o de hospedagem.<\/p>\n<h2>5. Cabo de Santo Agostinho, Pernambuco<\/h2>\n<div id=\"attachment_42044\" style=\"width: 1034px\" class=\"wp-caption aligncenter\"><img loading=\"lazy\" decoding=\"async\" aria-describedby=\"caption-attachment-42044\" class=\"wp-image-42044 size-large\" src=\"https:\/\/pointer.com.br\/blog\/wp-content\/uploads\/2019\/07\/GettyImages-930675090-1-1024x683.jpg\" alt=\"destinos nada \u00f3bvios\" width=\"1024\" height=\"683\" srcset=\"https:\/\/pointer.com.br\/blog\/wp-content\/uploads\/2019\/07\/GettyImages-930675090-1-1024x683.jpg 1024w, https:\/\/pointer.com.br\/blog\/wp-content\/uploads\/2019\/07\/GettyImages-930675090-1-300x200.jpg 300w, https:\/\/pointer.com.br\/blog\/wp-content\/uploads\/2019\/07\/GettyImages-930675090-1-768x512.jpg 768w\" sizes=\"auto, (max-width: 1024px) 100vw, 1024px\" \/><p id=\"caption-attachment-42044\" class=\"wp-caption-text\">A Praia de Calhetas \u00e9 um dos lugares mais bonitos do pa\u00eds, localizada em Cabo de S\u00e3o Agostinho no Pernambuco<\/p><\/div>\n<p>Cabo de S\u00e3o Agostinho \u00e9 um lugar \u00fanico, com suas belas praias e belezas naturais que encantam todos que visitam o local. A Praia de Calhetas \u00e9 a mais famosa.<\/p>\n<p>O local re\u00fane v\u00e1rios monumentos hist\u00f3ricos, como a Igreja de Nossa Senhora de Nazar\u00e9, o Forte Castelo do Mar, que foi constru\u00eddo com o pr\u00f3prio granito do local, o Engenho Massanganao, as ru\u00ednas do Convento Carmelita, a Festa da Lavadeira, entre muitos outros. Al\u00e9m disso, Cabo de Santo Agostinho \u00e9 rico em artesanato.<\/p>\n<p>Para os aventureiros, \u00e9 poss\u00edvel fazer rapel, escaladas e voo de asa delta no Mirante da Pedra da Pimenta, aproveitando a paisagem magn\u00edfica. Passeios de bike ou caminhadas exploram as matas.<\/p>\n<p>Cabo de Santo Agostinho est\u00e1 a cerca de 30 km da capital Recife. De carro, basta seguir pela BR-101 a partir da Zona Norte de Recife e, depois, pela PE-060 at\u00e9 chegar em Gaibu. Existe tamb\u00e9m a op\u00e7\u00e3o de ir de \u00f4nibus, pois h\u00e1 empresas que partem diariamente da capital para a cidade.<\/p>\n<p>Algumas op\u00e7\u00f5es de hospedagem s\u00e3o: Vila Gal\u00e9 Eco Resort do Cabo, Hotel Canarius D\u2019Gaibu e Intercity Suape Costa Dourada.<\/p>\n<h2>6. Jalap\u00e3o, Tocantins<\/h2>\n<div id=\"attachment_42045\" style=\"width: 1034px\" class=\"wp-caption aligncenter\"><img loading=\"lazy\" decoding=\"async\" aria-describedby=\"caption-attachment-42045\" class=\"wp-image-42045 size-large\" src=\"https:\/\/pointer.com.br\/blog\/wp-content\/uploads\/2019\/07\/GettyImages-1151197973-1-1024x683.jpg\" alt=\"destinos nada \u00f3bvios\" width=\"1024\" height=\"683\" srcset=\"https:\/\/pointer.com.br\/blog\/wp-content\/uploads\/2019\/07\/GettyImages-1151197973-1-1024x683.jpg 1024w, https:\/\/pointer.com.br\/blog\/wp-content\/uploads\/2019\/07\/GettyImages-1151197973-1-300x200.jpg 300w, https:\/\/pointer.com.br\/blog\/wp-content\/uploads\/2019\/07\/GettyImages-1151197973-1-768x512.jpg 768w\" sizes=\"auto, (max-width: 1024px) 100vw, 1024px\" \/><p id=\"caption-attachment-42045\" class=\"wp-caption-text\">O Jalap\u00e3o, localizado no Tocantins \u00e9 o destino ideal para quem \u00e9 apaixonado pelo turismo e ecoturismo de aventura<\/p><\/div>\n<p>Este \u00e9 um destino ideal para quem \u00e9 apaixonado pelo turismo e ecoturismo de aventura. A regi\u00e3o, que fica localizada no estado do Tocantins, encanta os visitantes por suas \u00e1guas abundantes, serras com clima de savana e grandes chapad\u00f5es, al\u00e9m, \u00e9 claro, da paisagem de cerrado, forma\u00e7\u00f5es rochosas e rios com cachoeiras incr\u00edveis.<\/p>\n<p>Algumas atra\u00e7\u00f5es desse lugar incr\u00edvel s\u00e3o:<\/p>\n<ul>\n<li>os povoados da Prata e do Mumbuca: comunidades que possibilitam que as pessoas aproveitem a cultura dos quilombos;<\/li>\n<li>a Cachoeira da Velha: imensa queda d\u2019\u00e1gua, em formato de ferradura, com 15 metros de altura e aproximadamente 100 metros de largura;<\/li>\n<li>a Serra do Esp\u00edrito Santo: forma\u00e7\u00e3o rochosa na qual os turistas t\u00eam a oportunidade de apreciar a<a href=\"https:\/\/pointer.com.br\/blog\/tecnologias-para-ajudar-a-cultivar-plantas-em-casa\/\" target=\"_blank\" rel=\"noopener\"> flora<\/a> do lugar;<\/li>\n<li>as Dunas: s\u00e3o compostas por areias de cor alaranjada e finas que podem chegar a 40 metros de altura \u2014 \u00e9 realmente o cart\u00e3o-postal do Jalap\u00e3o;<\/li>\n<li>os Fervedouros: \u00e9 imposs\u00edvel afundar nas \u00e1guas transparentes dos Fervedouros \u2014 uma experi\u00eancia inesquec\u00edvel para quem visita o lugar.<\/li>\n<\/ul>\n<p>No Jalap\u00e3o h\u00e1 uma grande preocupa\u00e7\u00e3o com a preserva\u00e7\u00e3o da natureza local, que \u00e9 representada por diversos instrumentos, como o Parque Nacional das Nascentes do Rio Parna\u00edba, o Parque Estadual do Jalap\u00e3o, a \u00c1rea de Preserva\u00e7\u00e3o Ambiental, a Esta\u00e7\u00e3o Ecol\u00f3gica da Serra Geral do Tocantins e a \u00c1rea de Prote\u00e7\u00e3o Ambiental (APA) Jalap\u00e3o.<\/p>\n<p>De Palmas at\u00e9 o Jalap\u00e3o s\u00e3o, aproximadamente, 195 km de estradas asfaltadas que levam at\u00e9 a Ponte Alta do Tocantins, porta de entrada principal para o Jalap\u00e3o. Para chegar \u00e0 cidade, \u00e9 preciso seguir pela TO-050 at\u00e9 Porto Nacional e, depois, pela TO-255 at\u00e9 Ponte Alta. A partir desse ponto, h\u00e1 apenas estradas de terra. Para se hospedar no local, \u00e9 poss\u00edvel escolher entre pousadas simples e campings.<\/p>\n<p>Se voc\u00ea quer fugir um pouco do roteiro tradicional de turismo, n\u00e3o deixe de aproveitar esses destinos nada \u00f3bvios no Norte e no Nordeste do Brasil que separamos para voc\u00ea. N\u00e3o tenha d\u00favidas de que voc\u00ea far\u00e1 uma viagem maravilhosa para guardar para sempre na mem\u00f3ria! N\u00e3o se esque\u00e7a de levar a c\u00e2mera fotogr\u00e1fica, pois h\u00e1 muitas belezas naturais nesses lugares!<\/p>\n<p>Gostou de saber mais sobre esses destinos incr\u00edveis? Ent\u00e3o, aproveite para compartilhar o texto nas suas redes sociais. Assim, seus amigos tamb\u00e9m saber\u00e3o poder\u00e3o aproveitar as<a href=\"https:\/\/pointer.com.br\/blog\/ferias-de-julho\/\" target=\"_blank\" rel=\"noopener\"> f\u00e9rias<\/a> para conhecer esses lugares!<\/p>\n","protected":false},"excerpt":{"rendered":"<p>Viajar para o Norte e para o Nordeste \u00e9 um dos passeios tur\u00edsticos favoritos dos brasileiros. Mesmo no inverno das f\u00e9rias de julho, estados como Cear\u00e1, Bahia, Alagoas e Pernambuco s\u00e3o quentes e paradis\u00edacos. Al\u00e9m [&hellip;]<\/p>\n","protected":false},"author":7,"featured_media":42194,"comment_status":"open","ping_status":"open","sticky":false,"template":"","format":"standard","meta":{"footnotes":""},"categories":[10],"tags":[],"class_list":["post-42037","post","type-post","status-publish","format-standard","has-post-thumbnail","hentry","category-dicas-pointer"],"acf":[],"_links":{"self":[{"href":"https:\/\/pointer.com.br\/blog\/wp-json\/wp\/v2\/posts\/42037","targetHints":{"allow":["GET"]}}],"collection":[{"href":"https:\/\/pointer.com.br\/blog\/wp-json\/wp\/v2\/posts"}],"about":[{"href":"https:\/\/pointer.com.br\/blog\/wp-json\/wp\/v2\/types\/post"}],"author":[{"embeddable":true,"href":"https:\/\/pointer.com.br\/blog\/wp-json\/wp\/v2\/users\/7"}],"replies":[{"embeddable":true,"href":"https:\/\/pointer.com.br\/blog\/wp-json\/wp\/v2\/comments?post=42037"}],"version-history":[{"count":1,"href":"https:\/\/pointer.com.br\/blog\/wp-json\/wp\/v2\/posts\/42037\/revisions"}],"predecessor-version":[{"id":42046,"href":"https:\/\/pointer.com.br\/blog\/wp-json\/wp\/v2\/posts\/42037\/revisions\/42046"}],"wp:featuredmedia":[{"embeddable":true,"href":"https:\/\/pointer.com.br\/blog\/wp-json\/wp\/v2\/media\/42194"}],"wp:attachment":[{"href":"https:\/\/pointer.com.br\/blog\/wp-json\/wp\/v2\/media?parent=42037"}],"wp:term":[{"taxonomy":"category","embeddable":true,"href":"https:\/\/pointer.com.br\/blog\/wp-json\/wp\/v2\/categories?post=42037"},{"taxonomy":"post_tag","embeddable":true,"href":"https:\/\/pointer.com.br\/blog\/wp-json\/wp\/v2\/tags?post=42037"}],"curies":[{"name":"wp","href":"https:\/\/api.w.org\/{rel}","templated":true}]}}