{"id":41974,"date":"2019-06-20T09:00:38","date_gmt":"2019-06-20T12:00:38","guid":{"rendered":"https:\/\/pointer.com.br\/blog\/?p=41974"},"modified":"2019-09-03T11:49:13","modified_gmt":"2019-09-03T14:49:13","slug":"igrejas-de-ouro-preto","status":"publish","type":"post","link":"https:\/\/pointer.com.br\/blog\/igrejas-de-ouro-preto\/","title":{"rendered":"Capital barroca: a arquitetura das igrejas de Ouro Preto"},"content":{"rendered":"<p>Ouro Preto \u00e9 uma das principais cidades hist\u00f3ricas brasileiras que guarda resqu\u00edcios do barroco. O estilo, utilizado nas igrejas do per\u00edodo colonial, tinha o objetivo de atrair os crist\u00e3os e influenci\u00e1-los emocionalmente.<\/p>\n<p>Para isso, dava-se \u00eanfase \u00e0 riqueza de detalhes, aos adornos e ao uso do ouro presente na regi\u00e3o mineira. As igrejas, antes constru\u00eddas em adobe, taipa e pau-a-pique, com o tempo deram lugar a outras edifica\u00e7\u00f5es maiores e mais imponentes.<\/p>\n<p>Ouro Preto atualmente atrai turistas que procuram conhecer um pouco sobre o per\u00edodo colonial brasileiro e suas famosas igrejas. Esses locais, al\u00e9m de espa\u00e7os religiosos, serviram de cen\u00e1rio para as reuni\u00f5es dos inconfidentes e para as obras dos consagrados artistas Aleijadinho e mestre Ata\u00edde.<\/p>\n<p>Se voc\u00ea quer conhecer um pouco mais sobre a hist\u00f3ria do Brasil e o estilo barroco, n\u00e3o pode deixar de conhecer as igrejas de Ouro Preto, hoje considerada <a href=\"http:\/\/www.unesco.org\/new\/pt\/brasilia\/culture\/world-heritage\/list-of-world-heritage-in-brazil\/historic-town-of-ouro-preto\/\" target=\"_blank\" rel=\"noopener\">Patrim\u00f4nio da Humanidade<\/a> pela UNESCO. Separamos algumas que n\u00e3o podem ficar de fora da sua lista. Confira!<\/p>\n<h2><strong>Igreja S\u00e3o Francisco de Assis<\/strong><\/h2>\n<div id=\"attachment_41976\" style=\"width: 1034px\" class=\"wp-caption aligncenter\"><img loading=\"lazy\" decoding=\"async\" aria-describedby=\"caption-attachment-41976\" class=\"wp-image-41976 size-large\" src=\"https:\/\/pointer.com.br\/blog\/wp-content\/uploads\/2019\/06\/GettyImages-657536760-1-1024x683.jpg\" alt=\" igrejas de ouro preto\" width=\"1024\" height=\"683\" srcset=\"https:\/\/pointer.com.br\/blog\/wp-content\/uploads\/2019\/06\/GettyImages-657536760-1-1024x683.jpg 1024w, https:\/\/pointer.com.br\/blog\/wp-content\/uploads\/2019\/06\/GettyImages-657536760-1-300x200.jpg 300w, https:\/\/pointer.com.br\/blog\/wp-content\/uploads\/2019\/06\/GettyImages-657536760-1-768x512.jpg 768w\" sizes=\"auto, (max-width: 1024px) 100vw, 1024px\" \/><p id=\"caption-attachment-41976\" class=\"wp-caption-text\">Igreja S\u00e3o Francisco de Assis, projetada por Aleijadinho e finalizada no ano de 1771 em Ouro Preto, Minas Gerais<\/p><\/div>\n<p>A Igreja S\u00e3o Francisco de Assis \u00e9 uma das mais importantes obras coloniais da hist\u00f3ria do Brasil. Sua constru\u00e7\u00e3o tem in\u00edcio em 1765 e conclus\u00e3o em 1771, com projeto de Aleijadinho. \u00c9 apenas em 1890 que os ladrilhos dos altares laterais e corredores ficam prontos.<\/p>\n<p>A igreja foi encomenda da ordem Terceira de S\u00e3o Francisco de Assis, a primeira criada na cidade. A escolha de sua localiza\u00e7\u00e3o foi estrat\u00e9gica, j\u00e1 que fica pr\u00f3xima da Pra\u00e7a Tiradentes, onde antes funcionava o Pal\u00e1cio do Governo.<\/p>\n<p>Uma importante inova\u00e7\u00e3o da arquitetura brasileira para a \u00e9poca a ser utilizada na igreja foram as contracurvas e curvas utilizadas em seu exterior. Outra novidade foi o recuo das torres em rela\u00e7\u00e3o \u00e0 fachada e a obstru\u00e7\u00e3o do \u00f3culo \u2014 abertura geralmente redonda, localizada acima da porta principal \u2014 com uma escultura. Al\u00e9m do projeto, Aleijadinho foi respons\u00e1vel pelas esculturas em pedra-sab\u00e3o na sacristia, no lavabo e na porta principal.<\/p>\n<p>Mestre Ata\u00edde incumbiu-se dos pain\u00e9is, do altar-mor e do famoso teto representando a glorifica\u00e7\u00e3o de Nossa Senhora, obra que o levou a ser reconhecido como artista. Nele, o pintor usa de forma marcante a tridimensionalidade, fazendo com que o c\u00e9u retratado pare\u00e7a projetar-se para o alto, e as cores escolhidas ressaltam ainda mais a beleza da obra.<\/p>\n<p>Hoje, a igreja S\u00e3o Francisco de Assis, em Ouro Preto, \u00e9 tombada pelo\u00a0Instituto do Patrim\u00f4nio Hist\u00f3rico e Art\u00edstico Nacional (IPHAN) e classificada como uma das sete maravilhas de origem portuguesa no mundo.<\/p>\n<h2><strong>Igreja Nossa Senhora do Carmo<\/strong><\/h2>\n<div id=\"attachment_41977\" style=\"width: 1034px\" class=\"wp-caption aligncenter\"><img loading=\"lazy\" decoding=\"async\" aria-describedby=\"caption-attachment-41977\" class=\"wp-image-41977 size-large\" src=\"https:\/\/pointer.com.br\/blog\/wp-content\/uploads\/2019\/06\/GettyImages-96294192-1-1024x683.jpg\" alt=\" igrejas de ouro preto\" width=\"1024\" height=\"683\" srcset=\"https:\/\/pointer.com.br\/blog\/wp-content\/uploads\/2019\/06\/GettyImages-96294192-1-1024x683.jpg 1024w, https:\/\/pointer.com.br\/blog\/wp-content\/uploads\/2019\/06\/GettyImages-96294192-1-300x200.jpg 300w, https:\/\/pointer.com.br\/blog\/wp-content\/uploads\/2019\/06\/GettyImages-96294192-1-768x512.jpg 768w\" sizes=\"auto, (max-width: 1024px) 100vw, 1024px\" \/><p id=\"caption-attachment-41977\" class=\"wp-caption-text\">Vista da Igreja Nossa Senhora do Carmo com caracter\u00edsticas do rococ\u00f3 em Ouro Preto, Minas Gerais<\/p><\/div>\n<p>A Igreja Nossa Senhora do Carmo teve seu projeto inicial feito pelo pai de Aleijadinho, o arquiteto e carpinteiro portugu\u00eas Manuel Francisco Lisboa. A obra tem in\u00edcio em 1756 e s\u00f3 \u00e9 conclu\u00edda em 1780.<\/p>\n<p>Mais tarde, o pr\u00f3prio Aleijadinho contribuiu com o edif\u00edcio, fazendo trabalhos em pedras entalhadas, o lavabo da sacristia em pedra-sab\u00e3o e alguns altares, mestre Ata\u00edde foi o respons\u00e1vel pela constru\u00e7\u00e3o do altar-mor.<\/p>\n<p>Outros diferenciais da igreja s\u00e3o os dois sinos nas torres laterais, o dourado presente na fachada e em seu interior, al\u00e9m da presen\u00e7a de dez pain\u00e9is em <a href=\"https:\/\/pointer.com.br\/blog\/azulejo-um-revestimento-com-historia\/\" target=\"_blank\" rel=\"noopener\">azulejo<\/a> portugu\u00eas. Dentre as igrejas da cidade, a de Nossa Senhora do Carmo tem menos elementos em ouro e menos ostenta\u00e7\u00e3o, caracter\u00edstica do rococ\u00f3. Ao lado da igreja fica o Museu do Orat\u00f3rio, onde antes funcionava a casa de noviciado, local onde Aleijadinho passou seus \u00faltimos seis anos de vida.<\/p>\n<h2><strong>Bas\u00edlica Nossa Senhora do Pilar<\/strong><\/h2>\n<p>O primeiro projeto \u00e9 do final do s\u00e9culo 17, com a constru\u00e7\u00e3o toda feita em madeira. Em 1728, o templo foi demolido ap\u00f3s um acordo da comunidade, e outro foi constru\u00eddo em seu lugar. A conclus\u00e3o da obra e a decora\u00e7\u00e3o deu-se no ano de 1737.<\/p>\n<p>A Bas\u00edlica nossa Senhora do Pilar tem em seu interior mais de 400 quilos de ouro, tornando-a a segunda igreja brasileira com mais ouro do pa\u00eds \u2014 a primeira \u00e9 a Igreja de S\u00e3o Francisco, em Salvador.<\/p>\n<p>No subsolo da bas\u00edlica \u00e9 poss\u00edvel visitar o Museu de Arte Sacra. L\u00e1 \u00e9 poss\u00edvel encontrar objetos sacros em prata e ouro, m\u00f3veis em madeira maci\u00e7a, com grande riqueza de ornamentos, al\u00e9m de diversas est\u00e1tuas em marfim e madeira.<\/p>\n<p>Outra curiosidade sobre a igreja \u00e9 que ela recebeu em 2012 o t\u00edtulo de Bas\u00edlica, concedido quando uma igreja se destaca por seu valor religioso, art\u00edstico e hist\u00f3rico.<\/p>\n<h2><strong>Igreja Matriz Nossa Senhora da Concei\u00e7\u00e3o<\/strong><\/h2>\n<p>A Igreja de Nossa Senhora da Concei\u00e7\u00e3o foi constru\u00edda entre 1727 e 1746, no local da antiga capela erguida pelo bandeirante Ant\u00f4nio Dias. O projeto e execu\u00e7\u00e3o tamb\u00e9m s\u00e3o do pai de Aleijadinho, assim como os oito altares laterais. \u00c9 nessa igreja onde Aleijadinho e seu pai est\u00e3o sepultados, nela \u00e9 poss\u00edvel visitar o Museu de Aleijadinho.<\/p>\n<p>Outra curiosidade \u00e9 que a Igreja Matriz Nossa Senhora da Concei\u00e7\u00e3o \u00e9 o marco do nascimento da cidade de Ouro Preto, quando ainda tinha o nome de Vila Rica. O local encontra-se fechado para restaura\u00e7\u00e3o desde 2013.<\/p>\n<h2><strong>Igreja S\u00e3o Francisco de Paula<\/strong><\/h2>\n<div id=\"attachment_41978\" style=\"width: 1034px\" class=\"wp-caption aligncenter\"><img loading=\"lazy\" decoding=\"async\" aria-describedby=\"caption-attachment-41978\" class=\"wp-image-41978 size-large\" src=\"https:\/\/pointer.com.br\/blog\/wp-content\/uploads\/2019\/06\/GettyImages-470216684-1-1024x621.jpg\" alt=\" igrejas de ouro preto\" width=\"1024\" height=\"621\" srcset=\"https:\/\/pointer.com.br\/blog\/wp-content\/uploads\/2019\/06\/GettyImages-470216684-1-1024x621.jpg 1024w, https:\/\/pointer.com.br\/blog\/wp-content\/uploads\/2019\/06\/GettyImages-470216684-1-300x182.jpg 300w, https:\/\/pointer.com.br\/blog\/wp-content\/uploads\/2019\/06\/GettyImages-470216684-1-768x466.jpg 768w\" sizes=\"auto, (max-width: 1024px) 100vw, 1024px\" \/><p id=\"caption-attachment-41978\" class=\"wp-caption-text\">Igreja S\u00e3o Francisco de Paula nas montanhas de Ouro Preto, Minas Gerais<\/p><\/div>\n<p>\u00c9 poss\u00edvel ver a Igreja S\u00e3o Francisco de Paula de diversos pontos da cidade, j\u00e1 que ela fica no alto, entre as montanhas. Sua constru\u00e7\u00e3o tem in\u00edcio em 1804 e conclus\u00e3o em meados de 1898, e \u00e9 uma das mais simples dentre as igrejas de Ouro Preto. Em seu interior, \u00e9 poss\u00edvel encontrar uma imagem de Aleijadinho. Essa foi a \u00faltima igreja do per\u00edodo colonial a ser constru\u00edda na cidade.<\/p>\n<h2><strong>O Brasil como inspira\u00e7\u00e3o para o design<\/strong><\/h2>\n<div id=\"attachment_41979\" style=\"width: 1034px\" class=\"wp-caption aligncenter\"><img loading=\"lazy\" decoding=\"async\" aria-describedby=\"caption-attachment-41979\" class=\"wp-image-41979 size-large\" src=\"https:\/\/pointer.com.br\/blog\/wp-content\/uploads\/2019\/06\/5a8c5a7fa936140d7f6df0fb-1024x576.jpg\" alt=\" igrejas de ouro preto\" width=\"1024\" height=\"576\" srcset=\"https:\/\/pointer.com.br\/blog\/wp-content\/uploads\/2019\/06\/5a8c5a7fa936140d7f6df0fb-1024x576.jpg 1024w, https:\/\/pointer.com.br\/blog\/wp-content\/uploads\/2019\/06\/5a8c5a7fa936140d7f6df0fb-300x169.jpg 300w, https:\/\/pointer.com.br\/blog\/wp-content\/uploads\/2019\/06\/5a8c5a7fa936140d7f6df0fb-768x432.jpg 768w, https:\/\/pointer.com.br\/blog\/wp-content\/uploads\/2019\/06\/5a8c5a7fa936140d7f6df0fb.jpg 1920w\" sizes=\"auto, (max-width: 1024px) 100vw, 1024px\" \/><p id=\"caption-attachment-41979\" class=\"wp-caption-text\">Bel\u00edssima \u00e1rea externa revestida com piso em cer\u00e2mica Assis, da linha Pedras Brasileiras, que foi inspirada pela cidade hist\u00f3rica de Ouro Preto, Minas Gerais<\/p><\/div>\n<p>Assim como Ouro Preto, diversas cidades contam trechos da hist\u00f3ria do Brasil. Inspirado por esse legado, o arquiteto Maur\u00edcio Arruda desenvolveu a linha de revestimentos <a href=\"https:\/\/www.pointer.com.br\/revestimentos\/pedras-brasileira\" target=\"_blank\" rel=\"noopener\">Pedras Brasileiras<\/a>. Arruda acredita que o consumidor busca por produtos quem conte sua hist\u00f3ria.<\/p>\n<p>Para isso, o arquiteto fez diversas viagens por cidades brasileiras com import\u00e2ncia hist\u00f3rica e algumas de suas principais obras arquitet\u00f4nicas. Um exemplo \u00e9 Ouro Preto, onde estudou principalmente a igreja de S\u00e3o Francisco de Assis. Em todos os locais percorridos, Maur\u00edcio observou os detalhes e cores das pedras. Assim, foi poss\u00edvel conferir \u00e0 <a href=\"https:\/\/pointer.com.br\/blog\/ceramica-que-reproduz-pedra-vantagens\/\" target=\"_blank\" rel=\"noopener\">cer\u00e2mica<\/a> todas as impress\u00f5es absorvidas em seu estudo de campo.<\/p>\n<p>Como vimos, Ouro Preto, a capital barroca, \u00e9 de grande import\u00e2ncia para a hist\u00f3ria do Brasil. Por isso, a Pointer escolheu-a como uma das cidades a servir de inspira\u00e7\u00e3o para Pedras Brasileiras, com o Supercer\u00e2mico Assis. A inspira\u00e7\u00e3o s\u00e3o as pedras utilizadas na parte exterior da igreja de S\u00e3o Francisco de Assis, um slate de nuances douradas e textura r\u00fastica. Al\u00e9m da cer\u00e2mica nos formatos 80x80cm e 45&#215;90, nos acabamentos mate e externo, Assis conta com um relevo para paredes.<\/p>\n<p>Gostou do nosso post sobre Ouro Preto, suas igrejas e a nova linha de Pedras Brasileiras da Pointer? Ent\u00e3o, compartilhe este post agora mesmo em suas redes sociais para que todos os seus contatos tamb\u00e9m fiquem informados!<\/p>\n","protected":false},"excerpt":{"rendered":"<p>Ouro Preto \u00e9 uma das principais cidades hist\u00f3ricas brasileiras que guarda resqu\u00edcios do barroco. O estilo, utilizado nas igrejas do per\u00edodo colonial, tinha o objetivo de atrair os crist\u00e3os e influenci\u00e1-los emocionalmente. Para isso, dava-se [&hellip;]<\/p>\n","protected":false},"author":7,"featured_media":42201,"comment_status":"open","ping_status":"open","sticky":false,"template":"","format":"standard","meta":{"footnotes":""},"categories":[5],"tags":[],"class_list":["post-41974","post","type-post","status-publish","format-standard","has-post-thumbnail","hentry","category-dicas-tecnicas"],"acf":[],"_links":{"self":[{"href":"https:\/\/pointer.com.br\/blog\/wp-json\/wp\/v2\/posts\/41974","targetHints":{"allow":["GET"]}}],"collection":[{"href":"https:\/\/pointer.com.br\/blog\/wp-json\/wp\/v2\/posts"}],"about":[{"href":"https:\/\/pointer.com.br\/blog\/wp-json\/wp\/v2\/types\/post"}],"author":[{"embeddable":true,"href":"https:\/\/pointer.com.br\/blog\/wp-json\/wp\/v2\/users\/7"}],"replies":[{"embeddable":true,"href":"https:\/\/pointer.com.br\/blog\/wp-json\/wp\/v2\/comments?post=41974"}],"version-history":[{"count":2,"href":"https:\/\/pointer.com.br\/blog\/wp-json\/wp\/v2\/posts\/41974\/revisions"}],"predecessor-version":[{"id":42200,"href":"https:\/\/pointer.com.br\/blog\/wp-json\/wp\/v2\/posts\/41974\/revisions\/42200"}],"wp:featuredmedia":[{"embeddable":true,"href":"https:\/\/pointer.com.br\/blog\/wp-json\/wp\/v2\/media\/42201"}],"wp:attachment":[{"href":"https:\/\/pointer.com.br\/blog\/wp-json\/wp\/v2\/media?parent=41974"}],"wp:term":[{"taxonomy":"category","embeddable":true,"href":"https:\/\/pointer.com.br\/blog\/wp-json\/wp\/v2\/categories?post=41974"},{"taxonomy":"post_tag","embeddable":true,"href":"https:\/\/pointer.com.br\/blog\/wp-json\/wp\/v2\/tags?post=41974"}],"curies":[{"name":"wp","href":"https:\/\/api.w.org\/{rel}","templated":true}]}}