{"id":41941,"date":"2019-06-10T09:00:34","date_gmt":"2019-06-10T12:00:34","guid":{"rendered":"https:\/\/pointer.com.br\/blog\/?p=41941"},"modified":"2019-09-03T11:54:16","modified_gmt":"2019-09-03T14:54:16","slug":"parque-lage","status":"publish","type":"post","link":"https:\/\/pointer.com.br\/blog\/parque-lage\/","title":{"rendered":"Visite o Parque Lage, ponto tur\u00edstico hist\u00f3rico no Rio de Janeiro"},"content":{"rendered":"<p>Um dos principais pontos tur\u00edsticos do Rio de Janeiro \u00e9 o Parque Lage, especialmente para quem quer aproveitar uma caminhada pela Floresta da Tijuca ou mergulhar um pouco na hist\u00f3ria da antiga capital do Brasil. O Parque Lage, inclusive, foi eleito por Maur\u00edcio Arruda como uma das arquiteturas hist\u00f3ricas para inspirar a linha Pedras Brasileiras, da Pointer.<\/p>\n<p>Localizado na rua Jardim Bot\u00e2nico, bem aos p\u00e9s do Corcovado, o Parque Lage nem sempre foi um parque p\u00fablico. Sua hist\u00f3ria \u00e9 rica e come\u00e7a com Rodrigo de Freitas Mello e Castro (sim, o mesmo Rodrigo de Freitas da famosa lagoa fluminense) no come\u00e7o do S\u00e9culo 19. Com o tempo, a regi\u00e3o foi trocando de dono at\u00e9 chegar \u00e0s m\u00e3os de Henrique Lage. Endividado, ele se desfez do parque, que virou patrim\u00f4nio hist\u00f3rico e art\u00edstico do Rio de Janeiro.<\/p>\n<p>Se voc\u00ea pensa em visitar o Parque Lage, precisa conhecer as nossas dicas para explorar ao m\u00e1ximo o que o lugar tem a oferecer. Veja a seguir!<\/p>\n<h2>Comece o dia com um belo caf\u00e9 da manh\u00e3 no Plage Caf\u00e9<\/h2>\n<div id=\"attachment_41944\" style=\"width: 1034px\" class=\"wp-caption aligncenter\"><img loading=\"lazy\" decoding=\"async\" aria-describedby=\"caption-attachment-41944\" class=\"wp-image-41944 size-large\" src=\"https:\/\/pointer.com.br\/blog\/wp-content\/uploads\/2019\/05\/GettyImages-174964055-1-1024x683.jpg\" alt=\"Parque Lage\" width=\"1024\" height=\"683\" srcset=\"https:\/\/pointer.com.br\/blog\/wp-content\/uploads\/2019\/05\/GettyImages-174964055-1-1024x683.jpg 1024w, https:\/\/pointer.com.br\/blog\/wp-content\/uploads\/2019\/05\/GettyImages-174964055-1-300x200.jpg 300w, https:\/\/pointer.com.br\/blog\/wp-content\/uploads\/2019\/05\/GettyImages-174964055-1-768x512.jpg 768w\" sizes=\"auto, (max-width: 1024px) 100vw, 1024px\" \/><p id=\"caption-attachment-41944\" class=\"wp-caption-text\">Parque Lage com o Corcovado atr\u00e1s no Rio de Janeiro<\/p><\/div>\n<p>A melhor maneira de come\u00e7ar o dia de visita ao Parque Lage \u00e9 com um caf\u00e9 da manh\u00e3 refor\u00e7ado no Plage Caf\u00e9. Ele fica localizado dentro do Palacete do parque e suas mesas ficam \u00e0 beira da famosa piscina do lugar. Ou seja: al\u00e9m de um caf\u00e9 muito gostoso, a vista \u00e9 a melhor poss\u00edvel para come\u00e7ar o dia.<\/p>\n<p>S\u00e3o muitas alternativas para um caf\u00e9 da manh\u00e3, a op\u00e7\u00e3o mais famosa \u00e9 o Plage Completo. Inclui ovos mexidos com bacon, ou tomate ou salm\u00e3o curado, al\u00e9m de cestas de p\u00e3es artesanais, queijo minas, manteiga, peito de peru, bolo do dia, iogurte com granola, salada de frutas, al\u00e9m de um suco e uma bebida quente. Custa R$ 76 e serve quatro pessoas.<\/p>\n<p>Al\u00e9m do Plage Completo, o caf\u00e9 ainda conta com uma s\u00e9rie de outras op\u00e7\u00f5es no card\u00e1pio, especialmente para quem quer almo\u00e7ar (sandu\u00edches, hamb\u00fargueres e op\u00e7\u00f5es similares). Apesar disso, n\u00f3s temos uma outra recomenda\u00e7\u00e3o para o seu almo\u00e7o no parque \u2014 continue lendo para saber qual \u00e9!<\/p>\n<h2>Fa\u00e7a a trilha do Parque Lage (se conseguir!)<\/h2>\n<div id=\"attachment_41945\" style=\"width: 910px\" class=\"wp-caption aligncenter\"><img loading=\"lazy\" decoding=\"async\" aria-describedby=\"caption-attachment-41945\" class=\"wp-image-41945 size-full\" src=\"https:\/\/pointer.com.br\/blog\/wp-content\/uploads\/2019\/05\/GettyImages-538373149-1-1.jpg\" alt=\"Parque Lage\" width=\"900\" height=\"600\" srcset=\"https:\/\/pointer.com.br\/blog\/wp-content\/uploads\/2019\/05\/GettyImages-538373149-1-1.jpg 900w, https:\/\/pointer.com.br\/blog\/wp-content\/uploads\/2019\/05\/GettyImages-538373149-1-1-300x200.jpg 300w, https:\/\/pointer.com.br\/blog\/wp-content\/uploads\/2019\/05\/GettyImages-538373149-1-1-768x512.jpg 768w\" sizes=\"auto, (max-width: 900px) 100vw, 900px\" \/><p id=\"caption-attachment-41945\" class=\"wp-caption-text\">\u00c1rea externa do Parque Lage<\/p><\/div>\n<p>Para quem gosta de um pouco mais de aventura nas suas viagens de f\u00e9rias, o Parque Lage tem uma op\u00e7\u00e3o muito convidativa: uma trilha de dificuldade semipesada.<\/p>\n<p>Com 2,2km, a trilha tem uma de eleva\u00e7\u00e3o de 704m, considerada desafiadora para iniciantes. Ela come\u00e7a bem ao lado de uma casa de pedra antiga, que fica perto do palacete do parque, e \u00e9 bem sinalizada com placas e informa\u00e7\u00f5es dispon\u00edveis para quem topa a aventura.<\/p>\n<p>Al\u00e9m da beleza impressionante da Floresta da Tijuca \u2014 com suas plantas, pequenos animais e incr\u00edveis oportunidades de fotos \u2014, a trilha termina muito perto do Cristo Redentor, sendo necess\u00e1rio pagar um ingresso para acess\u00e1-lo.<\/p>\n<h2>Visite as exposi\u00e7\u00f5es de arte no palacete do parque<\/h2>\n<div id=\"attachment_41946\" style=\"width: 910px\" class=\"wp-caption aligncenter\"><img loading=\"lazy\" decoding=\"async\" aria-describedby=\"caption-attachment-41946\" class=\"wp-image-41946 size-full\" src=\"https:\/\/pointer.com.br\/blog\/wp-content\/uploads\/2019\/05\/GettyImages-617863770-1-1.jpg\" alt=\"Parque Lage\" width=\"900\" height=\"601\" srcset=\"https:\/\/pointer.com.br\/blog\/wp-content\/uploads\/2019\/05\/GettyImages-617863770-1-1.jpg 900w, https:\/\/pointer.com.br\/blog\/wp-content\/uploads\/2019\/05\/GettyImages-617863770-1-1-300x200.jpg 300w, https:\/\/pointer.com.br\/blog\/wp-content\/uploads\/2019\/05\/GettyImages-617863770-1-1-768x513.jpg 768w\" sizes=\"auto, (max-width: 900px) 100vw, 900px\" \/><p id=\"caption-attachment-41946\" class=\"wp-caption-text\">Interior do Parque Lage<\/p><\/div>\n<p>Dentro do palacete do parque est\u00e1 localizada a EAV, a Escola de Artes Visuais do Parque Lage. Al\u00e9m dos seus cursos e oficinas para adultos e crian\u00e7as, o lugar tamb\u00e9m hospeda v\u00e1rias exposi\u00e7\u00f5es de artes para os visitantes.<\/p>\n<p>As exposi\u00e7\u00f5es podem conter fotografias, pinturas e esculturas, mas existem tamb\u00e9m outros tipos de atividades art\u00edsticas que acontecem na EAV, como palestras, mesas de conversas e apresenta\u00e7\u00e3o de filmes.<\/p>\n<p>Vale a pena separar um momento da sua visita ao parque para conferir as exposi\u00e7\u00f5es e apresenta\u00e7\u00f5es, pois a curadoria do lugar \u00e9 excelente e a infraestrutura tamb\u00e9m. Antes de ir, por\u00e9m, lembre-se de <a href=\"http:\/\/eavparquelage.rj.gov.br\/agenda\/\" target=\"_blank\" rel=\"noopener\">conferir a agenda da programa\u00e7\u00e3o no site oficial da escola<\/a>.<\/p>\n<h2>Conhe\u00e7a a hist\u00f3ria do Palacete do Parque Lage<\/h2>\n<div id=\"attachment_41947\" style=\"width: 1034px\" class=\"wp-caption aligncenter\"><img loading=\"lazy\" decoding=\"async\" aria-describedby=\"caption-attachment-41947\" class=\"wp-image-41947 size-large\" src=\"https:\/\/pointer.com.br\/blog\/wp-content\/uploads\/2019\/05\/5cb4c69f18ab521bd5a4e4d6-1024x576.jpg\" alt=\"Parque Lage\" width=\"1024\" height=\"576\" srcset=\"https:\/\/pointer.com.br\/blog\/wp-content\/uploads\/2019\/05\/5cb4c69f18ab521bd5a4e4d6-1024x576.jpg 1024w, https:\/\/pointer.com.br\/blog\/wp-content\/uploads\/2019\/05\/5cb4c69f18ab521bd5a4e4d6-300x169.jpg 300w, https:\/\/pointer.com.br\/blog\/wp-content\/uploads\/2019\/05\/5cb4c69f18ab521bd5a4e4d6-768x432.jpg 768w\" sizes=\"auto, (max-width: 1024px) 100vw, 1024px\" \/><p id=\"caption-attachment-41947\" class=\"wp-caption-text\">Linda sala de jantar integrada com cozinha revestida com a cer\u00e2mica Parque Lage, da linha Pedras Brasileiras. A decora\u00e7\u00e3o passa a sensa\u00e7\u00e3o de amplitude<\/p><\/div>\n<p>O Parque Lage tem uma hist\u00f3ria riqu\u00edssima, que se confunde e entrela\u00e7a com o passado do Rio de Janeiro e at\u00e9 do pr\u00f3prio Brasil, considerando que a Cidade Maravilhosa foi a capital do pa\u00eds por 198 anos.<\/p>\n<p>O Palacete do parque \u00e9 um pr\u00e9dio relativamente recente, mas com uma longa hist\u00f3ria. Ele foi constru\u00eddo na d\u00e9cada de 1920 por Henrique Lage (que d\u00e1 nome ao parque), um amante das artes que se casou com a cantora l\u00edrica italiana Gabriela Besanzoni. Para agrad\u00e1-la, ele encomendou o projeto do palacete em estilo romano ao arquiteto Mario Vodret, importando todos os materiais diretamente da It\u00e1lia.<\/p>\n<p>Por falar em materiais, um dos destaques do palacete \u00e9 o quartzito claro (em tons off white) usado para revestimento nas paredes e no piso do lugar, especialmente do lado de fora, no p\u00e1tio interno que contorna a piscina retangular.<\/p>\n<p>Um dos destaques da visita \u00e9 acompanhar um pouco do Rio de Janeiro numa \u00e9poca marcada por festas luxuosas da aristocracia nacional.<\/p>\n<h2>Visite o aqu\u00e1rio com 12 tanques do Parque Lage<\/h2>\n<div id=\"attachment_41948\" style=\"width: 1034px\" class=\"wp-caption aligncenter\"><img loading=\"lazy\" decoding=\"async\" aria-describedby=\"caption-attachment-41948\" class=\"wp-image-41948 size-large\" src=\"https:\/\/pointer.com.br\/blog\/wp-content\/uploads\/2019\/05\/5cb87e4818ab521bd5cfa6a2-1024x576.jpg\" alt=\"Parque Lage\" width=\"1024\" height=\"576\" srcset=\"https:\/\/pointer.com.br\/blog\/wp-content\/uploads\/2019\/05\/5cb87e4818ab521bd5cfa6a2-1024x576.jpg 1024w, https:\/\/pointer.com.br\/blog\/wp-content\/uploads\/2019\/05\/5cb87e4818ab521bd5cfa6a2-300x169.jpg 300w, https:\/\/pointer.com.br\/blog\/wp-content\/uploads\/2019\/05\/5cb87e4818ab521bd5cfa6a2-768x432.jpg 768w\" sizes=\"auto, (max-width: 1024px) 100vw, 1024px\" \/><p id=\"caption-attachment-41948\" class=\"wp-caption-text\">Sala de estar com piso Parque Lage, da linha Pedras Brasileiras, que reproduz o quartzito claro<\/p><\/div>\n<p>No meio dos jardins e caminhos do Parque Lage, est\u00e1 escondida um dos principais atrativos do lugar: o seu aqu\u00e1rio. Do lado de fora, o lugar foi decorado como se fosse uma caverna fant\u00e1stica, quase que removida inteiramente de um mundo de fantasia como a Terra M\u00e9dia ou alguma das antigas lendas europeias com elfos e duendes.<\/p>\n<p>Por dentro, o aqu\u00e1rio conta com 12 tanques com muitos peixes diferentes. A maioria deles \u00e9 oriundo do Brasil, mostrando a diversidade e riqueza da fauna aqu\u00e1tica nacional, mas tamb\u00e9m existem esp\u00e9cimes internacionais. O destaque fica para um tubar\u00e3o siam\u00eas da Tail\u00e2ndia, que faz sucesso especialmente com as crian\u00e7as.<\/p>\n<h2>Conhe\u00e7a a gruta, a torre e outras constru\u00e7\u00f5es<\/h2>\n<p>O Palacete pode ser a principal constru\u00e7\u00e3o do parque, mas n\u00e3o \u00e9 a \u00fanica. Como \u00e9 um lugar bem antigo, que passou pelas m\u00e3os de m\u00faltiplos donos, o Parque Lage foi recebendo atualiza\u00e7\u00f5es e novos pr\u00e9dios com o tempo. \u00c9 muito interessante passear pelo espa\u00e7o, explorando as ru\u00ednas e diferentes constru\u00e7\u00f5es do lugar.<\/p>\n<p>Uma delas \u00e9 uma gruta artificial, que impressiona pela riqueza de detalhes e pela composi\u00e7\u00e3o harm\u00f4nica com a Floresta da Tijuca. Outro lugar muito interessante (e que rende excelentes fotos!) \u00e9 a torre escondida entre a vegeta\u00e7\u00e3o do parque.<\/p>\n<p>Por fim, vale ressaltar a Cavalari\u00e7a, um pr\u00e9dio rosa com fachada neog\u00f3tica que costumava abrigar os cavalos dos moradores e visitantes do lugar. Um detalhe interessante \u00e9 que ele est\u00e1 fechado atualmente, dando um ar de mist\u00e9rio ao passeio.<\/p>\n<h2>Leve a fam\u00edlia para um piquenique no parque<\/h2>\n<div id=\"attachment_41949\" style=\"width: 1034px\" class=\"wp-caption aligncenter\"><img loading=\"lazy\" decoding=\"async\" aria-describedby=\"caption-attachment-41949\" class=\"wp-image-41949 size-large\" src=\"https:\/\/pointer.com.br\/blog\/wp-content\/uploads\/2019\/05\/5a8c5bbea936140d7f6df2b3-1-1024x576.jpg\" alt=\"Parque Lage\" width=\"1024\" height=\"576\" srcset=\"https:\/\/pointer.com.br\/blog\/wp-content\/uploads\/2019\/05\/5a8c5bbea936140d7f6df2b3-1-1024x576.jpg 1024w, https:\/\/pointer.com.br\/blog\/wp-content\/uploads\/2019\/05\/5a8c5bbea936140d7f6df2b3-1-300x169.jpg 300w, https:\/\/pointer.com.br\/blog\/wp-content\/uploads\/2019\/05\/5a8c5bbea936140d7f6df2b3-1-768x432.jpg 768w, https:\/\/pointer.com.br\/blog\/wp-content\/uploads\/2019\/05\/5a8c5bbea936140d7f6df2b3-1.jpg 1920w\" sizes=\"auto, (max-width: 1024px) 100vw, 1024px\" \/><p id=\"caption-attachment-41949\" class=\"wp-caption-text\">\u00c1rea externa com piso Parque Lage, da linha Pedras Brasileiras, design de Maur\u00edcio Arruda para a Pointer<\/p><\/div>\n<p>Antes de terminar sua visita ao Parque Lage e voltar para casa ou para o seu hotel, n\u00e3o deixe de fazer um piquenique com a fam\u00edlia. Leve uma canga ou toalha ampla para sentar na \u00e1rea reservada para isso e aproveite a vista do lugar.<\/p>\n<p>E que vista! Al\u00e9m da exuber\u00e2ncia da Floresta da Tijuca, dos belos jardins e da arquitetura rom\u00e2ntica das constru\u00e7\u00f5es, o parque tamb\u00e9m oferece uma das melhores vis\u00f5es do Corcovado e do Cristo Redentor em todo o Rio de Janeiro. \u00c9 dif\u00edcil achar um lugar melhor para um sandu\u00edche tranquilo com a fam\u00edlia.<\/p>\n<p>Como deu para ver, o Parque Lage \u00e9 um lugar m\u00e1gico e impressionante, localizado bem no centro de uma das principais cidades do Brasil e da Am\u00e9rica do Sul. Sua beleza \u00e9 tanta que n\u00e3o \u00e9 a toa que Maur\u00edcio Arrudo se inspirou para o desenvolvimento da linha <a href=\"https:\/\/www.pointer.com.br\/revestimentos\/pedras-brasileira\" target=\"_blank\" rel=\"noopener\">Pedras Brasileiras<\/a>. O arquiteto usou da tecnologia Pointer para criar uma cer\u00e2mica que reproduz o quartzito claro usado para revestir o Palacete.<\/p>\n<p>Se voc\u00ea gostou desse conte\u00fado e se interessou em visitar o Parque Lage, compartilhe esse artigo nas redes sociais e marque seus familiares para que eles comecem a planejar as pr\u00f3ximas f\u00e9rias de voc\u00eas!<\/p>\n","protected":false},"excerpt":{"rendered":"<p>Um dos principais pontos tur\u00edsticos do Rio de Janeiro \u00e9 o Parque Lage, especialmente para quem quer aproveitar uma caminhada pela Floresta da Tijuca ou mergulhar um pouco na hist\u00f3ria da antiga capital do Brasil. [&hellip;]<\/p>\n","protected":false},"author":7,"featured_media":42205,"comment_status":"open","ping_status":"open","sticky":false,"template":"","format":"standard","meta":{"footnotes":""},"categories":[10],"tags":[],"class_list":["post-41941","post","type-post","status-publish","format-standard","has-post-thumbnail","hentry","category-dicas-pointer"],"acf":[],"_links":{"self":[{"href":"https:\/\/pointer.com.br\/blog\/wp-json\/wp\/v2\/posts\/41941","targetHints":{"allow":["GET"]}}],"collection":[{"href":"https:\/\/pointer.com.br\/blog\/wp-json\/wp\/v2\/posts"}],"about":[{"href":"https:\/\/pointer.com.br\/blog\/wp-json\/wp\/v2\/types\/post"}],"author":[{"embeddable":true,"href":"https:\/\/pointer.com.br\/blog\/wp-json\/wp\/v2\/users\/7"}],"replies":[{"embeddable":true,"href":"https:\/\/pointer.com.br\/blog\/wp-json\/wp\/v2\/comments?post=41941"}],"version-history":[{"count":1,"href":"https:\/\/pointer.com.br\/blog\/wp-json\/wp\/v2\/posts\/41941\/revisions"}],"predecessor-version":[{"id":41950,"href":"https:\/\/pointer.com.br\/blog\/wp-json\/wp\/v2\/posts\/41941\/revisions\/41950"}],"wp:featuredmedia":[{"embeddable":true,"href":"https:\/\/pointer.com.br\/blog\/wp-json\/wp\/v2\/media\/42205"}],"wp:attachment":[{"href":"https:\/\/pointer.com.br\/blog\/wp-json\/wp\/v2\/media?parent=41941"}],"wp:term":[{"taxonomy":"category","embeddable":true,"href":"https:\/\/pointer.com.br\/blog\/wp-json\/wp\/v2\/categories?post=41941"},{"taxonomy":"post_tag","embeddable":true,"href":"https:\/\/pointer.com.br\/blog\/wp-json\/wp\/v2\/tags?post=41941"}],"curies":[{"name":"wp","href":"https:\/\/api.w.org\/{rel}","templated":true}]}}