{"id":287,"date":"2016-09-30T15:27:29","date_gmt":"2016-09-30T18:27:29","guid":{"rendered":"https:\/\/pointer.com.br\/blog\/?p=287"},"modified":"2016-11-08T10:41:48","modified_gmt":"2016-11-08T12:41:48","slug":"tendencias-que-ainda-merecem-ser-seguidas-em-2016","status":"publish","type":"post","link":"https:\/\/pointer.com.br\/blog\/tendencias-que-ainda-merecem-ser-seguidas-em-2016\/","title":{"rendered":"Tend\u00eancias que ainda merecem ser seguidas em 2016"},"content":{"rendered":"<p>O segundo semestre de 2016 j\u00e1 engrenou e daqui a pouco s\u00f3 vai se falar no que ser\u00e1 tend\u00eancia de decora\u00e7\u00e3o no pr\u00f3ximo ano. Mas calma, ainda d\u00e1 tempo de buscar as refer\u00eancias que mais se destacaram at\u00e9 agora para inspirar a reforma de fim de ano.<\/p>\n<p>Confira algumas tend\u00eancias que podem inspirar desde uma pequena mudan\u00e7a at\u00e9 uma repagina\u00e7\u00e3o completa de ambiente. Se prepare, o dif\u00edcil ser\u00e1 n\u00e3o querer dar novos ares a casa depois de olhar esses projetos lindos.<\/p>\n<p><strong>Cores do ano<\/strong><\/p>\n<ul>\n<li style=\"text-align: left;\">Anualmente a empresa Pantone anuncia os tons eleitos como a tend\u00eancia do ano e j\u00e1 virou tradi\u00e7\u00e3o ind\u00fastrias e empresas, assim como arquitetos, artistas, designers e estilistas, usarem a cor em suas cria\u00e7\u00f5es. \u00a0Em 2016 a Pantone elegeu pela primeira vez duas cores ao mesmo tempo: Rose Quartz e Serenity \u2013 que apesar da semelhan\u00e7a, n\u00e3o devem ser confundidas com rosa e azul claro.<\/li>\n<\/ul>\n<h6 style=\"text-align: center;\"><img loading=\"lazy\" decoding=\"async\" class=\"alignnone size-full wp-image-288\" src=\"https:\/\/pointer.com.br\/blog\/wp-content\/uploads\/2016\/10\/pantone-300x295.png\" alt=\"pantone-300x295\" width=\"300\" height=\"295\" \/><br \/>\n<em>Cr\u00e9dito: Pantone Color \/ Pinterest<\/em><\/h6>\n<ul>\n<li>A escolha, <a href=\"https:\/\/www.pantone.com\/color-of-the-year-2016\">segundo a Pantone<\/a>, \u00e9 simb\u00f3lica, pois as cores visam a transmitir uma sensa\u00e7\u00e3o de &#8220;equil\u00edbrio, calma, bem estar, tranquilidade, igualdade e dualidade&#8221;. Ideal para quem busca uma casa mais aconchegante e intimista.<\/li>\n<\/ul>\n<h6 style=\"text-align: center;\"><img loading=\"lazy\" decoding=\"async\" class=\"alignnone size-full wp-image-289\" src=\"https:\/\/pointer.com.br\/blog\/wp-content\/uploads\/2016\/10\/foto2-300x295.png\" alt=\"foto2-300x295\" width=\"300\" height=\"295\" \/><br \/>\n<em>Cr\u00e9dito: Marie Claire Maioson\/Pinterest<\/em><\/h6>\n<ul>\n<li>Com revestimentos claros ou que reproduzem o efeito da madeira (falo deles mais abaixo), as cores podem ganhar paredes e objetos na decora\u00e7\u00e3o sem o perigo de enjoar os moradores.<\/li>\n<li>A ideia de misturar as cores claras sugeridas pela Pantone com mais escuras tamb\u00e9m \u00e9 uma op\u00e7\u00e3o interessante, mas nesse caso \u00e9 preciso ser um pouco mais ousado.<\/li>\n<\/ul>\n<h6 style=\"text-align: center;\"><img loading=\"lazy\" decoding=\"async\" class=\"alignnone size-full wp-image-290\" src=\"https:\/\/pointer.com.br\/blog\/wp-content\/uploads\/2016\/10\/foto3-300x295.png\" alt=\"foto3-300x295\" width=\"300\" height=\"295\" \/><br \/>\n<em>Cr\u00e9dito: Kr\u00e5kvik &amp; d`Orazi\/ Pinterest<\/em><\/h6>\n<ol>\n<li><strong>Cuba<\/strong><\/li>\n<\/ol>\n<ul>\n<li>A recente abertura econ\u00f4mica de Cuba tem atra\u00eddo cada vez mais turistas para a ilha caribenha e com isso o pa\u00eds se tornou uma grande inspira\u00e7\u00e3o para designers, estilistas, fot\u00f3grafos e arquitetos, tendo come\u00e7ado pela moda e aos poucos ganhado espa\u00e7o na decora\u00e7\u00e3o das casas.<\/li>\n<li>No estilo cubano, os revestimentos cer\u00e2micos ganham papel de destaque na decora\u00e7\u00e3o, principalmente aqueles que trazem padr\u00f5es gr\u00e1ficos e que remetem ao estilo bo\u00eamio.<\/li>\n<li>A inspira\u00e7\u00e3o cubana est\u00e1 presente no revestimento Jardim Mix, da Pointer, dispon\u00edvel tamb\u00e9m no modelo Jardim Grafite, com cores mais escuradas. O melhor \u00e9 que combina bem com um visual r\u00fastico e despojado.<\/li>\n<\/ul>\n<h6 style=\"text-align: center;\"><img loading=\"lazy\" decoding=\"async\" class=\"size-full wp-image-291 aligncenter\" src=\"https:\/\/pointer.com.br\/blog\/wp-content\/uploads\/2016\/10\/foto4-300x295-1.png\" alt=\"foto4-300x295\" width=\"300\" height=\"295\" \/><\/h6>\n<ol>\n<li><strong>Madeira<\/strong><\/li>\n<\/ol>\n<ul>\n<li>Revestimentos que trazem a refer\u00eancia dos pisos de madeira foram um dos destaques da ExpoRevestir 2016, que aconteceu no primeiro semestre desse ano. Pr\u00e1tico e vers\u00e1til, modelos com designer como o <a href=\"https:\/\/pointer.com.br\/blog\/produtos\/ceramicas\/lenho\/\">Chevron Lenho Mix<\/a> podem ser encaixados em qualquer ambiente:<br \/>\n<h6 style=\"text-align: center;\"><img loading=\"lazy\" decoding=\"async\" class=\"size-full wp-image-292 aligncenter\" src=\"https:\/\/pointer.com.br\/blog\/wp-content\/uploads\/2016\/10\/blog-foto-8-225x300.jpg\" alt=\"blog-foto-8-225x300\" width=\"225\" height=\"300\" \/><\/h6>\n<\/li>\n<li>A op\u00e7\u00e3o \u00e9 sustent\u00e1vel e pr\u00e1tica, pois n\u00e3o atinge a natureza e traz um padr\u00e3o de revestimento que ap\u00f3s d\u00e9cadas de uso se tornou uma constante nos cat\u00e1logos dos principais criadores.<\/li>\n<\/ul>\n<ol>\n<li><strong>Plantas<\/strong><\/li>\n<\/ol>\n<ul>\n<li style=\"text-align: center;\">As verdadeiras podem at\u00e9 dar trabalho para cuidar, mas valem o esfor\u00e7o. As plantas trazem vida para qualquer ambiente e cada vez mais tem surgido como um objeto de decora\u00e7\u00e3o de destaque.<br \/>\n<h6 style=\"text-align: center;\"><img loading=\"lazy\" decoding=\"async\" class=\"size-full wp-image-293 aligncenter\" src=\"https:\/\/pointer.com.br\/blog\/wp-content\/uploads\/2016\/10\/blog-foto-10-220x300.jpg\" alt=\"blog-foto-10-220x300\" width=\"220\" height=\"300\" \/><br \/>\n<em>Cr\u00e9dito: Decor Alternativa\/Pinterest<\/em><\/h6>\n<\/li>\n<li>Poucos felizardos t\u00eam hoje espa\u00e7o para um jardim ensolarado, mas isso n\u00e3o \u00e9 desculpa para n\u00e3o cultivar as plantas. Para \u00e1reas internas e de pouca luz, o ideal s\u00e3o aquelas sem ou com poucas flores, s\u00f3 de folhas escuras. Cactos e suculentas tamb\u00e9m s\u00e3o excelentes op\u00e7\u00f5es, mas engana-se quem pensa que s\u00e3o de cuidado t\u00e3o f\u00e1cil.<br \/>\n<h6 style=\"text-align: center;\"><img loading=\"lazy\" decoding=\"async\" class=\"alignnone size-full wp-image-294\" src=\"https:\/\/pointer.com.br\/blog\/wp-content\/uploads\/2016\/10\/blog-foto-11-199x300.jpg\" alt=\"blog-foto-11-199x300\" width=\"199\" height=\"300\" \/><br \/>\n<em>Cr\u00e9dito: Freunde von Freunden<\/em><\/h6>\n<\/li>\n<li>Combinado com as ideias de revestimento mostradas acima, o verde das plantas pode renovar qualquer ambiente e sempre ser\u00e1 atual.<\/li>\n<\/ul>\n<p><strong>Gostou das ideias? Compartilhe o link com seus colegas atrav\u00e9s das redes sociais. Semana que vem tem mais!<\/strong><\/p>\n<p><em>*Bianca Bibiano \u00e9 jornalista, paulista e sempre \u00e0 procura de boas tend\u00eancias e ideias pr\u00e1ticas para decorar com bom gosto.<\/em><\/p>\n","protected":false},"excerpt":{"rendered":"<p>O segundo semestre de 2016 j\u00e1 engrenou e daqui a pouco s\u00f3 vai se falar no que ser\u00e1 tend\u00eancia de decora\u00e7\u00e3o no pr\u00f3ximo ano. Mas calma, ainda d\u00e1 tempo de buscar as refer\u00eancias que mais [&hellip;]<\/p>\n","protected":false},"author":1,"featured_media":414,"comment_status":"open","ping_status":"open","sticky":false,"template":"","format":"standard","meta":{"footnotes":""},"categories":[16],"tags":[],"class_list":["post-287","post","type-post","status-publish","format-standard","has-post-thumbnail","hentry","category-dicas-e-tendencias-de-decoracao"],"acf":[],"_links":{"self":[{"href":"https:\/\/pointer.com.br\/blog\/wp-json\/wp\/v2\/posts\/287","targetHints":{"allow":["GET"]}}],"collection":[{"href":"https:\/\/pointer.com.br\/blog\/wp-json\/wp\/v2\/posts"}],"about":[{"href":"https:\/\/pointer.com.br\/blog\/wp-json\/wp\/v2\/types\/post"}],"author":[{"embeddable":true,"href":"https:\/\/pointer.com.br\/blog\/wp-json\/wp\/v2\/users\/1"}],"replies":[{"embeddable":true,"href":"https:\/\/pointer.com.br\/blog\/wp-json\/wp\/v2\/comments?post=287"}],"version-history":[{"count":3,"href":"https:\/\/pointer.com.br\/blog\/wp-json\/wp\/v2\/posts\/287\/revisions"}],"predecessor-version":[{"id":296,"href":"https:\/\/pointer.com.br\/blog\/wp-json\/wp\/v2\/posts\/287\/revisions\/296"}],"wp:featuredmedia":[{"embeddable":true,"href":"https:\/\/pointer.com.br\/blog\/wp-json\/wp\/v2\/media\/414"}],"wp:attachment":[{"href":"https:\/\/pointer.com.br\/blog\/wp-json\/wp\/v2\/media?parent=287"}],"wp:term":[{"taxonomy":"category","embeddable":true,"href":"https:\/\/pointer.com.br\/blog\/wp-json\/wp\/v2\/categories?post=287"},{"taxonomy":"post_tag","embeddable":true,"href":"https:\/\/pointer.com.br\/blog\/wp-json\/wp\/v2\/tags?post=287"}],"curies":[{"name":"wp","href":"https:\/\/api.w.org\/{rel}","templated":true}]}}