{"id":2743,"date":"2018-05-02T11:07:12","date_gmt":"2018-05-02T14:07:12","guid":{"rendered":"https:\/\/pointer.com.br\/blog\/?p=2743"},"modified":"2018-05-03T10:31:56","modified_gmt":"2018-05-03T13:31:56","slug":"cobre-na-decoracao","status":"publish","type":"post","link":"https:\/\/pointer.com.br\/blog\/cobre-na-decoracao\/","title":{"rendered":"J\u00e1 pensou em usar cobre na decora\u00e7\u00e3o? N\u00f3s te mostramos como!"},"content":{"rendered":"<p>Uma das coisas mais interessante nas tend\u00eancias de design de interiores \u00e9 que elas se renovam com itens simples. O uso do cobre na decora\u00e7\u00e3o, por exemplo, \u00e9 uma ideia que incorpora muito estilo ao ambiente sem precisar ser extravagante demais.<\/p>\n<p>Se voc\u00ea adora as combina\u00e7\u00f5es que levam o cobre para decorar a casa, este post \u00e9 perfeito para as suas necessidades. Durante a leitura, voc\u00ea vai entender melhor como mesclar essa cor com os outros itens e como obter resultados incr\u00edveis usando elementos dessa tonalidade na composi\u00e7\u00e3o. Acompanhe e transforme seu espa\u00e7o com nossas dicas!<\/p>\n<p><img decoding=\"async\" class=\"mfp-img\" src=\"https:\/\/s3.amazonaws.com\/rockcontent-bucket\/images\/production\/190132-ja-pensou-em-usar-cobre-na-decoracao-nos-te-mostramos-como.jpg?1523983712\" \/><\/p>\n<h2>Cobre + rose gold: ousado e criativo<\/h2>\n<p>O\u00a0<a href=\"https:\/\/pointer.com.br\/blog\/decoracao-rose-gold\/\" target=\"_blank\" rel=\"noopener\">rose gold<\/a>\u00a0\u00e9 uma das grandes tend\u00eancias de decora\u00e7\u00e3o. Para complementar essa moda, o cobre costuma surtir um efeito incr\u00edvel e muito criativo. Aquele cantinho da sala que ainda est\u00e1 vazio\u00a0pode ser preenchido com vasos que mesclam as duas tonalidades, que tal?<\/p>\n<p>O brilho do rose gold e pe\u00e7as com detalhes em cobre em um tom mais opaco trazem um efeito decorativo impactante sem precisar fazer grandes mudan\u00e7as na casa.<\/p>\n<p><img decoding=\"async\" class=\"mfp-img\" src=\"https:\/\/s3.amazonaws.com\/rockcontent-bucket\/images\/production\/190123-ja-pensou-em-usar-cobre-na-decoracao-nos-te-mostramos-como.jpg?1523983545\" \/><\/p>\n<h2>Cobre + madeira: classe com uma pitada de estilo<\/h2>\n<p>A madeira \u00e9 vers\u00e1til e pode fazer parte de diferentes tipos de decora\u00e7\u00e3o. No caso das r\u00fasticas,\u00a0a mescla com algum objeto em cobre opaco pode manter o estilo, por\u00e9m agregando um toque especial de criatividade.<\/p>\n<p>Em uma cozinha toda de madeira, por exemplo, voc\u00ea pode optar por colocar um porta-utens\u00edlios em cobre ao lado do fog\u00e3o ou at\u00e9 mesmo comprar um jogo de panelas na cor para pendurar nas paredes: o resultado \u00e9 incr\u00edvel e o ambiente fica lindo e muito pr\u00e1tico.<\/p>\n<p><img decoding=\"async\" class=\"mfp-img\" src=\"https:\/\/s3.amazonaws.com\/rockcontent-bucket\/images\/production\/190128-ja-pensou-em-usar-cobre-na-decoracao-nos-te-mostramos-como.jpg?1523983613\" \/><\/p>\n<h2>Cobre + revestimentos neutros: equil\u00edbrio nas cores<\/h2>\n<p>Um\u00a0<a href=\"https:\/\/pointer.com.br\/blog\/decoracao-clean\/\" target=\"_blank\" rel=\"noopener\">ambiente clean<\/a>\u00a0n\u00e3o precisa ser todo de cores neutras para dar aquela impress\u00e3o de amplitude e paz em um espa\u00e7o interno. \u00c9 poss\u00edvel, sim, casar elementos claros\u00a0(especialmente os\u00a0<a href=\"http:\/\/pointer.com.br\/revestimentos\/neutra\" target=\"_blank\" rel=\"noopener\">revestimentos<\/a>) com objetos de decora\u00e7\u00e3o em cobre para levantar o visual do c\u00f4modo\u00a0sem deix\u00e1-lo polu\u00eddo.<\/p>\n<p>Se voc\u00ea tem salas de jantar e estar integradas, por exemplo, e gosta de decora\u00e7\u00e3o clean, mas quer trazer um pouco mais de vida ao seu lar, a dica \u00e9 investir em pontos de cor. Como o cobre combina facilmente com muitas outras tonalidades, ele tamb\u00e9m pode ser aplicado na moldura de um\u00a0<a href=\"https:\/\/pointer.com.br\/blog\/5-dicas-para-usar-espelhos-na-decoracao-corretamente\/\" target=\"_blank\" rel=\"noopener\">espelho<\/a>, em objetos sobre\u00a0<a href=\"https:\/\/pointer.com.br\/blog\/prateleiras-e-estantes\/\" target=\"_blank\" rel=\"noopener\">prateleiras<\/a>\u00a0e at\u00e9 em algum m\u00f3vel, como uma mesa de canto ou um aparador.<\/p>\n<p><img decoding=\"async\" class=\"mfp-img\" src=\"https:\/\/s3.amazonaws.com\/rockcontent-bucket\/images\/production\/190126-ja-pensou-em-usar-cobre-na-decoracao-nos-te-mostramos-como.jpg?1523983584\" \/><\/p>\n<p><img decoding=\"async\" src=\"https:\/\/s3.amazonaws.com\/rockcontent-bucket\/images\/production\/190141-ja-pensou-em-usar-cobre-na-decoracao-nos-te-mostramos-como.jpg?1523983865\" \/><\/p>\n<h2>Prata + dourado + cobre: o trio cl\u00e1ssico<\/h2>\n<p>Quem gosta de mesclar esses tr\u00eas tons metalizados normalmente tem prefer\u00eancia por um ambiente com glamour na medida certa. Pendurar uma\u00a0<a href=\"https:\/\/pointer.com.br\/blog\/tipos-de-luminaria\/\" target=\"_blank\" rel=\"noopener\">lumin\u00e1ria<\/a>\u00a0de cada cor na divis\u00f3ria entre a cozinha e a sala, por exemplo, traz um charme incr\u00edvel e ainda ilumina a bancada com muito estilo.<\/p>\n<div id=\"attachment_2745\" style=\"width: 880px\" class=\"wp-caption aligncenter\"><img loading=\"lazy\" decoding=\"async\" aria-describedby=\"caption-attachment-2745\" class=\"wp-image-2745 size-full\" src=\"https:\/\/pointer.com.br\/blog\/wp-content\/uploads\/2018\/04\/ja-pensou-em-usar-cobre-na-decoracao-nos-te-mostramos-como.jpg\" alt=\"\" width=\"870\" height=\"489\" srcset=\"https:\/\/pointer.com.br\/blog\/wp-content\/uploads\/2018\/04\/ja-pensou-em-usar-cobre-na-decoracao-nos-te-mostramos-como.jpg 870w, https:\/\/pointer.com.br\/blog\/wp-content\/uploads\/2018\/04\/ja-pensou-em-usar-cobre-na-decoracao-nos-te-mostramos-como-300x169.jpg 300w, https:\/\/pointer.com.br\/blog\/wp-content\/uploads\/2018\/04\/ja-pensou-em-usar-cobre-na-decoracao-nos-te-mostramos-como-768x432.jpg 768w\" sizes=\"auto, (max-width: 870px) 100vw, 870px\" \/><p id=\"caption-attachment-2745\" class=\"wp-caption-text\"><strong><a href=\"https:\/\/www.pointer.com.br\/revestimento\/metro-nude-ret-30X60-brilho\" target=\"_blank\" rel=\"noopener\">Linha Metro Nude Ret<\/a><\/strong><\/p><\/div>\n<p><img decoding=\"async\" class=\"mfp-img\" src=\"https:\/\/s3.amazonaws.com\/rockcontent-bucket\/images\/production\/190124-ja-pensou-em-usar-cobre-na-decoracao-nos-te-mostramos-como.jpg?1523983561\" \/><\/p>\n<div style=\"width: 880px\" class=\"wp-caption alignnone\"><img loading=\"lazy\" decoding=\"async\" class=\"mfp-img\" src=\"https:\/\/s3.amazonaws.com\/rockcontent-bucket\/images\/production\/190146-ja-pensou-em-usar-cobre-na-decoracao-nos-te-mostramos-como.jpg?1523983983\" alt=\"\" width=\"870\" height=\"489\" \/><p class=\"wp-caption-text\"><strong><a href=\"http:\/\/pointer.com.br\/revestimento\/avelana-champagne-ret-15X90-mate\" target=\"_blank\" rel=\"noopener\">Linha Mediterranea Avelana Champagne Ret<\/a><\/strong><\/p><\/div>\n<p>O cobre na decora\u00e7\u00e3o pode ser inserido de v\u00e1rias maneiras e sua tonalidade \u00e9 capaz de harmonizar perfeitamente com diversos tipos de revestimento e estilos. As pe\u00e7as nessa cor ajudam a dar um toque de eleg\u00e2ncia a qualquer espa\u00e7o.<\/p>\n<p>E ent\u00e3o, o que acha de investir em objetos de cobre para a sua casa? Agora que voc\u00ea j\u00e1 sabe como usar essa tend\u00eancia, compartilhe este texto em suas redes sociais e ajude seus amigos a renovar a decora\u00e7\u00e3o!<\/p>\n","protected":false},"excerpt":{"rendered":"<p>Uma das coisas mais interessante nas tend\u00eancias de design de interiores \u00e9 que elas se renovam com itens simples. O uso do cobre na decora\u00e7\u00e3o, por exemplo, \u00e9 uma ideia que incorpora muito estilo ao [&hellip;]<\/p>\n","protected":false},"author":7,"featured_media":2745,"comment_status":"open","ping_status":"open","sticky":false,"template":"","format":"standard","meta":{"footnotes":""},"categories":[16],"tags":[],"class_list":["post-2743","post","type-post","status-publish","format-standard","has-post-thumbnail","hentry","category-dicas-e-tendencias-de-decoracao"],"acf":[],"_links":{"self":[{"href":"https:\/\/pointer.com.br\/blog\/wp-json\/wp\/v2\/posts\/2743","targetHints":{"allow":["GET"]}}],"collection":[{"href":"https:\/\/pointer.com.br\/blog\/wp-json\/wp\/v2\/posts"}],"about":[{"href":"https:\/\/pointer.com.br\/blog\/wp-json\/wp\/v2\/types\/post"}],"author":[{"embeddable":true,"href":"https:\/\/pointer.com.br\/blog\/wp-json\/wp\/v2\/users\/7"}],"replies":[{"embeddable":true,"href":"https:\/\/pointer.com.br\/blog\/wp-json\/wp\/v2\/comments?post=2743"}],"version-history":[{"count":3,"href":"https:\/\/pointer.com.br\/blog\/wp-json\/wp\/v2\/posts\/2743\/revisions"}],"predecessor-version":[{"id":2749,"href":"https:\/\/pointer.com.br\/blog\/wp-json\/wp\/v2\/posts\/2743\/revisions\/2749"}],"wp:featuredmedia":[{"embeddable":true,"href":"https:\/\/pointer.com.br\/blog\/wp-json\/wp\/v2\/media\/2745"}],"wp:attachment":[{"href":"https:\/\/pointer.com.br\/blog\/wp-json\/wp\/v2\/media?parent=2743"}],"wp:term":[{"taxonomy":"category","embeddable":true,"href":"https:\/\/pointer.com.br\/blog\/wp-json\/wp\/v2\/categories?post=2743"},{"taxonomy":"post_tag","embeddable":true,"href":"https:\/\/pointer.com.br\/blog\/wp-json\/wp\/v2\/tags?post=2743"}],"curies":[{"name":"wp","href":"https:\/\/api.w.org\/{rel}","templated":true}]}}