{"id":2693,"date":"2018-04-11T16:27:53","date_gmt":"2018-04-11T19:27:53","guid":{"rendered":"https:\/\/pointer.com.br\/blog\/?p=2693"},"modified":"2018-04-11T16:27:53","modified_gmt":"2018-04-11T19:27:53","slug":"porta-decorada","status":"publish","type":"post","link":"https:\/\/pointer.com.br\/blog\/porta-decorada\/","title":{"rendered":"Porta decorada: saiba como fazer e onde usar essa tend\u00eancia"},"content":{"rendered":"<div class=\"content-article\">\n<div id=\"read-only-article\">\n<div>\n<p>Voc\u00ea j\u00e1 pensou em manter\u00a0uma porta decorada em casa?\u00a0A ideia virou tend\u00eancia e pode ser colocada em pr\u00e1tica de diversas maneiras, contanto que voc\u00ea respeite a\u00a0<a href=\"https:\/\/www.pointer.com.br\/studio-pointer\/paleta-de-cores\/\" target=\"_blank\" rel=\"noopener\">paleta de cores<\/a>\u00a0do ambiente e, principalmente, o seu estilo e suas prefer\u00eancias.<img loading=\"lazy\" decoding=\"async\" class=\"mfp-img aligncenter\" src=\"https:\/\/s3.amazonaws.com\/rockcontent-bucket\/images\/production\/184930-porta-decorada-saiba-como-fazer-e-onde-usar-essa-tendencia.jpg?1522353943\" alt=\"\" width=\"725\" height=\"676\" \/><\/p>\n<p>A op\u00e7\u00e3o \u00e9 perfeita para dar um toque alegre \u00e0 resid\u00eancia e suas principais \u00e1reas de acesso. Ela pode agregar personalidade, criar um ponto de destaque e decorar os c\u00f4modos nas principais\u00a0datas comemorativas.<\/p>\n<p>Vamos conferir as possibilidades? Acompanhe o nosso artigo e m\u00e3os \u00e0 obra!<\/p>\n<h3><img decoding=\"async\" class=\"mfp-img\" src=\"https:\/\/s3.amazonaws.com\/rockcontent-bucket\/images\/production\/177711-porta-decorada-saiba-como-fazer-e-onde-usar-essa-tendencia.jpg?1520384477\" \/><\/h3>\n<h2>Dicas para fazer a porta decorada<\/h2>\n<p>Quase sempre revestidas com tons neutros ou materiais naturais\u00a0(madeira), as portas s\u00e3o elementos que praticamente se camuflam na decora\u00e7\u00e3o. A boa not\u00edcia \u00e9 que existem v\u00e1rias maneiras de\u00a0valoriz\u00e1-las com a adi\u00e7\u00e3o de\u00a0cores, estampas e texturas.<\/p>\n<p>Veja a seguir as dicas que separamos para\u00a0<a href=\"https:\/\/www.pointer.com.br\/studio-pointer\/decorar-sem-gastar-muito\/\" target=\"_blank\" rel=\"noopener\">customizar sem gastar muito<\/a>.<\/p>\n<h3>Pintura<\/h3>\n<p>Mesmo sendo a t\u00e9cnica mais b\u00e1sica, tamb\u00e9m \u00e9\u00a0a que exige maior\u00a0criatividade. Afinal, al\u00e9m de tingir a porta com uma \u00fanica cor, voc\u00ea ainda pode usar a pintura para fazer desenhos abstratos, figuras geom\u00e9tricas e paisagens em toda a superf\u00edcie.\u00a0Se preferir, use moldes para aplicar a tinta\u00a0em \u00e1reas espec\u00edficas, formando imagens ou letras.<\/p>\n<p><img decoding=\"async\" class=\"mfp-img\" src=\"https:\/\/s3.amazonaws.com\/rockcontent-bucket\/images\/production\/186515-porta-decorada-saiba-como-fazer-e-onde-usar-essa-tendencia.jpg?1522863564\" \/><\/p>\n<p><img decoding=\"async\" class=\"mfp-img\" src=\"https:\/\/s3.amazonaws.com\/rockcontent-bucket\/images\/production\/177712-porta-decorada-saiba-como-fazer-e-onde-usar-essa-tendencia.jpg?1520384490\" \/><\/p>\n<h3>Adesivo<\/h3>\n<p>Dispon\u00edveis em diferentes padronagens, os adesivos s\u00e3o solu\u00e7\u00f5es r\u00e1pidas para compor qualquer elemento da casa. H\u00e1 op\u00e7\u00f5es que cobrem a porta inteira e modelos que reproduzem o contorno de uma figura espec\u00edfica, como uma \u00e1rvore, uma nuvem, um barco\u00a0etc. Voc\u00ea pode escolher o seu preferido na loja mais pr\u00f3xima ou improvisar linhas e faixas com a aplica\u00e7\u00e3o de fita colorida (washi tape).<\/p>\n<h3>Tecido<\/h3>\n<p>Tem um modelo de tecido com uma\u00a0<a href=\"https:\/\/www.pointer.com.br\/studio-pointer\/decoracao-com-estampas\/\" target=\"_blank\" rel=\"noopener\">estampa<\/a>\u00a0que voc\u00ea adora? Pois saiba que esse \u00e9\u00a0um\u00a0\u00f3timo material para cobrir a sua porta e transform\u00e1-la por completo. Para fix\u00e1-lo, basta diluir\u00a0cola branca em \u00e1gua e\u00a0aplicar essa solu\u00e7\u00e3o na superf\u00edcie desejada. Procure passar\u00a0uma camada por baixo do tecido e outra por cima e, se poss\u00edvel,\u00a0utilizar pe\u00e7as leves, com menor gramatura.<\/p>\n<h3>Lousa<\/h3>\n<p>Essa tend\u00eancia ganhou espa\u00e7o nas resid\u00eancias\u00a0por ser divertida e descolada, permitindo\u00a0que os moradores registrem frases ou desenhos. Voc\u00ea tem duas op\u00e7\u00f5es para incorporar essa solu\u00e7\u00e3o: adquirir um quadro do tipo escolar para pendurar na porta ou investir em tinta de lousa. Esse produto pode ser preto ou verde-escuro e sua aplica\u00e7\u00e3o cria\u00a0uma superf\u00edcie em que \u00e9 poss\u00edvel escrever com o giz.<\/p>\n<h2>Locais ideais para a aplica\u00e7\u00e3o da\u00a0tend\u00eancia<\/h2>\n<p>Uma\u00a0porta decorada com cuidado \u00e9 capaz de valorizar qualquer ambiente da sua casa. Para acertar na escolha do material, das cores e das estampas, \u00e9 essencial considerar o estilo os\u00a0<a href=\"https:\/\/www.pointer.com.br\/studio-pointer\/comprar-itens-de-decoracao-online\/\" target=\"_blank\" rel=\"noopener\">itens de decora\u00e7\u00e3o<\/a>\u00a0presentes no c\u00f4modo.<\/p>\n<p>Uma cozinha que apresenta\u00a0paredes brancas e\u00a0<a href=\"https:\/\/www.pointer.com.br\/linhas\/decorabranco\/\" target=\"_blank\" rel=\"noopener\">revestimentos de cores claras<\/a>, por exemplo, \u00e9 uma base neutra ideal para a adi\u00e7\u00e3o de portas trabalhadas com tons mais fortes e vibrantes, como o vermelho ou verde-lim\u00e3o.<\/p>\n<p>Por outro lado, uma sala que j\u00e1 tem muita informa\u00e7\u00e3o e mistura de elementos fica melhor com op\u00e7\u00f5es discretas. Nesse caso, a\u00a0porta pode ser coberta por miniestampas sobre um fundo branco ou preto. Uma alternativa \u00e9 adicionar tecidos que, mesmo em tons neutros, trazem um detalhe a mais, que \u00e9 a textura.<\/p>\n<p><img decoding=\"async\" class=\"mfp-img\" src=\"https:\/\/s3.amazonaws.com\/rockcontent-bucket\/images\/production\/186520-porta-decorada-saiba-como-fazer-e-onde-usar-essa-tendencia.jpg?1522863738\" \/><\/p>\n<p>Para n\u00e3o ter d\u00favidas, tente imaginar como ficaria cada solu\u00e7\u00e3o em determinado espa\u00e7o da casa. Em \u00e9pocas de\u00a0P\u00e1scoa, Natal, Ano Novo e festas tem\u00e1ticas, a dica \u00e9 complementar a porta com adornos caracter\u00edsticos \u2014 guirlandas, faixas e cestas, por exemplo.<\/p>\n<p><img decoding=\"async\" class=\"mfp-img\" src=\"https:\/\/s3.amazonaws.com\/rockcontent-bucket\/images\/production\/184928-porta-decorada-saiba-como-fazer-e-onde-usar-essa-tendencia.jpg?1522353901\" \/><\/p>\n<p>Tamb\u00e9m vale\u00a0criar uma porta decorada com objetos que ajudem a identificar o\u00a0<a href=\"https:\/\/www.pointer.com.br\/studio-pointer\/cores-para-o-quarto-de-bebe\/\" target=\"_blank\" rel=\"noopener\">quarto do beb\u00ea<\/a>. Para isso, use s\u00edmbolos infantis, quadrinhos com molduras e plaquinhas fofas contendo o nome da crian\u00e7a.<\/p>\n<p>Gostou das dicas do nosso post? Aproveitando o gancho do assunto, confira agora as nossas\u00a0refer\u00eancias para o uso de\u00a0<a href=\"https:\/\/www.pointer.com.br\/studio-pointer\/portas-e-janelas-coloridas\/\" target=\"_blank\" rel=\"noopener\">portas e janelas coloridas<\/a>!<\/p>\n<p>#VivaSuaCasa #DesignDemocr\u00e1tico #DicaPointer #Decora\u00e7\u00e3o #MaisDesignEmSuaVida<\/p>\n<\/div>\n<\/div>\n<\/div>\n<div class=\"content-images\"><\/div>\n","protected":false},"excerpt":{"rendered":"<p>Voc\u00ea j\u00e1 pensou em manter\u00a0uma porta decorada em casa?\u00a0A ideia virou tend\u00eancia e pode ser colocada em pr\u00e1tica de diversas maneiras, contanto que voc\u00ea respeite a\u00a0paleta de cores\u00a0do ambiente e, principalmente, o seu estilo e [&hellip;]<\/p>\n","protected":false},"author":7,"featured_media":2694,"comment_status":"open","ping_status":"open","sticky":false,"template":"","format":"standard","meta":{"footnotes":""},"categories":[16],"tags":[],"class_list":["post-2693","post","type-post","status-publish","format-standard","has-post-thumbnail","hentry","category-dicas-e-tendencias-de-decoracao"],"acf":[],"_links":{"self":[{"href":"https:\/\/pointer.com.br\/blog\/wp-json\/wp\/v2\/posts\/2693","targetHints":{"allow":["GET"]}}],"collection":[{"href":"https:\/\/pointer.com.br\/blog\/wp-json\/wp\/v2\/posts"}],"about":[{"href":"https:\/\/pointer.com.br\/blog\/wp-json\/wp\/v2\/types\/post"}],"author":[{"embeddable":true,"href":"https:\/\/pointer.com.br\/blog\/wp-json\/wp\/v2\/users\/7"}],"replies":[{"embeddable":true,"href":"https:\/\/pointer.com.br\/blog\/wp-json\/wp\/v2\/comments?post=2693"}],"version-history":[{"count":1,"href":"https:\/\/pointer.com.br\/blog\/wp-json\/wp\/v2\/posts\/2693\/revisions"}],"predecessor-version":[{"id":2695,"href":"https:\/\/pointer.com.br\/blog\/wp-json\/wp\/v2\/posts\/2693\/revisions\/2695"}],"wp:featuredmedia":[{"embeddable":true,"href":"https:\/\/pointer.com.br\/blog\/wp-json\/wp\/v2\/media\/2694"}],"wp:attachment":[{"href":"https:\/\/pointer.com.br\/blog\/wp-json\/wp\/v2\/media?parent=2693"}],"wp:term":[{"taxonomy":"category","embeddable":true,"href":"https:\/\/pointer.com.br\/blog\/wp-json\/wp\/v2\/categories?post=2693"},{"taxonomy":"post_tag","embeddable":true,"href":"https:\/\/pointer.com.br\/blog\/wp-json\/wp\/v2\/tags?post=2693"}],"curies":[{"name":"wp","href":"https:\/\/api.w.org\/{rel}","templated":true}]}}