{"id":2439,"date":"2018-01-31T09:18:01","date_gmt":"2018-01-31T11:18:01","guid":{"rendered":"https:\/\/pointer.com.br\/blog\/?p=2439\/"},"modified":"2018-01-29T14:32:10","modified_gmt":"2018-01-29T16:32:10","slug":"sofa-na-mesa-de-jantar","status":"publish","type":"post","link":"https:\/\/pointer.com.br\/blog\/sofa-na-mesa-de-jantar\/","title":{"rendered":"Sof\u00e1 na mesa de jantar? Saiba como montar um canto alem\u00e3o"},"content":{"rendered":"<p>Quem n\u00e3o gosta de se sentar naqueles sof\u00e1s ou bancos acolchoados em uma pra\u00e7a de alimenta\u00e7\u00e3o, bar ou restaurante? Al\u00e9m de confort\u00e1veis, eles s\u00e3o aconchegantes e bonitos. Mas voc\u00ea j\u00e1 pensou em levar esse estilo para a sua casa?<\/p>\n<p>Uma <a href=\"https:\/\/pointer.com.br\/blog\/decoracao-de-mesa-de-jantar\/\" target=\"_blank\">mesa<\/a> equipada com um sof\u00e1 ou banco, al\u00e9m das cadeiras tradicionais de jantar, recebe o nome de canto alem\u00e3o, uma tend\u00eancia cada vez mais procurada por aqui, tanto nos estabelecimentos quanto nos lares. E o melhor \u00e9 que ele traz mais do que beleza e conforto, j\u00e1 que tamb\u00e9m \u00e9 uma \u00f3tima maneira de aproveitar melhor o espa\u00e7o.<\/p>\n<p>Por isso, se voc\u00ea procura uma op\u00e7\u00e3o diferenciada para sua sala de jantar, especialmente se ela tiver um tamanho reduzido, o canto alem\u00e3o vai ficar incr\u00edvel. Continue a leitura e descubra agora mesmo como montar o seu!<\/p>\n<h2>Escolha m\u00f3veis em formato de L<\/h2>\n<p>Para o sof\u00e1 do seu canto alem\u00e3o, recomendamos a escolha de um modelo em formato de L, o que deixar\u00e1 o local ainda mais caracter\u00edstico e aconchegante.<\/p>\n<p>Al\u00e9m disso, os sof\u00e1s em L tamb\u00e9m aproveitam melhor o espa\u00e7o. Para complementar, no lado da mesa oposto \u00e0 parte extensa do sof\u00e1, adicione cadeiras tradicionais. Voc\u00ea ter\u00e1 v\u00e1rios assentos para seus convidados sem &#8220;sufocar&#8221; o c\u00f4modo.<\/p>\n<p><img decoding=\"async\" class=\"mfp-img\" src=\"https:\/\/s3.amazonaws.com\/rockcontent-bucket\/images\/production\/162808-sofa-na-mesa-de-jantar-saiba-como-montar-um-canto-alemao.jpg?1516398187\" \/><\/p>\n<h2>Prefira revestimentos claros<\/h2>\n<p>Al\u00e9m da escolha dos m\u00f3veis, outro fator que torna o canto alem\u00e3o t\u00e3o confort\u00e1vel \u00e9 seu aspecto clean e minimalista, mas ainda cheio de personalidade. Para valorizar isso, d\u00ea prefer\u00eancia aos\u00a0<a href=\"https:\/\/pointer.com.br\/blog\/ambientes\/sala\/8\/113\/\" target=\"_blank\">revestimentos em tons claros<\/a>.<\/p>\n<p>Isso vai permitir que o canto alem\u00e3o reflita melhor a luz do ambiente, o que d\u00e1 a impress\u00e3o de que o c\u00f4modo \u00e9 mais amplo. Se quiser fugir do branco total na sala de jantar, invista em objetos de decora\u00e7\u00e3o, tapetes e quadros em cores vibrantes, por exemplo.<\/p>\n<h2>Adquira m\u00f3veis de madeira<\/h2>\n<p>Os <a href=\"https:\/\/pointer.com.br\/blog\/reforma-de-moveis-antigos\/\" target=\"_blank\">m\u00f3veis de madeira<\/a> trazem um aspecto r\u00fastico\u00a0ao canto alem\u00e3o, colaborando assim para que o ambiente tenha personalidade.<\/p>\n<p>Para complementar com o sof\u00e1, mesas e cadeiras de madeira ficar\u00e3o excelentes. Se preferir um banco acolchoado, ele tamb\u00e9m pode ser de madeira \u2014 e voc\u00ea pode otimizar ainda mais o espa\u00e7o dispon\u00edvel se escolher um banco com ba\u00fa.<\/p>\n<div style=\"width: 970px\" class=\"wp-caption alignnone\"><img loading=\"lazy\" decoding=\"async\" class=\"decimgprincipal ng-isolate-scope\" src=\"https:\/\/decora-public-thumbs-sp.s3.amazonaws.com\/2017\/10\/26\/1b356e32db73b3127b4af8eb2c438060.jpg\" width=\"960\" height=\"540\" \/><p class=\"wp-caption-text\"><strong><a href=\"https:\/\/pointer.com.br\/blog\/linhas\/buzios\/\" target=\"_blank\">Linha Buzios Am\u00eandoa<\/a>, da Pointer, trazendo sofistica\u00e7\u00e3o para o ambiente da sala de jantar <\/strong><\/p><\/div>\n<h2>Aposte em uma decora\u00e7\u00e3o r\u00fastica<\/h2>\n<p>Complementando a dica anterior, o canto alem\u00e3o combina perfeitamente com uma decora\u00e7\u00e3o r\u00fastica. Isso vai deixar\u00a0seu espa\u00e7o ainda mais charmoso e agrad\u00e1vel, rendendo \u00f3timos momentos para voc\u00ea, sua fam\u00edlia e seus amigos sempre que se reunirem ali, seja para um jantar especial ou para uma refei\u00e7\u00e3o cotidiana.<\/p>\n<p>A decora\u00e7\u00e3o r\u00fastica pode ser feita por meio de objetos artesanais e artigos de cer\u00e2mica. Ao lado dos m\u00f3veis de madeira e dos revestimentos claros, invista em pe\u00e7as de\u00a0tons quentes e que remetam \u00e0 natureza, como laranja, marrom e verde-escuro. <a href=\"https:\/\/pointer.com.br\/blog\/terrarios\/\" target=\"_blank\">Plantas<\/a> tamb\u00e9m ajudam a trazer uma certa naturalidade ao c\u00f4modo.<\/p>\n<p>Outra vantagem \u00e9 a facilidade em integrar o canto alem\u00e3o ao restante do ambiente, j\u00e1 que o estilo r\u00fastico\u00a0pode ser facilmente intercalado\u00a0com outras op\u00e7\u00f5es, como o moderno ou o rom\u00e2ntico.<img decoding=\"async\" class=\"mfp-img\" src=\"https:\/\/s3.amazonaws.com\/rockcontent-bucket\/images\/production\/155472-sofa-na-mesa-de-jantar-saiba-como-montar-um-canto-alemao.jpg?1514295077\" \/><\/p>\n<p>E lembre-se de que, se sua cozinha ou sala de estar for integrada \u00e0 sala de jantar, o canto alem\u00e3o pode ser uma alternativa ainda mais interessante para aproveitar ao m\u00e1ximo o espa\u00e7o dispon\u00edvel.<\/p>\n<p>Pronto para montar seu canto alem\u00e3o? Ele vai garantir muitos momentos especiais no seu dia a dia! Agora, compartilhe este post nas suas redes sociais e mostre aos seus amigos por que um ambiente como esse faz toda a diferen\u00e7a.<\/p>\n<p>#VivaSuaCasa #DesignDemocr\u00e1tico #DicaPointer #Decora\u00e7\u00e3o #MaisDesignEmSuaVida<\/p>\n","protected":false},"excerpt":{"rendered":"<p>Quem n\u00e3o gosta de se sentar naqueles sof\u00e1s ou bancos acolchoados em uma pra\u00e7a de alimenta\u00e7\u00e3o, bar ou restaurante? Al\u00e9m de confort\u00e1veis, eles s\u00e3o aconchegantes e bonitos. Mas voc\u00ea j\u00e1 pensou em levar esse estilo [&hellip;]<\/p>\n","protected":false},"author":5,"featured_media":2440,"comment_status":"open","ping_status":"open","sticky":false,"template":"","format":"standard","meta":{"footnotes":""},"categories":[16],"tags":[],"class_list":["post-2439","post","type-post","status-publish","format-standard","has-post-thumbnail","hentry","category-dicas-e-tendencias-de-decoracao"],"acf":[],"_links":{"self":[{"href":"https:\/\/pointer.com.br\/blog\/wp-json\/wp\/v2\/posts\/2439","targetHints":{"allow":["GET"]}}],"collection":[{"href":"https:\/\/pointer.com.br\/blog\/wp-json\/wp\/v2\/posts"}],"about":[{"href":"https:\/\/pointer.com.br\/blog\/wp-json\/wp\/v2\/types\/post"}],"author":[{"embeddable":true,"href":"https:\/\/pointer.com.br\/blog\/wp-json\/wp\/v2\/users\/5"}],"replies":[{"embeddable":true,"href":"https:\/\/pointer.com.br\/blog\/wp-json\/wp\/v2\/comments?post=2439"}],"version-history":[{"count":1,"href":"https:\/\/pointer.com.br\/blog\/wp-json\/wp\/v2\/posts\/2439\/revisions"}],"predecessor-version":[{"id":2442,"href":"https:\/\/pointer.com.br\/blog\/wp-json\/wp\/v2\/posts\/2439\/revisions\/2442"}],"wp:featuredmedia":[{"embeddable":true,"href":"https:\/\/pointer.com.br\/blog\/wp-json\/wp\/v2\/media\/2440"}],"wp:attachment":[{"href":"https:\/\/pointer.com.br\/blog\/wp-json\/wp\/v2\/media?parent=2439"}],"wp:term":[{"taxonomy":"category","embeddable":true,"href":"https:\/\/pointer.com.br\/blog\/wp-json\/wp\/v2\/categories?post=2439"},{"taxonomy":"post_tag","embeddable":true,"href":"https:\/\/pointer.com.br\/blog\/wp-json\/wp\/v2\/tags?post=2439"}],"curies":[{"name":"wp","href":"https:\/\/api.w.org\/{rel}","templated":true}]}}