{"id":2311,"date":"2018-01-17T10:44:22","date_gmt":"2018-01-17T12:44:22","guid":{"rendered":"https:\/\/pointer.com.br\/blog\/?p=2311\/"},"modified":"2018-01-18T16:26:00","modified_gmt":"2018-01-18T18:26:00","slug":"festa-no-jardim","status":"publish","type":"post","link":"https:\/\/pointer.com.br\/blog\/festa-no-jardim\/","title":{"rendered":"Festa no jardim: monte uma comemora\u00e7\u00e3o ao ar livre inesquec\u00edvel"},"content":{"rendered":"<p>Para trazer nova vida e mais descontra\u00e7\u00e3o aos momentos de reunir fam\u00edlia e amigos em sua casa, que tal investir em uma festa no jardim? Seja durante o dia ou \u00e0 noite, estar ao ar livre ao lado de boas companhias render\u00e1 algumas horas muito especiais e uma celebra\u00e7\u00e3o memor\u00e1vel.<\/p>\n<p>Anivers\u00e1rios (seu\u00a0ou das crian\u00e7as) e encontros de final de ano est\u00e3o entre as melhores ocasi\u00f5es para uma festa no jardim, mas qualquer evento pode ser comemorado ao ar livre.<\/p>\n<p>Fique atento apenas \u00e0 quantidade de convidados e \u00e0 previs\u00e3o do tempo, para garantir que todos ficar\u00e3o confort\u00e1veis e que a chuva n\u00e3o pegar\u00e1 ningu\u00e9m de surpresa.<\/p>\n<p>Neste post, trouxemos as melhores dicas para ajudar voc\u00ea a organizar a sua festa ao ar livre. Ent\u00e3o, continue a leitura e m\u00e3os \u00e0 obra!<\/p>\n<p><img decoding=\"async\" class=\"mfp-img\" src=\"https:\/\/s3.amazonaws.com\/rockcontent-bucket\/images\/production\/148680-festa-no-jardim-monte-uma-comemoracao-ao-ar-livre-inesquecivel.jpeg?1512416288\" \/><\/p>\n<h2>1. Invista em itens coloridos<\/h2>\n<p>Para aproveitar a descontra\u00e7\u00e3o proporcionada por uma festa no jardim, itens coloridos na decora\u00e7\u00e3o do evento v\u00e3o fazer toda a diferen\u00e7a. <a href=\"https:\/\/pointer.com.br\/blog\/revelamos-8-tendencias-de-cores-que-estarao-em-alta-em-2018\/\" target=\"_blank\">Tons vibrantes e fortes<\/a>\u00a0v\u00e3o se destacar\u00a0em meio \u00e0s demais cores da \u00e1rea externa, especialmente se voc\u00ea tiver muitas plantas e flores.<\/p>\n<p>Bal\u00f5es podem dar um toque especial na festa no jardim. Adapte as cores deles de acordo com o tipo de evento. Celebra\u00e7\u00f5es infantis podem receber bal\u00f5es decorados, estampados com personagens ou em formatos de bichinhos. Em outras festas, tons dourados, brancos e vermelhos ficam incr\u00edveis.<\/p>\n<p>As fitas tamb\u00e9m d\u00e3o um toque especial \u2014 misture v\u00e1rias cores e amarre-as por todo o entorno do jardim, nas \u00e1rvores e plantas mais altas.<\/p>\n<p>Evite usar itens verdes em excesso, pois que essa cor j\u00e1 \u00e9 muito presente no jardim. O vermelho, o rosa e o azul, por exemplo, podem ser ressaltados\u00a0e render\u00a0uma decora\u00e7\u00e3o cheia de estilo e energia!<\/p>\n<p><img decoding=\"async\" class=\"mfp-img\" src=\"https:\/\/s3.amazonaws.com\/rockcontent-bucket\/images\/production\/148681-festa-no-jardim-monte-uma-comemoracao-ao-ar-livre-inesquecivel.jpg?1512416378\" \/><\/p>\n<h2>2. Use flores na decora\u00e7\u00e3o<\/h2>\n<p>Mesmo que voc\u00ea j\u00e1 tenha flores no jardim, elas podem ganhar ainda mais for\u00e7a na decora\u00e7\u00e3o da sua festa. Que tal montar arranjos para as mesas?<\/p>\n<p>Outra ideia interessante \u00e9 organizar alguns vasos que harmonizem entre si em cantinhos especiais no jardim, onde eles se\u00a0destacam.<\/p>\n<p>As flores tamb\u00e9m podem ser uma lembrancinha perfeita da sua festa no jardim. Pequenos arranjos, ou at\u00e9 mesmo <a href=\"https:\/\/pointer.com.br\/blog\/saiba-como-usar-suculentas-na-decoracao\/\" target=\"_blank\">mudinhas<\/a>, s\u00e3o capazes de marcar\u00a0a ocasi\u00e3o para seus convidados.<\/p>\n<p><img decoding=\"async\" class=\"mfp-img\" src=\"https:\/\/s3.amazonaws.com\/rockcontent-bucket\/images\/production\/148688-festa-no-jardim-monte-uma-comemoracao-ao-ar-livre-inesquecivel.jpg?1512416783\" \/><\/p>\n<h2>3. Deixe espa\u00e7o livre para as crian\u00e7as<\/h2>\n<p>Festa no jardim significa muita divers\u00e3o para os pequenos. Por isso, na hora de organizar tudo, n\u00e3o deixe de pensar no espa\u00e7o de que as crian\u00e7as v\u00e3o precisar para as brincadeiras, correndo\u00a0por a\u00ed e aproveitando\u00a0o ar livre.<\/p>\n<p>Voc\u00ea tamb\u00e9m pode montar cantinhos exclusivos para os convidados mais novos, com brinquedos e jogos para eles. \u00c9 interessante tamb\u00e9m que haja uma mesa especial para eles comerem juntos, para que fiquem mais \u00e0 vontade.<\/p>\n<p><img decoding=\"async\" class=\"mfp-img\" src=\"https:\/\/s3.amazonaws.com\/rockcontent-bucket\/images\/production\/148686-festa-no-jardim-monte-uma-comemoracao-ao-ar-livre-inesquecivel.jpg?1512416588\" \/><\/p>\n<h2>4. Preze a seguran\u00e7a dos convidados<\/h2>\n<p>Principalmente <a href=\"https:\/\/pointer.com.br\/blog\/ambientes\/areaexterna\/24\/81\/\" target=\"_blank\">perto da piscina<\/a> ou de outras fontes de \u00e1gua, \u00e9 fundamental estar atento \u00e0 seguran\u00e7a dos convidados durante sua festa no jardim. Caso contr\u00e1rio, a descontra\u00e7\u00e3o logo dar\u00e1 lugar \u00e0 preocupa\u00e7\u00e3o e, no caso dos pequenos, ao choro.<\/p>\n<p>Tente n\u00e3o colocar nada (mesas de comida, cadeiras, brincadeiras) perto das piscinas, evitando assim a circula\u00e7\u00e3o em excesso nesse espa\u00e7o. Se poss\u00edvel, tampe a piscina com uma capa pr\u00f3pria para isso, o que refor\u00e7a ainda mais a seguran\u00e7a.<\/p>\n<div style=\"width: 880px\" class=\"wp-caption aligncenter\"><img loading=\"lazy\" decoding=\"async\" class=\"mfp-img\" src=\"https:\/\/s3.amazonaws.com\/rockcontent-bucket\/images\/production\/152556-festa-no-jardim-monte-uma-comemoracao-ao-ar-livre-inesquecivel.jpg?1513522850\" width=\"870\" height=\"489\" \/><p class=\"wp-caption-text\"><strong>Linha Domino Azul da Pointer. Para trazer \u00e0 sua piscina todo o charme e sofistica\u00e7\u00e3o que sua casa merece<\/strong><\/p><\/div>\n<h2>5. Capriche na ilumina\u00e7\u00e3o<\/h2>\n<p>Se a festa no jardim for durar a noite toda, <a href=\"https:\/\/pointer.com.br\/blog\/cordoes-de-luz\/\" target=\"_blank\">caprichar na ilumina\u00e7\u00e3o<\/a> vai dar um toque especial e \u00fanico \u00e0 decora\u00e7\u00e3o. Pequenas l\u00e2mpadas podem ser penduradas nas \u00e1rvores e plantas, ou colocadas nas mesas e cercas.<\/p>\n<p>Quando o sol cair, elas v\u00e3o proporcionar\u00a0pequenos pontos de luz, iluminando\u00a0o jardim de maneira delicada e suave. Com isso, voc\u00ea ganha um ambiente aconchegante e bel\u00edssimo. Seus convidados v\u00e3o adorar!<\/p>\n<p><img decoding=\"async\" class=\"mfp-img\" src=\"https:\/\/s3.amazonaws.com\/rockcontent-bucket\/images\/production\/148683-festa-no-jardim-monte-uma-comemoracao-ao-ar-livre-inesquecivel.jpg?1512416404\" \/><\/p>\n<p>E ent\u00e3o, pronto para organizar sua festa no jardim? O que voc\u00ea vai comemorar ao ar livre? Tem outras dicas ou d\u00favidas? Deixe seu coment\u00e1rio e conte tudo para a gente!<\/p>\n<p>#VivaSuaCasa #DesignDemocr\u00e1tico #DicaPointer #Decora\u00e7\u00e3o #MaisDesignEmSuaVida<\/p>\n","protected":false},"excerpt":{"rendered":"<p>Para trazer nova vida e mais descontra\u00e7\u00e3o aos momentos de reunir fam\u00edlia e amigos em sua casa, que tal investir em uma festa no jardim? Seja durante o dia ou \u00e0 noite, estar ao ar [&hellip;]<\/p>\n","protected":false},"author":5,"featured_media":2312,"comment_status":"open","ping_status":"open","sticky":false,"template":"","format":"standard","meta":{"footnotes":""},"categories":[10],"tags":[],"class_list":["post-2311","post","type-post","status-publish","format-standard","has-post-thumbnail","hentry","category-dicas-pointer"],"acf":[],"_links":{"self":[{"href":"https:\/\/pointer.com.br\/blog\/wp-json\/wp\/v2\/posts\/2311","targetHints":{"allow":["GET"]}}],"collection":[{"href":"https:\/\/pointer.com.br\/blog\/wp-json\/wp\/v2\/posts"}],"about":[{"href":"https:\/\/pointer.com.br\/blog\/wp-json\/wp\/v2\/types\/post"}],"author":[{"embeddable":true,"href":"https:\/\/pointer.com.br\/blog\/wp-json\/wp\/v2\/users\/5"}],"replies":[{"embeddable":true,"href":"https:\/\/pointer.com.br\/blog\/wp-json\/wp\/v2\/comments?post=2311"}],"version-history":[{"count":3,"href":"https:\/\/pointer.com.br\/blog\/wp-json\/wp\/v2\/posts\/2311\/revisions"}],"predecessor-version":[{"id":2415,"href":"https:\/\/pointer.com.br\/blog\/wp-json\/wp\/v2\/posts\/2311\/revisions\/2415"}],"wp:featuredmedia":[{"embeddable":true,"href":"https:\/\/pointer.com.br\/blog\/wp-json\/wp\/v2\/media\/2312"}],"wp:attachment":[{"href":"https:\/\/pointer.com.br\/blog\/wp-json\/wp\/v2\/media?parent=2311"}],"wp:term":[{"taxonomy":"category","embeddable":true,"href":"https:\/\/pointer.com.br\/blog\/wp-json\/wp\/v2\/categories?post=2311"},{"taxonomy":"post_tag","embeddable":true,"href":"https:\/\/pointer.com.br\/blog\/wp-json\/wp\/v2\/tags?post=2311"}],"curies":[{"name":"wp","href":"https:\/\/api.w.org\/{rel}","templated":true}]}}