{"id":1577,"date":"2017-08-16T09:01:00","date_gmt":"2017-08-16T12:01:00","guid":{"rendered":"https:\/\/pointer.com.br\/blog\/?p=1577\/"},"modified":"2017-12-26T15:28:54","modified_gmt":"2017-12-26T17:28:54","slug":"organizador-de-parede","status":"publish","type":"post","link":"https:\/\/pointer.com.br\/blog\/organizador-de-parede\/","title":{"rendered":"Fa\u00e7a voc\u00ea mesmo: 4 passos para construir um organizador de parede"},"content":{"rendered":"<p>Todo mundo \u00e0s vezes encontra certa dificuldade de <a href=\"https:\/\/pointer.com.br\/blog\/organize-se-e-aproveite-melhor-casa\/?utm_source=blog&amp;utm_campaign=rc_blogpost\" target=\"_blank\">organizar<\/a> adequadamente alguns itens: cintos, \u00f3culos, len\u00e7os ou at\u00e9 mesmo os incont\u00e1veis carregadores e fones de ouvido que todos temos em casa hoje em dia.<\/p>\n<p>Al\u00e9m disso, ordenar direitinho esses itens se torna ainda mais importante quando se trata de uma <a href=\"https:\/\/pointer.com.br\/blog\/apartamento-pequeno\/?utm_source=blog&amp;utm_campaign=rc_blogpost\" target=\"_blank\">casa pequena<\/a> e com <a href=\"https:\/\/pointer.com.br\/blog\/decoracao-de-pequenos-espacos\/?utm_source=blog&amp;utm_campaign=rc_blogpost\" target=\"_blank\">pouco espa\u00e7o<\/a> dispon\u00edvel, certo? A boa not\u00edcia \u00e9 que esse problema tem solu\u00e7\u00e3o!<\/p>\n<p>Um organizador de parede \u00e9 um verdadeiro achado na hora de arrumar a bagun\u00e7a, deixando os itens organizados e \u00e0 mostra. Assim, voc\u00ea n\u00e3o perde tempo buscando uma pe\u00e7a espec\u00edfica\u00a0perdida na gaveta\u00a0ou dentro do arm\u00e1rio.<\/p>\n<p>E o melhor: \u00e9 poss\u00edvel construir seu organizador de parede personalizado de maneira simples e <a href=\"https:\/\/pointer.com.br\/blog\/5-dicas-para-decorar-a-casa-gastando-pouco-2\/?utm_source=blog&amp;utm_campaign=rc_blogpost\" target=\"_blank\">barata<\/a>! Quer saber como? Ent\u00e3o continue a leitura do post de hoje!<\/p>\n<p><img loading=\"lazy\" decoding=\"async\" class=\"aligncenter wp-image-1595 \" src=\"https:\/\/pointer.com.br\/blog\/wp-content\/uploads\/2017\/08\/107959-faca-voce-mesmo-4-passos-para-construir-um-organizador-de-parede.jpeg\" alt=\"107959-faca-voce-mesmo-4-passos-para-construir-um-organizador-de-parede\" width=\"795\" height=\"677\" srcset=\"https:\/\/pointer.com.br\/blog\/wp-content\/uploads\/2017\/08\/107959-faca-voce-mesmo-4-passos-para-construir-um-organizador-de-parede.jpeg 1280w, https:\/\/pointer.com.br\/blog\/wp-content\/uploads\/2017\/08\/107959-faca-voce-mesmo-4-passos-para-construir-um-organizador-de-parede-300x255.jpeg 300w, https:\/\/pointer.com.br\/blog\/wp-content\/uploads\/2017\/08\/107959-faca-voce-mesmo-4-passos-para-construir-um-organizador-de-parede-768x654.jpeg 768w, https:\/\/pointer.com.br\/blog\/wp-content\/uploads\/2017\/08\/107959-faca-voce-mesmo-4-passos-para-construir-um-organizador-de-parede-1024x872.jpeg 1024w\" sizes=\"auto, (max-width: 795px) 100vw, 795px\" \/><\/p>\n<h2>Materiais<\/h2>\n<p>Para fazer seu organizador de <a href=\"https:\/\/pointer.com.br\/blog\/decoracao-para-parede\/?utm_source=blog&amp;utm_campaign=rc_blogpost\" target=\"_blank\">parede<\/a>, voc\u00ea vai precisar de:<\/p>\n<ul>\n<li>cordas coloridas el\u00e1sticas;<\/li>\n<li>verniz ou tinta para madeira;<\/li>\n<li>lixa para madeira;<\/li>\n<li>placas de madeira na quantidade necess\u00e1ria e de acordo com o espa\u00e7o dispon\u00edvel (cada placa se transformar\u00e1 em um organizador);<\/li>\n<li>furadeira;<\/li>\n<li>isqueiro;<\/li>\n<li>grampeadora;<\/li>\n<li>grampos;<\/li>\n<li>ferragem para fixa\u00e7\u00e3o de quadros.<\/li>\n<\/ul>\n<h2>Passo a passo<\/h2>\n<h3>1. Preparando a madeira<\/h3>\n<p>Caso as placas de madeira separadas\u00a0n\u00e3o sejam uniformes ou estejam soltando farpas, lixe-as com cuidado. Al\u00e9m de deixar o aspecto mais bonito e bem-acabado, isso diminui o risco de voc\u00ea se machucar enquanto estiver construindo seu organizador.<\/p>\n<p>Depois, utilizando a furadeira, fa\u00e7a dois buracos:\u00a0um em cada extremidade da placa, afastados um ou\u00a0dois cent\u00edmetros das bordas. Aten\u00e7\u00e3o! \u00c9 preciso utilizar\u00a0brocas de calibre um pouco maior do que as cordas el\u00e1sticas.<\/p>\n<p><img loading=\"lazy\" decoding=\"async\" class=\"aligncenter wp-image-1598 \" src=\"https:\/\/pointer.com.br\/blog\/wp-content\/uploads\/2017\/08\/107961-faca-voce-mesmo-4-passos-para-construir-um-organizador-de-parede.jpg\" alt=\"107961-faca-voce-mesmo-4-passos-para-construir-um-organizador-de-parede\" width=\"797\" height=\"528\" srcset=\"https:\/\/pointer.com.br\/blog\/wp-content\/uploads\/2017\/08\/107961-faca-voce-mesmo-4-passos-para-construir-um-organizador-de-parede.jpg 2000w, https:\/\/pointer.com.br\/blog\/wp-content\/uploads\/2017\/08\/107961-faca-voce-mesmo-4-passos-para-construir-um-organizador-de-parede-300x199.jpg 300w, https:\/\/pointer.com.br\/blog\/wp-content\/uploads\/2017\/08\/107961-faca-voce-mesmo-4-passos-para-construir-um-organizador-de-parede-768x509.jpg 768w, https:\/\/pointer.com.br\/blog\/wp-content\/uploads\/2017\/08\/107961-faca-voce-mesmo-4-passos-para-construir-um-organizador-de-parede-1024x678.jpg 1024w\" sizes=\"auto, (max-width: 797px) 100vw, 797px\" \/><\/p>\n<h3>2. Personalizando o organizador<\/h3>\n<p>Agora \u00e9 o momento de deixar a imagina\u00e7\u00e3o fluir e personalizar o seu organizador. Pinte a madeira de uma\u00a0<a href=\"https:\/\/pointer.com.br\/blog\/paleta-de-cores\/?utm_source=blog&amp;utm_campaign=rc_blogpost\" target=\"_blank\">cor que combine com a paleta<\/a> do ambiente, fa\u00e7a desenhos e texturas. Outra op\u00e7\u00e3o \u00e9 somente\u00a0envernizar, deixando a pe\u00e7a com aspecto mais r\u00fastico.<\/p>\n<p><img loading=\"lazy\" decoding=\"async\" class=\"aligncenter wp-image-1597 \" src=\"https:\/\/pointer.com.br\/blog\/wp-content\/uploads\/2017\/08\/107960-faca-voce-mesmo-4-passos-para-construir-um-organizador-de-parede.jpeg\" alt=\"107960-faca-voce-mesmo-4-passos-para-construir-um-organizador-de-parede\" width=\"801\" height=\"534\" srcset=\"https:\/\/pointer.com.br\/blog\/wp-content\/uploads\/2017\/08\/107960-faca-voce-mesmo-4-passos-para-construir-um-organizador-de-parede.jpeg 1280w, https:\/\/pointer.com.br\/blog\/wp-content\/uploads\/2017\/08\/107960-faca-voce-mesmo-4-passos-para-construir-um-organizador-de-parede-300x200.jpeg 300w, https:\/\/pointer.com.br\/blog\/wp-content\/uploads\/2017\/08\/107960-faca-voce-mesmo-4-passos-para-construir-um-organizador-de-parede-768x512.jpeg 768w, https:\/\/pointer.com.br\/blog\/wp-content\/uploads\/2017\/08\/107960-faca-voce-mesmo-4-passos-para-construir-um-organizador-de-parede-1024x682.jpeg 1024w\" sizes=\"auto, (max-width: 801px) 100vw, 801px\" \/><\/p>\n<h3>3. Fixando a corda<\/h3>\n<p>Me\u00e7a a largura entre os dois furos feitos na placa de madeira e adicione \u00e0 conta tr\u00eas\u00a0ou quatro\u00a0cent\u00edmetros a mais em cada lado, para saber o tamanho ideal no momento de cortar a corda. Depois de cort\u00e1-la,\u00a0sele as extremidades utilizando o isqueiro, para que ela n\u00e3o desfie com o tempo.<\/p>\n<p>Passe cada ponta da corda por um dos furos da madeira, dobrando as extremidades e utilizando a grampeadora para fix\u00e1-las.<\/p>\n<h3>4. Prendendo o organizador na parede<\/h3>\n<p>Feito tudo isso, basta pregar a placa de madeira com a corda el\u00e1stica na parede utilizando a furadeira e a ferragem para fixa\u00e7\u00e3o de quadros. Agora seu organizador de parede j\u00e1 est\u00e1 prontinho para ser utilizado!<\/p>\n<h2>Dicas \u00fateis<\/h2>\n<ul>\n<li>caso seu organizador de parede esteja na cozinha, \u00e9 bom cobrir a madeira com verniz impermeabilizante. Isso garantir\u00e1 que ela dure muito mais tempo e n\u00e3o apodre\u00e7a com a umidade;<\/li>\n<\/ul>\n<p><img loading=\"lazy\" decoding=\"async\" class=\"aligncenter wp-image-1599 \" src=\"https:\/\/pointer.com.br\/blog\/wp-content\/uploads\/2017\/08\/107962-faca-voce-mesmo-4-passos-para-construir-um-organizador-de-parede.jpeg\" alt=\"107962-faca-voce-mesmo-4-passos-para-construir-um-organizador-de-parede\" width=\"802\" height=\"533\" srcset=\"https:\/\/pointer.com.br\/blog\/wp-content\/uploads\/2017\/08\/107962-faca-voce-mesmo-4-passos-para-construir-um-organizador-de-parede.jpeg 1280w, https:\/\/pointer.com.br\/blog\/wp-content\/uploads\/2017\/08\/107962-faca-voce-mesmo-4-passos-para-construir-um-organizador-de-parede-300x199.jpeg 300w, https:\/\/pointer.com.br\/blog\/wp-content\/uploads\/2017\/08\/107962-faca-voce-mesmo-4-passos-para-construir-um-organizador-de-parede-768x510.jpeg 768w, https:\/\/pointer.com.br\/blog\/wp-content\/uploads\/2017\/08\/107962-faca-voce-mesmo-4-passos-para-construir-um-organizador-de-parede-1024x680.jpeg 1024w\" sizes=\"auto, (max-width: 802px) 100vw, 802px\" \/><\/p>\n<ul>\n<li>se voc\u00ea substituir a corda el\u00e1stica por uma corda de juta e alguns miniprendedores, a placa de madeira pode se transformar em um lindo varal de fotos;<\/li>\n<li>sua casa tem <a href=\"https:\/\/pointer.com.br\/blog\/decoracao-para-casas-pequenas-saiba-como-aproveitar-o-espaco\/?utm_source=blog&amp;utm_campaign=rc_blogpost\" target=\"_blank\">pouco espa\u00e7o dispon\u00edvel<\/a> nas paredes? Fixe seu organizador na parte interna dos arm\u00e1rios!<\/li>\n<\/ul>\n<p>J\u00e1 est\u00e1 cheio de ideias para fazer voc\u00ea mesmo seu organizador de parede? Ent\u00e3o que tal compartilhar este post em suas redes sociais? Assim, \u00e9 poss\u00edvel espalhar essa boa ideia, fazendo-a chegar a mais pessoas interessadas!<\/p>\n","protected":false},"excerpt":{"rendered":"<p>Todo mundo \u00e0s vezes encontra certa dificuldade de organizar adequadamente alguns itens: cintos, \u00f3culos, len\u00e7os ou at\u00e9 mesmo os incont\u00e1veis carregadores e fones de ouvido que todos temos em casa hoje em dia. Al\u00e9m disso, [&hellip;]<\/p>\n","protected":false},"author":5,"featured_media":1579,"comment_status":"open","ping_status":"open","sticky":false,"template":"","format":"standard","meta":{"footnotes":""},"categories":[16],"tags":[],"class_list":["post-1577","post","type-post","status-publish","format-standard","has-post-thumbnail","hentry","category-dicas-e-tendencias-de-decoracao"],"acf":[],"_links":{"self":[{"href":"https:\/\/pointer.com.br\/blog\/wp-json\/wp\/v2\/posts\/1577","targetHints":{"allow":["GET"]}}],"collection":[{"href":"https:\/\/pointer.com.br\/blog\/wp-json\/wp\/v2\/posts"}],"about":[{"href":"https:\/\/pointer.com.br\/blog\/wp-json\/wp\/v2\/types\/post"}],"author":[{"embeddable":true,"href":"https:\/\/pointer.com.br\/blog\/wp-json\/wp\/v2\/users\/5"}],"replies":[{"embeddable":true,"href":"https:\/\/pointer.com.br\/blog\/wp-json\/wp\/v2\/comments?post=1577"}],"version-history":[{"count":4,"href":"https:\/\/pointer.com.br\/blog\/wp-json\/wp\/v2\/posts\/1577\/revisions"}],"predecessor-version":[{"id":1760,"href":"https:\/\/pointer.com.br\/blog\/wp-json\/wp\/v2\/posts\/1577\/revisions\/1760"}],"wp:featuredmedia":[{"embeddable":true,"href":"https:\/\/pointer.com.br\/blog\/wp-json\/wp\/v2\/media\/1579"}],"wp:attachment":[{"href":"https:\/\/pointer.com.br\/blog\/wp-json\/wp\/v2\/media?parent=1577"}],"wp:term":[{"taxonomy":"category","embeddable":true,"href":"https:\/\/pointer.com.br\/blog\/wp-json\/wp\/v2\/categories?post=1577"},{"taxonomy":"post_tag","embeddable":true,"href":"https:\/\/pointer.com.br\/blog\/wp-json\/wp\/v2\/tags?post=1577"}],"curies":[{"name":"wp","href":"https:\/\/api.w.org\/{rel}","templated":true}]}}