{"id":1552,"date":"2017-08-28T09:00:52","date_gmt":"2017-08-28T12:00:52","guid":{"rendered":"https:\/\/pointer.com.br\/blog\/?p=1552\/"},"modified":"2017-08-28T10:51:46","modified_gmt":"2017-08-28T13:51:46","slug":"varanda-de-apartamento","status":"publish","type":"post","link":"https:\/\/pointer.com.br\/blog\/varanda-de-apartamento\/","title":{"rendered":"6 segredos para uma decora\u00e7\u00e3o de varanda de apartamento impec\u00e1vel"},"content":{"rendered":"<p>Se voc\u00ea acha a sua varanda <a href=\"https:\/\/pointer.com.br\/blog\/decoracao-de-pequenos-espacos\/?utm_source=blog&amp;utm_campaign=rc_blogpost\">pequena<\/a> e sem gra\u00e7a, mas n\u00e3o faz ideia de como come\u00e7ar a repaginar esse espa\u00e7o para deix\u00e1-lo mais bonito, vai gostar deste post.<\/p>\n<p>Trouxemos alguns segredos de decora\u00e7\u00e3o que v\u00e3o transformar a varanda de apartamento no seu ambiente favorito, sem que voc\u00ea precise gastar uma fortuna para isso. Ficou curioso? Ent\u00e3o continue a leitura e descubra!<\/p>\n<h2>1. Defina o estilo da varanda de apartamento<\/h2>\n<p>O primeiro e mais importante segredo para acertar em cheio nessa decora\u00e7\u00e3o \u00e9 definir com precis\u00e3o o <a href=\"https:\/\/pointer.com.br\/blog\/estilos-de-decoracao-reformar\/?utm_source=blog&amp;utm_campaign=rc_blogpost\">estilo<\/a> que voc\u00ea pretende adotar. A partir da\u00ed, fica f\u00e1cil escolher cada elemento e compor o ambiente.<\/p>\n<p>Se o seu desejo \u00e9 ter um local zen e conectado \u00e0 natureza, escolha cores que transmitam tranquilidade, estofados bem confort\u00e1veis e plantas e flores que complementam essa ideia de harmonia.<\/p>\n<p>Mas se voc\u00ea quer uma atmosfera extrovertida a fim de receber os amigos, deve optar por cores mais vivas, <a href=\"https:\/\/pointer.com.br\/blog\/decoracao-para-parede\/?utm_source=blog&amp;utm_campaign=rc_blogpost\">quadros e p\u00f4steres<\/a> divertidos e mob\u00edlia pr\u00e1tica para ganhar espa\u00e7o.<\/p>\n<p><img loading=\"lazy\" decoding=\"async\" class=\"aligncenter wp-image-1648 \" src=\"https:\/\/pointer.com.br\/blog\/wp-content\/uploads\/2017\/08\/106934-6-segredos-para-uma-decoracao-de-varanda-de-apartamento-impecavel.jpg\" alt=\"106934-6-segredos-para-uma-decoracao-de-varanda-de-apartamento-impecavel\" width=\"777\" height=\"437\" srcset=\"https:\/\/pointer.com.br\/blog\/wp-content\/uploads\/2017\/08\/106934-6-segredos-para-uma-decoracao-de-varanda-de-apartamento-impecavel.jpg 1920w, https:\/\/pointer.com.br\/blog\/wp-content\/uploads\/2017\/08\/106934-6-segredos-para-uma-decoracao-de-varanda-de-apartamento-impecavel-300x169.jpg 300w, https:\/\/pointer.com.br\/blog\/wp-content\/uploads\/2017\/08\/106934-6-segredos-para-uma-decoracao-de-varanda-de-apartamento-impecavel-768x432.jpg 768w, https:\/\/pointer.com.br\/blog\/wp-content\/uploads\/2017\/08\/106934-6-segredos-para-uma-decoracao-de-varanda-de-apartamento-impecavel-1024x576.jpg 1024w\" sizes=\"auto, (max-width: 777px) 100vw, 777px\" \/><\/p>\n<h2>2. Use a ilumina\u00e7\u00e3o a favor do ambiente<\/h2>\n<p>A luz da varanda costuma ser a \u00faltima preocupa\u00e7\u00e3o dos moradores, uma vez que esse espa\u00e7o j\u00e1 recebe o brilho do sol. No entanto, o papel da ilumina\u00e7\u00e3o \u00e9 fundamental se voc\u00ea pretende aproveitar a varanda \u00e0 noite. Por sorte, as op\u00e7\u00f5es s\u00e3o diversas, e voc\u00ea pode fazer isso complementando o estilo que quer dar ao lugar.<\/p>\n<p>D\u00e1 para brincar com a disposi\u00e7\u00e3o das luzes, deixando tudo bem harmonioso. Por exemplo, \u00e9 poss\u00edvel instalar pendentes no teto, arandelas nas paredes laterais e lumin\u00e1rias com trip\u00e9s, ou at\u00e9 mesmo espalhar velas pelo ambiente.<\/p>\n<h2>3. Escolha os revestimentos com aten\u00e7\u00e3o<\/h2>\n<p>Os pisos escolhidos tamb\u00e9m fazem diferen\u00e7a na hora de criar o clima ideal na varanda de apartamento. Voc\u00ea pode escolher op\u00e7\u00f5es texturizadas, que <a href=\"https:\/\/pointer.com.br\/blog\/piso-que-imita-pedra\/?utm_source=blog&amp;utm_campaign=rc_blogpost\">reproduzem pedras<\/a>, madeira ou cimento, por exemplo, criando uma atmosfera confort\u00e1vel.<\/p>\n<p>J\u00e1 os revestimentos das paredes podem ser estampados \u2014 dando um ar de sofistica\u00e7\u00e3o ao espa\u00e7o \u2014 ou algo mais neutro, se a inten\u00e7\u00e3o for atrair a aten\u00e7\u00e3o para a mob\u00edlia e os itens de decora\u00e7\u00e3o.<\/p>\n<p><img loading=\"lazy\" decoding=\"async\" class=\"aligncenter size-full wp-image-1650\" src=\"https:\/\/pointer.com.br\/blog\/wp-content\/uploads\/2017\/08\/106932-6-segredos-para-uma-decoracao-de-varanda-de-apartamento-impecavel.jpg\" alt=\"106932-6-segredos-para-uma-decoracao-de-varanda-de-apartamento-impecavel\" width=\"1000\" height=\"563\" srcset=\"https:\/\/pointer.com.br\/blog\/wp-content\/uploads\/2017\/08\/106932-6-segredos-para-uma-decoracao-de-varanda-de-apartamento-impecavel.jpg 1000w, https:\/\/pointer.com.br\/blog\/wp-content\/uploads\/2017\/08\/106932-6-segredos-para-uma-decoracao-de-varanda-de-apartamento-impecavel-300x169.jpg 300w, https:\/\/pointer.com.br\/blog\/wp-content\/uploads\/2017\/08\/106932-6-segredos-para-uma-decoracao-de-varanda-de-apartamento-impecavel-768x432.jpg 768w\" sizes=\"auto, (max-width: 1000px) 100vw, 1000px\" \/><\/p>\n<h2>4. Use plantas para compor a decora\u00e7\u00e3o<\/h2>\n<p>Criar um jardim na varanda \u00e9 sempre uma boa pedida, trazendo um pouco de frescor ao apartamento.<\/p>\n<p>No entanto, se a ideia de cultivar a vegeta\u00e7\u00e3o n\u00e3o agrada, lembre-se de que h\u00e1 esp\u00e9cies de plantas que requerem o m\u00ednimo de cuidados \u2014 sem falar nas <a href=\"https:\/\/pointer.com.br\/blog\/plantas-artificiais\/?utm_source=blog&amp;utm_campaign=rc_blogpost\">op\u00e7\u00f5es artificiais<\/a>.<\/p>\n<p>Al\u00e9m disso, a disposi\u00e7\u00e3o dos itens pelo espa\u00e7o n\u00e3o precisa ser t\u00e3o tradicional. Voc\u00ea pode criar um jardim vertical em uma das paredes ou colocar cachep\u00f4s sobre a mesa. Posicionar vasos grandes nos cantos ou pendurar algumas plantas em suportes no teto tamb\u00e9m s\u00e3o \u00f3timas op\u00e7\u00f5es. \u00c9 s\u00f3 usar a criatividade!<\/p>\n<h2>5. Decore com almofadas e pufes<\/h2>\n<p>Esses s\u00e3o elementos vers\u00e1teis e atemporais e conversam muito bem com qualquer ambiente social, dando um ar intimista e aconchegante.<\/p>\n<p>Se n\u00e3o houver espa\u00e7o para sof\u00e1s ou poltronas, experimente colocar algumas almofadas e pufes sobre o pr\u00f3prio piso ou um tapete. Assim, voc\u00ea cria uma atmosfera despojada e convidativa para reunir os amigos.<\/p>\n<h2>6. Opte por m\u00f3veis planejados<\/h2>\n<p>Quando a \u00e1rea da varanda de apartamento \u00e9 pequena, \u00e9 preciso utilizar m\u00e9todos que tragam amplitude sem abrir m\u00e3o da funcionalidade. Nesse sentido, escolher <a href=\"https:\/\/pointer.com.br\/blog\/moveis-para-area-externa\/?utm_source=blog&amp;utm_campaign=rc_blogpost\">m\u00f3veis para \u00e1rea externa<\/a> que sejam planejados \u00e9 uma carta na manga.<\/p>\n<p><img loading=\"lazy\" decoding=\"async\" class=\"aligncenter wp-image-1651 \" src=\"https:\/\/pointer.com.br\/blog\/wp-content\/uploads\/2017\/08\/106929-6-segredos-para-uma-decoracao-de-varanda-de-apartamento-impecavel.jpg\" alt=\"106929-6-segredos-para-uma-decoracao-de-varanda-de-apartamento-impecavel\" width=\"796\" height=\"448\" srcset=\"https:\/\/pointer.com.br\/blog\/wp-content\/uploads\/2017\/08\/106929-6-segredos-para-uma-decoracao-de-varanda-de-apartamento-impecavel.jpg 1920w, https:\/\/pointer.com.br\/blog\/wp-content\/uploads\/2017\/08\/106929-6-segredos-para-uma-decoracao-de-varanda-de-apartamento-impecavel-300x169.jpg 300w, https:\/\/pointer.com.br\/blog\/wp-content\/uploads\/2017\/08\/106929-6-segredos-para-uma-decoracao-de-varanda-de-apartamento-impecavel-768x432.jpg 768w, https:\/\/pointer.com.br\/blog\/wp-content\/uploads\/2017\/08\/106929-6-segredos-para-uma-decoracao-de-varanda-de-apartamento-impecavel-1024x576.jpg 1024w\" sizes=\"auto, (max-width: 796px) 100vw, 796px\" \/><\/p>\n<p>Mas se essa alternativa extrapolar seu or\u00e7amento, voc\u00ea pode buscar mobili\u00e1rios multifuncionais, pois eles tamb\u00e9m ajudam a compor o espa\u00e7o de maneira estrat\u00e9gica.<\/p>\n<p>Agora que revelamos os melhores segredos para deixar a decora\u00e7\u00e3o da varanda do seu apartamento impec\u00e1vel, compartilhe este post nas redes sociais. Assim, seus amigos tamb\u00e9m poder\u00e3o aproveitar as nossas dicas!<\/p>\n","protected":false},"excerpt":{"rendered":"<p>Se voc\u00ea acha a sua varanda pequena e sem gra\u00e7a, mas n\u00e3o faz ideia de como come\u00e7ar a repaginar esse espa\u00e7o para deix\u00e1-lo mais bonito, vai gostar deste post. Trouxemos alguns segredos de decora\u00e7\u00e3o que [&hellip;]<\/p>\n","protected":false},"author":5,"featured_media":1554,"comment_status":"open","ping_status":"open","sticky":false,"template":"","format":"standard","meta":{"footnotes":""},"categories":[16],"tags":[],"class_list":["post-1552","post","type-post","status-publish","format-standard","has-post-thumbnail","hentry","category-dicas-e-tendencias-de-decoracao"],"acf":[],"_links":{"self":[{"href":"https:\/\/pointer.com.br\/blog\/wp-json\/wp\/v2\/posts\/1552","targetHints":{"allow":["GET"]}}],"collection":[{"href":"https:\/\/pointer.com.br\/blog\/wp-json\/wp\/v2\/posts"}],"about":[{"href":"https:\/\/pointer.com.br\/blog\/wp-json\/wp\/v2\/types\/post"}],"author":[{"embeddable":true,"href":"https:\/\/pointer.com.br\/blog\/wp-json\/wp\/v2\/users\/5"}],"replies":[{"embeddable":true,"href":"https:\/\/pointer.com.br\/blog\/wp-json\/wp\/v2\/comments?post=1552"}],"version-history":[{"count":5,"href":"https:\/\/pointer.com.br\/blog\/wp-json\/wp\/v2\/posts\/1552\/revisions"}],"predecessor-version":[{"id":1750,"href":"https:\/\/pointer.com.br\/blog\/wp-json\/wp\/v2\/posts\/1552\/revisions\/1750"}],"wp:featuredmedia":[{"embeddable":true,"href":"https:\/\/pointer.com.br\/blog\/wp-json\/wp\/v2\/media\/1554"}],"wp:attachment":[{"href":"https:\/\/pointer.com.br\/blog\/wp-json\/wp\/v2\/media?parent=1552"}],"wp:term":[{"taxonomy":"category","embeddable":true,"href":"https:\/\/pointer.com.br\/blog\/wp-json\/wp\/v2\/categories?post=1552"},{"taxonomy":"post_tag","embeddable":true,"href":"https:\/\/pointer.com.br\/blog\/wp-json\/wp\/v2\/tags?post=1552"}],"curies":[{"name":"wp","href":"https:\/\/api.w.org\/{rel}","templated":true}]}}